{"id":18820,"date":"2025-11-28T14:52:01","date_gmt":"2025-11-28T20:52:01","guid":{"rendered":"https:\/\/www.rgvbusinessjournal.com\/news\/15\/07\/2026\/cientos-de-compradores-del-black-friday-en-el-centro-comercial-outlet-de-mercedes-mientras-que-la-mayoria-de-las-ciudades-del-valle-registran-un-aumento-de-los-ingresos-por-el-impuesto-so\/"},"modified":"2026-07-15T16:04:44","modified_gmt":"2026-07-15T21:04:44","slug":"cientos-de-compradores-del-black-friday-en-el-centro-comercial-outlet-de-mercedes-mientras-que-la-mayoria-de-las-ciudades-del-valle-registran-un-aumento-de-los-ingresos-por-el-impuesto-so","status":"publish","type":"post","link":"https:\/\/www.rgvbusinessjournal.com\/es\/news\/28\/11\/2025\/cientos-de-compradores-del-black-friday-en-el-centro-comercial-outlet-de-mercedes-mientras-que-la-mayoria-de-las-ciudades-del-valle-registran-un-aumento-de-los-ingresos-por-el-impuesto-so\/","title":{"rendered":"Cientos de compradores del \u00abBlack Friday\u00bb en el centro comercial outlet de Mercedes, mientras que la mayor\u00eda de las ciudades del Valle registran un aumento de los ingresos por el impuesto sobre las ventas"},"content":{"rendered":"\n<p class=\"wp-block-paragraph\">Jessica Garza se despert\u00f3 a las 5 de la ma\u00f1ana del Viernes Negro para empezar sus compras navide\u00f1as en el Rio Grande Valley Premium Outlets.\u00a0<\/p>\n\n\n\n<p class=\"wp-block-paragraph\">Garza, natural de Mission, coment\u00f3 que era la primera vez que visitaba el centro comercial al aire libre de Mercedes y que, por lo general, conduce casi cinco horas hasta el San Marcos Premium Outlets o, con mayor frecuencia, prefiere comprar por Internet.\u00a0<\/p>\n\n\n\n<figure class=\"wp-block-embed alignright is-type-video is-provider-tiktok wp-block-embed-tiktok\"><div class=\"wp-block-embed__wrapper\">\n<blockquote class=\"tiktok-embed\" cite=\"https:\/\/www.tiktok.com\/@rgvbizjournal\/video\/7577814663673515294\" data-video-id=\"7577814663673515294\" data-embed-from=\"oembed\" style=\"max-width:605px; min-width:325px;\"> <section> <a target=\"_blank\" title=\"@rgvbizjournal\" href=\"https:\/\/www.tiktok.com\/@rgvbizjournal?refer=embed\">@rgvbizjournal<\/a> <p>News reporter @kmosbruckergarza spoke with shoppers on blackfridayas the start of the holiday season in <a title=\"mercedes\" target=\"_blank\" href=\"https:\/\/www.tiktok.com\/tag\/mercedes?refer=embed\">#Mercedes<\/a> Texas at the Rio Grande Valley Premium Outlets. Some say the discounts are not as deep and the sales are better online and prefer to wait for Cyber Monday. <a title=\"956\" target=\"_blank\" href=\"https:\/\/www.tiktok.com\/tag\/956?refer=embed\">#956<\/a> <a title=\"rgv\" target=\"_blank\" href=\"https:\/\/www.tiktok.com\/tag\/rgv?refer=embed\">#RGV<\/a> <a title=\"riograndevalley\" target=\"_blank\" href=\"https:\/\/www.tiktok.com\/tag\/riograndevalley?refer=embed\">#riograndevalley<\/a> <a title=\"southtexas\" target=\"_blank\" href=\"https:\/\/www.tiktok.com\/tag\/southtexas?refer=embed\">#SouthTexas<\/a> <a title=\"holidayshopping\" target=\"_blank\" href=\"https:\/\/www.tiktok.com\/tag\/holidayshopping?refer=embed\">#holidayshopping<\/a> <a title=\"retail\" target=\"_blank\" href=\"https:\/\/www.tiktok.com\/tag\/retail?refer=embed\">#retail<\/a><\/p> <a target=\"_blank\" title=\"\u266c original sound - RGVBizJournal - RGVBizJournal\" href=\"https:\/\/www.tiktok.com\/music\/original-sound-RGVBizJournal-7577814608560360223?refer=embed\">\u266c original sound &#8211; RGVBizJournal &#8211; RGVBizJournal<\/a> <\/section> <\/blockquote> <script async src=\"https:\/\/www.tiktok.com\/embed.js\"><\/script>\n<\/div><\/figure>\n\n\n\n<p class=\"wp-block-paragraph\">Pero las ofertas en tienda no ofrec\u00edan descuentos tan grandes como los que ella recuerda de las ofertas estrella de a\u00f1os anteriores: no m\u00e1s del 50 % de descuento en ropa.\u00a0<\/p>\n\n\n\n<p class=\"wp-block-paragraph\">\u00abYa no es como antes. Al final no estuvo mal, pero tampoco fue nada del otro mundo\u00bb, dijo Garza. \u00abAntes hab\u00eda colas enormes, gente esperando por todas partes, solo para conseguir esa ganga de verdad. Ya no vemos eso. Sobre todo con nuestra econom\u00eda y los precios subiendo tanto. Ya es muy dif\u00edcil encontrar algo que realmente merezca la pena\u00bb.\u00a0<\/p>\n\n\n\n<p class=\"wp-block-paragraph\">Al final, s\u00ed que compr\u00f3 un pijama de 5 d\u00f3lares y algunos regalos de Navidad para ella y sus hijos, pero tiene pensado quedarse en casa el a\u00f1o que viene para aprovechar las ofertas del Cyber Monday.\u00a0<\/p>\n\n\n\n<p class=\"wp-block-paragraph\">Sin embargo, el viernes a las 9 de la ma\u00f1ana, el aparcamiento del Rio Grande Valley Premium Outlets segu\u00eda lleno de veh\u00edculos, muchos de ellos con matr\u00edculas mexicanas.\u00a0<\/p>\n\n\n\n<p class=\"wp-block-paragraph\">Cientos de compradores llevaban bolsas con marcas estadounidenses, y en algunas tiendas todav\u00eda hab\u00eda colas que sal\u00edan a la calle para limitar el n\u00famero de clientes que pod\u00edan estar dentro en un momento dado. A media ma\u00f1ana, m\u00e1s compradores llegaban en coche al aparcamiento, buscando una plaza libre.\u00a0<\/p>\n\n\n\n<p class=\"wp-block-paragraph\">Los compradores del centro comercial outlet de Mercedes generan importantes ingresos para las arcas municipales. En 2024, se asignaron a Mercedes 9,3 millones de d\u00f3lares en concepto de ingresos por impuestos sobre las ventas y el uso, seg\u00fan los registros de la Contralor\u00eda de Texas. Este a\u00f1o, la ciudad ha recaudado hasta la fecha 8,6 millones de d\u00f3lares en concepto de impuestos sobre las ventas y el uso.\u00a0<\/p>\n\n\n<div class=\"wp-block-image\">\n<figure class=\"alignleft size-large is-resized\"><img loading=\"lazy\" decoding=\"async\" width=\"1024\" height=\"768\" src=\"https:\/\/www.rgvbusinessjournal.com\/wp-content\/uploads\/2025\/11\/Shops-in-Mercedes_Marshalls_underconstruction-1024x768.jpeg\" alt=\"\" class=\"wp-image-5250\" style=\"width:469px;height:auto\" srcset=\"https:\/\/www.rgvbusinessjournal.com\/wp-content\/uploads\/2025\/11\/Shops-in-Mercedes_Marshalls_underconstruction-1024x768.jpeg 1024w, https:\/\/www.rgvbusinessjournal.com\/wp-content\/uploads\/2025\/11\/Shops-in-Mercedes_Marshalls_underconstruction-300x225.jpeg 300w, https:\/\/www.rgvbusinessjournal.com\/wp-content\/uploads\/2025\/11\/Shops-in-Mercedes_Marshalls_underconstruction-768x576.jpeg 768w, https:\/\/www.rgvbusinessjournal.com\/wp-content\/uploads\/2025\/11\/Shops-in-Mercedes_Marshalls_underconstruction-647x485.jpeg 647w, https:\/\/www.rgvbusinessjournal.com\/wp-content\/uploads\/2025\/11\/Shops-in-Mercedes_Marshalls_underconstruction-307x230.jpeg 307w, https:\/\/www.rgvbusinessjournal.com\/wp-content\/uploads\/2025\/11\/Shops-in-Mercedes_Marshalls_underconstruction.jpeg 1236w\" sizes=\"auto, (max-width: 1024px) 100vw, 1024px\" \/><figcaption class=\"wp-element-caption\"><br>Las obras de construcci\u00f3n de un nuevo centro comercial junto a los outlets ya est\u00e1n en marcha. Cr\u00e9dito de la foto | Kristen Mosbrucker-Garza<\/figcaption><\/figure>\n<\/div>\n\n\n<p class=\"wp-block-paragraph\">Justo al lado del centro comercial outlet hay un nuevo centro comercial en construcci\u00f3n.\u00a0<\/p>\n\n\n\n<p class=\"wp-block-paragraph\">Se prev\u00e9 que <a href=\"https:\/\/www.tdlr.texas.gov\/TABS\/Search\/Project\/TABS2026001790\">\u00abThe Shops at Mercedes<\/a>\u00bb, un proyecto de Merit Commercial Real Estate, tenga una superficie de 250 000 pies cuadrados. Una tienda de Marshalls, con una inversi\u00f3n de 32,7 millones de d\u00f3lares, ser\u00e1 el principal atractivo del centro comercial, que contar\u00e1 adem\u00e1s con Burlington, Boot Barn, Rack Room Shoes, DD\u2019s Discount y Ross.\u00a0<\/p>\n\n\n\n<p class=\"wp-block-paragraph\">Las autoridades municipales de Mercedes <a href=\"https:\/\/www.facebook.com\/photo\/?fbid=966054892356615&amp;set=a.395363806092396\">estiman que la inversi\u00f3n total durante la pr\u00f3xima d\u00e9cada ascender\u00e1 a casi 53 millones de d\u00f3lares<\/a>, la mayor parte de la cual procede de los ingresos por impuestos sobre la propiedad y sobre las ventas.\u00a0<\/p>\n\n\n\n<figure class=\"wp-block-embed is-type-wp-embed is-provider-flourish wp-block-embed-flourish\"><div class=\"wp-block-embed__wrapper\">\n<iframe loading=\"lazy\" class=\"wp-embedded-content\" sandbox=\"allow-scripts\" security=\"restricted\" title=\"Interactive or visual content\" src=\"https:\/\/flo.uri.sh\/visualisation\/26517195\/embed#?secret=hxM4Fhvxca\" data-secret=\"hxM4Fhvxca\" frameborder=\"0\" scrolling=\"no\" height=\"575\" width=\"700\"><\/iframe>\n<\/div><\/figure>\n\n\n\n<p class=\"wp-block-paragraph\">Durante el \u00faltimo a\u00f1o, la ciudad del Valle del R\u00edo Grande que registr\u00f3 el mayor incremento en los ingresos por impuestos locales sobre las ventas y el consumo fue Port Isabel, que recaud\u00f3 3,9 millones de d\u00f3lares, lo que supone un aumento del 15,3 % con respecto a 2024. Edinburg registr\u00f3 un aumento del 12,9 % en los impuestos sobre las ventas y el consumo, lo que supuso un total de 39,7 millones de d\u00f3lares para sus arcas.\u00a0<\/p>\n\n\n\n<p class=\"wp-block-paragraph\">Harlingen registr\u00f3 un aumento del 5,3 %, hasta alcanzar los 33,4 millones de d\u00f3lares; Weslaco registr\u00f3 un aumento del 4,5 %, hasta los 19,5 millones de d\u00f3lares; Mission experiment\u00f3 un incremento del 4,4 %, hasta los 26,7 millones de d\u00f3lares; Pharr creci\u00f3 un 3,7 %, hasta los 28 millones de d\u00f3lares, y McAllen alcanz\u00f3 los 91,7 millones de d\u00f3lares, lo que supone un aumento de poco menos del 3 %.\u00a0<\/p>\n","protected":false},"excerpt":{"rendered":"<p>Cientos de compradores abarrotaron el centro comercial outlet de Mercedes el Viernes Negro, mientras que las ciudades de todo el Valle del R\u00edo Grande registraban un aumento de los ingresos por impuestos sobre las ventas y el consumo de cara a la temporada navide\u00f1a.<\/p>\n","protected":false},"author":9,"featured_media":18825,"comment_status":"closed","ping_status":"closed","sticky":false,"template":"","format":"standard","meta":{"_acf_changed":false,"post_views_count":0,"footnotes":""},"categories":[2376],"tags":[],"class_list":["post-18820","post","type-post","status-publish","format-standard","has-post-thumbnail","hentry","category-comercio-minorista-es"],"acf":{"is_features_post":[],"is_sponser":[],"hide_author":[],"hide_author_biography":[]},"yoast_head":"<!-- This site is optimized with the Yoast SEO Premium plugin v28.3 (Yoast SEO v28.3) - https:\/\/yoast.com\/product\/yoast-seo-premium-wordpress\/ -->\n<title>Cientos de compradores del \u00abBlack Friday\u00bb en el centro comercial outlet de Mercedes, mientras que la mayor\u00eda de las ciudades del Valle registran un aumento de los ingresos por el impuesto sobre las ventas<\/title>\n<meta name=\"robots\" content=\"index, follow, max-snippet:-1, max-image-preview:large, max-video-preview:-1\" \/>\n<link rel=\"canonical\" href=\"https:\/\/www.rgvbusinessjournal.com\/es\/news\/28\/11\/2025\/cientos-de-compradores-del-black-friday-en-el-centro-comercial-outlet-de-mercedes-mientras-que-la-mayoria-de-las-ciudades-del-valle-registran-un-aumento-de-los-ingresos-por-el-impuesto-so\/\" \/>\n<meta property=\"og:locale\" content=\"es_ES\" \/>\n<meta property=\"og:type\" content=\"article\" \/>\n<meta property=\"og:title\" content=\"Cientos de compradores del \u00abBlack Friday\u00bb en el centro comercial outlet de Mercedes, mientras que la mayor\u00eda de las ciudades del Valle registran un aumento de los ingresos por el impuesto sobre las ventas\" \/>\n<meta property=\"og:description\" content=\"RGV Business Journal covers business news in the Rio Grande Valley of Texas and the Mexican cities of Reynosa and Matamoros.\" \/>\n<meta property=\"og:url\" content=\"https:\/\/www.rgvbusinessjournal.com\/es\/news\/28\/11\/2025\/cientos-de-compradores-del-black-friday-en-el-centro-comercial-outlet-de-mercedes-mientras-que-la-mayoria-de-las-ciudades-del-valle-registran-un-aumento-de-los-ingresos-por-el-impuesto-so\/\" \/>\n<meta property=\"og:site_name\" content=\"Rio Grande Valley Business Journal\" \/>\n<meta property=\"article:publisher\" content=\"https:\/\/www.facebook.com\/RGVBizJournal\/\" \/>\n<meta property=\"article:published_time\" content=\"2025-11-28T20:52:01+00:00\" \/>\n<meta property=\"article:modified_time\" content=\"2026-07-15T21:04:44+00:00\" \/>\n<meta property=\"og:image\" content=\"https:\/\/www.rgvbusinessjournal.com\/wp-content\/uploads\/2025\/11\/BlackFridayShoppersMercedes2025_2.jpeg\" \/>\n\t<meta property=\"og:image:width\" content=\"1572\" \/>\n\t<meta property=\"og:image:height\" content=\"1179\" \/>\n\t<meta property=\"og:image:type\" content=\"image\/jpeg\" \/>\n<meta name=\"author\" content=\"Kristen Mosbrucker-Garza\" \/>\n<meta name=\"twitter:card\" content=\"summary_large_image\" \/>\n<meta name=\"twitter:creator\" content=\"@https:\/\/x.com\/k_mosbrucker\" \/>\n<meta name=\"twitter:site\" content=\"@RGVBizJournal\" \/>\n<meta name=\"twitter:label1\" content=\"Written by\" \/>\n\t<meta name=\"twitter:data1\" content=\"Kristen Mosbrucker-Garza\" \/>\n\t<meta name=\"twitter:label2\" content=\"Est. reading time\" \/>\n\t<meta name=\"twitter:data2\" content=\"3 minutes\" \/>\n<script type=\"application\/ld+json\" class=\"yoast-schema-graph\">{\"@context\":\"https:\\\/\\\/schema.org\",\"@graph\":[{\"@type\":\"NewsArticle\",\"@id\":\"https:\\\/\\\/www.rgvbusinessjournal.com\\\/es\\\/news\\\/28\\\/11\\\/2025\\\/cientos-de-compradores-del-black-friday-en-el-centro-comercial-outlet-de-mercedes-mientras-que-la-mayoria-de-las-ciudades-del-valle-registran-un-aumento-de-los-ingresos-por-el-impuesto-so\\\/#article\",\"isPartOf\":{\"@id\":\"https:\\\/\\\/www.rgvbusinessjournal.com\\\/es\\\/news\\\/28\\\/11\\\/2025\\\/cientos-de-compradores-del-black-friday-en-el-centro-comercial-outlet-de-mercedes-mientras-que-la-mayoria-de-las-ciudades-del-valle-registran-un-aumento-de-los-ingresos-por-el-impuesto-so\\\/\"},\"author\":{\"name\":\"Kristen Mosbrucker-Garza\",\"@id\":\"https:\\\/\\\/www.rgvbusinessjournal.com\\\/es\\\/#\\\/schema\\\/person\\\/1376cd922f977ffee643018dfd80e4fe\"},\"headline\":\"Cientos de compradores del \u00abBlack Friday\u00bb en el centro comercial outlet de Mercedes, mientras que la mayor\u00eda de las ciudades del Valle registran un aumento de los ingresos por el impuesto sobre las ventas\",\"datePublished\":\"2025-11-28T20:52:01+00:00\",\"dateModified\":\"2026-07-15T21:04:44+00:00\",\"mainEntityOfPage\":{\"@id\":\"https:\\\/\\\/www.rgvbusinessjournal.com\\\/es\\\/news\\\/28\\\/11\\\/2025\\\/cientos-de-compradores-del-black-friday-en-el-centro-comercial-outlet-de-mercedes-mientras-que-la-mayoria-de-las-ciudades-del-valle-registran-un-aumento-de-los-ingresos-por-el-impuesto-so\\\/\"},\"wordCount\":679,\"publisher\":{\"@id\":\"https:\\\/\\\/www.rgvbusinessjournal.com\\\/es\\\/#organization\"},\"image\":{\"@id\":\"https:\\\/\\\/www.rgvbusinessjournal.com\\\/es\\\/news\\\/28\\\/11\\\/2025\\\/cientos-de-compradores-del-black-friday-en-el-centro-comercial-outlet-de-mercedes-mientras-que-la-mayoria-de-las-ciudades-del-valle-registran-un-aumento-de-los-ingresos-por-el-impuesto-so\\\/#primaryimage\"},\"thumbnailUrl\":\"https:\\\/\\\/www.rgvbusinessjournal.com\\\/wp-content\\\/uploads\\\/2025\\\/11\\\/BlackFridayShoppersMercedes2025_2.jpeg\",\"articleSection\":[\"Comercio minorista\"],\"inLanguage\":\"es-ES\"},{\"@type\":\"WebPage\",\"@id\":\"https:\\\/\\\/www.rgvbusinessjournal.com\\\/es\\\/news\\\/28\\\/11\\\/2025\\\/cientos-de-compradores-del-black-friday-en-el-centro-comercial-outlet-de-mercedes-mientras-que-la-mayoria-de-las-ciudades-del-valle-registran-un-aumento-de-los-ingresos-por-el-impuesto-so\\\/\",\"url\":\"https:\\\/\\\/www.rgvbusinessjournal.com\\\/es\\\/news\\\/28\\\/11\\\/2025\\\/cientos-de-compradores-del-black-friday-en-el-centro-comercial-outlet-de-mercedes-mientras-que-la-mayoria-de-las-ciudades-del-valle-registran-un-aumento-de-los-ingresos-por-el-impuesto-so\\\/\",\"name\":\"Cientos de compradores del \u00abBlack Friday\u00bb en el centro comercial outlet de Mercedes, mientras que la mayor\u00eda de las ciudades del Valle registran un aumento de los ingresos por el impuesto sobre las ventas\",\"isPartOf\":{\"@id\":\"https:\\\/\\\/www.rgvbusinessjournal.com\\\/es\\\/#website\"},\"primaryImageOfPage\":{\"@id\":\"https:\\\/\\\/www.rgvbusinessjournal.com\\\/es\\\/news\\\/28\\\/11\\\/2025\\\/cientos-de-compradores-del-black-friday-en-el-centro-comercial-outlet-de-mercedes-mientras-que-la-mayoria-de-las-ciudades-del-valle-registran-un-aumento-de-los-ingresos-por-el-impuesto-so\\\/#primaryimage\"},\"image\":{\"@id\":\"https:\\\/\\\/www.rgvbusinessjournal.com\\\/es\\\/news\\\/28\\\/11\\\/2025\\\/cientos-de-compradores-del-black-friday-en-el-centro-comercial-outlet-de-mercedes-mientras-que-la-mayoria-de-las-ciudades-del-valle-registran-un-aumento-de-los-ingresos-por-el-impuesto-so\\\/#primaryimage\"},\"thumbnailUrl\":\"https:\\\/\\\/www.rgvbusinessjournal.com\\\/wp-content\\\/uploads\\\/2025\\\/11\\\/BlackFridayShoppersMercedes2025_2.jpeg\",\"datePublished\":\"2025-11-28T20:52:01+00:00\",\"dateModified\":\"2026-07-15T21:04:44+00:00\",\"breadcrumb\":{\"@id\":\"https:\\\/\\\/www.rgvbusinessjournal.com\\\/es\\\/news\\\/28\\\/11\\\/2025\\\/cientos-de-compradores-del-black-friday-en-el-centro-comercial-outlet-de-mercedes-mientras-que-la-mayoria-de-las-ciudades-del-valle-registran-un-aumento-de-los-ingresos-por-el-impuesto-so\\\/#breadcrumb\"},\"inLanguage\":\"es-ES\",\"potentialAction\":[{\"@type\":\"ReadAction\",\"target\":[\"https:\\\/\\\/www.rgvbusinessjournal.com\\\/es\\\/news\\\/28\\\/11\\\/2025\\\/cientos-de-compradores-del-black-friday-en-el-centro-comercial-outlet-de-mercedes-mientras-que-la-mayoria-de-las-ciudades-del-valle-registran-un-aumento-de-los-ingresos-por-el-impuesto-so\\\/\"]}]},{\"@type\":\"ImageObject\",\"inLanguage\":\"es-ES\",\"@id\":\"https:\\\/\\\/www.rgvbusinessjournal.com\\\/es\\\/news\\\/28\\\/11\\\/2025\\\/cientos-de-compradores-del-black-friday-en-el-centro-comercial-outlet-de-mercedes-mientras-que-la-mayoria-de-las-ciudades-del-valle-registran-un-aumento-de-los-ingresos-por-el-impuesto-so\\\/#primaryimage\",\"url\":\"https:\\\/\\\/www.rgvbusinessjournal.com\\\/wp-content\\\/uploads\\\/2025\\\/11\\\/BlackFridayShoppersMercedes2025_2.jpeg\",\"contentUrl\":\"https:\\\/\\\/www.rgvbusinessjournal.com\\\/wp-content\\\/uploads\\\/2025\\\/11\\\/BlackFridayShoppersMercedes2025_2.jpeg\",\"width\":1572,\"height\":1179,\"caption\":\"Los compradores pasean por el centro comercial Rio Grande Valley Premium Outlets, en Mercedes, lo que refleja los cambios m\u00e1s generales en el gasto minorista transfronterizo que ponen de relieve los datos del Banco de la Reserva Federal de Dallas. Cr\u00e9dito de la foto | Kristen Mosbrucker-Garza\"},{\"@type\":\"BreadcrumbList\",\"@id\":\"https:\\\/\\\/www.rgvbusinessjournal.com\\\/es\\\/news\\\/28\\\/11\\\/2025\\\/cientos-de-compradores-del-black-friday-en-el-centro-comercial-outlet-de-mercedes-mientras-que-la-mayoria-de-las-ciudades-del-valle-registran-un-aumento-de-los-ingresos-por-el-impuesto-so\\\/#breadcrumb\",\"itemListElement\":[{\"@type\":\"ListItem\",\"position\":1,\"name\":\"Home\",\"item\":\"https:\\\/\\\/www.rgvbusinessjournal.com\\\/es\\\/inicio\\\/\"},{\"@type\":\"ListItem\",\"position\":2,\"name\":\"Cientos de compradores del \u00abBlack Friday\u00bb en el centro comercial outlet de Mercedes, mientras que la mayor\u00eda de las ciudades del Valle registran un aumento de los ingresos por el impuesto sobre las ventas\"}]},{\"@type\":\"WebSite\",\"@id\":\"https:\\\/\\\/www.rgvbusinessjournal.com\\\/es\\\/#website\",\"url\":\"https:\\\/\\\/www.rgvbusinessjournal.com\\\/es\\\/\",\"name\":\"Rio Grande Valley Business Journal\",\"description\":\"\",\"publisher\":{\"@id\":\"https:\\\/\\\/www.rgvbusinessjournal.com\\\/es\\\/#organization\"},\"potentialAction\":[{\"@type\":\"SearchAction\",\"target\":{\"@type\":\"EntryPoint\",\"urlTemplate\":\"https:\\\/\\\/www.rgvbusinessjournal.com\\\/es\\\/?s={search_term_string}\"},\"query-input\":{\"@type\":\"PropertyValueSpecification\",\"valueRequired\":true,\"valueName\":\"search_term_string\"}}],\"inLanguage\":\"es-ES\"},{\"@type\":\"Organization\",\"@id\":\"https:\\\/\\\/www.rgvbusinessjournal.com\\\/es\\\/#organization\",\"name\":\"Rio Grande Valley Business Journal\",\"alternateName\":\"RGV Business Journal\",\"url\":\"https:\\\/\\\/www.rgvbusinessjournal.com\\\/es\\\/\",\"logo\":{\"@type\":\"ImageObject\",\"inLanguage\":\"es-ES\",\"@id\":\"https:\\\/\\\/www.rgvbusinessjournal.com\\\/es\\\/#\\\/schema\\\/logo\\\/image\\\/\",\"url\":\"https:\\\/\\\/www.rgvbusinessjournal.com\\\/wp-content\\\/uploads\\\/2026\\\/01\\\/535504352_122102206586984207_2702720257970470495_n.jpg\",\"contentUrl\":\"https:\\\/\\\/www.rgvbusinessjournal.com\\\/wp-content\\\/uploads\\\/2026\\\/01\\\/535504352_122102206586984207_2702720257970470495_n.jpg\",\"width\":1000,\"height\":1000,\"caption\":\"Rio Grande Valley Business Journal\"},\"image\":{\"@id\":\"https:\\\/\\\/www.rgvbusinessjournal.com\\\/es\\\/#\\\/schema\\\/logo\\\/image\\\/\"},\"sameAs\":[\"https:\\\/\\\/www.facebook.com\\\/RGVBizJournal\\\/\",\"https:\\\/\\\/x.com\\\/RGVBizJournal\",\"https:\\\/\\\/www.linkedin.com\\\/company\\\/rio-grande-valley-business-journal\\\/\",\"https:\\\/\\\/www.youtube.com\\\/@RGVBizJournal\",\"https:\\\/\\\/www.instagram.com\\\/rgvbiznews\\\/\",\"https:\\\/\\\/www.tiktok.com\\\/@rgvbizjournal\"],\"description\":\"The Rio Grande Valley Business Journal is a digital-first newsroom focused on business, economic trends, real estate, healthcare, and regional developments in South Texas (Cameron, Hidalgo, Starr, and Willacy counties) and nearby Mexican industrial cities like Reynosa and Matamoros. It provides impartial reporting, data analyses, and insights for decision-makers in a fast-growing binational corridor home to nearly three million people and billions in annual trade.\",\"naics\":\"511110\"},{\"@type\":\"Person\",\"@id\":\"https:\\\/\\\/www.rgvbusinessjournal.com\\\/es\\\/#\\\/schema\\\/person\\\/1376cd922f977ffee643018dfd80e4fe\",\"name\":\"Kristen Mosbrucker-Garza\",\"image\":{\"@type\":\"ImageObject\",\"inLanguage\":\"es-ES\",\"@id\":\"https:\\\/\\\/secure.gravatar.com\\\/avatar\\\/0c54cb83d9e41d1f662de342b3813388e5e6f1bf42430d140f5474f4aaa4eb7c?s=96&r=g\",\"url\":\"https:\\\/\\\/secure.gravatar.com\\\/avatar\\\/0c54cb83d9e41d1f662de342b3813388e5e6f1bf42430d140f5474f4aaa4eb7c?s=96&r=g\",\"contentUrl\":\"https:\\\/\\\/secure.gravatar.com\\\/avatar\\\/0c54cb83d9e41d1f662de342b3813388e5e6f1bf42430d140f5474f4aaa4eb7c?s=96&r=g\",\"caption\":\"Kristen Mosbrucker-Garza\"},\"description\":\"Kristen Mosbrucker-Garza is a versatile multimedia news reporter who lives and works along the Texas-Mexico border in Hidalgo County. Mosbrucker-Garza is a news reporter for the Rio Grande Valley Business Journal. During her career she's worked for the McAllen Monitor, San Antonio Business Journal, The Advocate Newspaper in Louisiana, Phoenix New Times, and public media outlets in Baltimore and Philadelphia.\",\"sameAs\":[\"https:\\\/\\\/www.linkedin.com\\\/in\\\/kristen-mosbrucker-garza-0ab307137\\\/\",\"https:\\\/\\\/x.com\\\/https:\\\/\\\/x.com\\\/k_mosbrucker\"],\"url\":\"https:\\\/\\\/www.rgvbusinessjournal.com\\\/es\\\/news\\\/author\\\/kmosbrucker\\\/\"}]}<\/script>\n<!-- \/ Yoast SEO Premium plugin. -->","yoast_head_json":{"title":"Cientos de compradores del \u00abBlack Friday\u00bb en el centro comercial outlet de Mercedes, mientras que la mayor\u00eda de las ciudades del Valle registran un aumento de los ingresos por el impuesto sobre las ventas","robots":{"index":"index","follow":"follow","max-snippet":"max-snippet:-1","max-image-preview":"max-image-preview:large","max-video-preview":"max-video-preview:-1"},"canonical":"https:\/\/www.rgvbusinessjournal.com\/es\/news\/28\/11\/2025\/cientos-de-compradores-del-black-friday-en-el-centro-comercial-outlet-de-mercedes-mientras-que-la-mayoria-de-las-ciudades-del-valle-registran-un-aumento-de-los-ingresos-por-el-impuesto-so\/","og_locale":"es_ES","og_type":"article","og_title":"Cientos de compradores del \u00abBlack Friday\u00bb en el centro comercial outlet de Mercedes, mientras que la mayor\u00eda de las ciudades del Valle registran un aumento de los ingresos por el impuesto sobre las ventas","og_description":"RGV Business Journal covers business news in the Rio Grande Valley of Texas and the Mexican cities of Reynosa and Matamoros.","og_url":"https:\/\/www.rgvbusinessjournal.com\/es\/news\/28\/11\/2025\/cientos-de-compradores-del-black-friday-en-el-centro-comercial-outlet-de-mercedes-mientras-que-la-mayoria-de-las-ciudades-del-valle-registran-un-aumento-de-los-ingresos-por-el-impuesto-so\/","og_site_name":"Rio Grande Valley Business Journal","article_publisher":"https:\/\/www.facebook.com\/RGVBizJournal\/","article_published_time":"2025-11-28T20:52:01+00:00","article_modified_time":"2026-07-15T21:04:44+00:00","og_image":[{"width":1572,"height":1179,"url":"https:\/\/www.rgvbusinessjournal.com\/wp-content\/uploads\/2025\/11\/BlackFridayShoppersMercedes2025_2.jpeg","type":"image\/jpeg"}],"author":"Kristen Mosbrucker-Garza","twitter_card":"summary_large_image","twitter_creator":"@https:\/\/x.com\/k_mosbrucker","twitter_site":"@RGVBizJournal","twitter_misc":{"Written by":"Kristen Mosbrucker-Garza","Est. reading time":"3 minutes"},"schema":{"@context":"https:\/\/schema.org","@graph":[{"@type":"NewsArticle","@id":"https:\/\/www.rgvbusinessjournal.com\/es\/news\/28\/11\/2025\/cientos-de-compradores-del-black-friday-en-el-centro-comercial-outlet-de-mercedes-mientras-que-la-mayoria-de-las-ciudades-del-valle-registran-un-aumento-de-los-ingresos-por-el-impuesto-so\/#article","isPartOf":{"@id":"https:\/\/www.rgvbusinessjournal.com\/es\/news\/28\/11\/2025\/cientos-de-compradores-del-black-friday-en-el-centro-comercial-outlet-de-mercedes-mientras-que-la-mayoria-de-las-ciudades-del-valle-registran-un-aumento-de-los-ingresos-por-el-impuesto-so\/"},"author":{"name":"Kristen Mosbrucker-Garza","@id":"https:\/\/www.rgvbusinessjournal.com\/es\/#\/schema\/person\/1376cd922f977ffee643018dfd80e4fe"},"headline":"Cientos de compradores del \u00abBlack Friday\u00bb en el centro comercial outlet de Mercedes, mientras que la mayor\u00eda de las ciudades del Valle registran un aumento de los ingresos por el impuesto sobre las ventas","datePublished":"2025-11-28T20:52:01+00:00","dateModified":"2026-07-15T21:04:44+00:00","mainEntityOfPage":{"@id":"https:\/\/www.rgvbusinessjournal.com\/es\/news\/28\/11\/2025\/cientos-de-compradores-del-black-friday-en-el-centro-comercial-outlet-de-mercedes-mientras-que-la-mayoria-de-las-ciudades-del-valle-registran-un-aumento-de-los-ingresos-por-el-impuesto-so\/"},"wordCount":679,"publisher":{"@id":"https:\/\/www.rgvbusinessjournal.com\/es\/#organization"},"image":{"@id":"https:\/\/www.rgvbusinessjournal.com\/es\/news\/28\/11\/2025\/cientos-de-compradores-del-black-friday-en-el-centro-comercial-outlet-de-mercedes-mientras-que-la-mayoria-de-las-ciudades-del-valle-registran-un-aumento-de-los-ingresos-por-el-impuesto-so\/#primaryimage"},"thumbnailUrl":"https:\/\/www.rgvbusinessjournal.com\/wp-content\/uploads\/2025\/11\/BlackFridayShoppersMercedes2025_2.jpeg","articleSection":["Comercio minorista"],"inLanguage":"es-ES"},{"@type":"WebPage","@id":"https:\/\/www.rgvbusinessjournal.com\/es\/news\/28\/11\/2025\/cientos-de-compradores-del-black-friday-en-el-centro-comercial-outlet-de-mercedes-mientras-que-la-mayoria-de-las-ciudades-del-valle-registran-un-aumento-de-los-ingresos-por-el-impuesto-so\/","url":"https:\/\/www.rgvbusinessjournal.com\/es\/news\/28\/11\/2025\/cientos-de-compradores-del-black-friday-en-el-centro-comercial-outlet-de-mercedes-mientras-que-la-mayoria-de-las-ciudades-del-valle-registran-un-aumento-de-los-ingresos-por-el-impuesto-so\/","name":"Cientos de compradores del \u00abBlack Friday\u00bb en el centro comercial outlet de Mercedes, mientras que la mayor\u00eda de las ciudades del Valle registran un aumento de los ingresos por el impuesto sobre las ventas","isPartOf":{"@id":"https:\/\/www.rgvbusinessjournal.com\/es\/#website"},"primaryImageOfPage":{"@id":"https:\/\/www.rgvbusinessjournal.com\/es\/news\/28\/11\/2025\/cientos-de-compradores-del-black-friday-en-el-centro-comercial-outlet-de-mercedes-mientras-que-la-mayoria-de-las-ciudades-del-valle-registran-un-aumento-de-los-ingresos-por-el-impuesto-so\/#primaryimage"},"image":{"@id":"https:\/\/www.rgvbusinessjournal.com\/es\/news\/28\/11\/2025\/cientos-de-compradores-del-black-friday-en-el-centro-comercial-outlet-de-mercedes-mientras-que-la-mayoria-de-las-ciudades-del-valle-registran-un-aumento-de-los-ingresos-por-el-impuesto-so\/#primaryimage"},"thumbnailUrl":"https:\/\/www.rgvbusinessjournal.com\/wp-content\/uploads\/2025\/11\/BlackFridayShoppersMercedes2025_2.jpeg","datePublished":"2025-11-28T20:52:01+00:00","dateModified":"2026-07-15T21:04:44+00:00","breadcrumb":{"@id":"https:\/\/www.rgvbusinessjournal.com\/es\/news\/28\/11\/2025\/cientos-de-compradores-del-black-friday-en-el-centro-comercial-outlet-de-mercedes-mientras-que-la-mayoria-de-las-ciudades-del-valle-registran-un-aumento-de-los-ingresos-por-el-impuesto-so\/#breadcrumb"},"inLanguage":"es-ES","potentialAction":[{"@type":"ReadAction","target":["https:\/\/www.rgvbusinessjournal.com\/es\/news\/28\/11\/2025\/cientos-de-compradores-del-black-friday-en-el-centro-comercial-outlet-de-mercedes-mientras-que-la-mayoria-de-las-ciudades-del-valle-registran-un-aumento-de-los-ingresos-por-el-impuesto-so\/"]}]},{"@type":"ImageObject","inLanguage":"es-ES","@id":"https:\/\/www.rgvbusinessjournal.com\/es\/news\/28\/11\/2025\/cientos-de-compradores-del-black-friday-en-el-centro-comercial-outlet-de-mercedes-mientras-que-la-mayoria-de-las-ciudades-del-valle-registran-un-aumento-de-los-ingresos-por-el-impuesto-so\/#primaryimage","url":"https:\/\/www.rgvbusinessjournal.com\/wp-content\/uploads\/2025\/11\/BlackFridayShoppersMercedes2025_2.jpeg","contentUrl":"https:\/\/www.rgvbusinessjournal.com\/wp-content\/uploads\/2025\/11\/BlackFridayShoppersMercedes2025_2.jpeg","width":1572,"height":1179,"caption":"Los compradores pasean por el centro comercial Rio Grande Valley Premium Outlets, en Mercedes, lo que refleja los cambios m\u00e1s generales en el gasto minorista transfronterizo que ponen de relieve los datos del Banco de la Reserva Federal de Dallas. Cr\u00e9dito de la foto | Kristen Mosbrucker-Garza"},{"@type":"BreadcrumbList","@id":"https:\/\/www.rgvbusinessjournal.com\/es\/news\/28\/11\/2025\/cientos-de-compradores-del-black-friday-en-el-centro-comercial-outlet-de-mercedes-mientras-que-la-mayoria-de-las-ciudades-del-valle-registran-un-aumento-de-los-ingresos-por-el-impuesto-so\/#breadcrumb","itemListElement":[{"@type":"ListItem","position":1,"name":"Home","item":"https:\/\/www.rgvbusinessjournal.com\/es\/inicio\/"},{"@type":"ListItem","position":2,"name":"Cientos de compradores del \u00abBlack Friday\u00bb en el centro comercial outlet de Mercedes, mientras que la mayor\u00eda de las ciudades del Valle registran un aumento de los ingresos por el impuesto sobre las ventas"}]},{"@type":"WebSite","@id":"https:\/\/www.rgvbusinessjournal.com\/es\/#website","url":"https:\/\/www.rgvbusinessjournal.com\/es\/","name":"Rio Grande Valley Business Journal","description":"","publisher":{"@id":"https:\/\/www.rgvbusinessjournal.com\/es\/#organization"},"potentialAction":[{"@type":"SearchAction","target":{"@type":"EntryPoint","urlTemplate":"https:\/\/www.rgvbusinessjournal.com\/es\/?s={search_term_string}"},"query-input":{"@type":"PropertyValueSpecification","valueRequired":true,"valueName":"search_term_string"}}],"inLanguage":"es-ES"},{"@type":"Organization","@id":"https:\/\/www.rgvbusinessjournal.com\/es\/#organization","name":"Rio Grande Valley Business Journal","alternateName":"RGV Business Journal","url":"https:\/\/www.rgvbusinessjournal.com\/es\/","logo":{"@type":"ImageObject","inLanguage":"es-ES","@id":"https:\/\/www.rgvbusinessjournal.com\/es\/#\/schema\/logo\/image\/","url":"https:\/\/www.rgvbusinessjournal.com\/wp-content\/uploads\/2026\/01\/535504352_122102206586984207_2702720257970470495_n.jpg","contentUrl":"https:\/\/www.rgvbusinessjournal.com\/wp-content\/uploads\/2026\/01\/535504352_122102206586984207_2702720257970470495_n.jpg","width":1000,"height":1000,"caption":"Rio Grande Valley Business Journal"},"image":{"@id":"https:\/\/www.rgvbusinessjournal.com\/es\/#\/schema\/logo\/image\/"},"sameAs":["https:\/\/www.facebook.com\/RGVBizJournal\/","https:\/\/x.com\/RGVBizJournal","https:\/\/www.linkedin.com\/company\/rio-grande-valley-business-journal\/","https:\/\/www.youtube.com\/@RGVBizJournal","https:\/\/www.instagram.com\/rgvbiznews\/","https:\/\/www.tiktok.com\/@rgvbizjournal"],"description":"The Rio Grande Valley Business Journal is a digital-first newsroom focused on business, economic trends, real estate, healthcare, and regional developments in South Texas (Cameron, Hidalgo, Starr, and Willacy counties) and nearby Mexican industrial cities like Reynosa and Matamoros. It provides impartial reporting, data analyses, and insights for decision-makers in a fast-growing binational corridor home to nearly three million people and billions in annual trade.","naics":"511110"},{"@type":"Person","@id":"https:\/\/www.rgvbusinessjournal.com\/es\/#\/schema\/person\/1376cd922f977ffee643018dfd80e4fe","name":"Kristen Mosbrucker-Garza","image":{"@type":"ImageObject","inLanguage":"es-ES","@id":"https:\/\/secure.gravatar.com\/avatar\/0c54cb83d9e41d1f662de342b3813388e5e6f1bf42430d140f5474f4aaa4eb7c?s=96&r=g","url":"https:\/\/secure.gravatar.com\/avatar\/0c54cb83d9e41d1f662de342b3813388e5e6f1bf42430d140f5474f4aaa4eb7c?s=96&r=g","contentUrl":"https:\/\/secure.gravatar.com\/avatar\/0c54cb83d9e41d1f662de342b3813388e5e6f1bf42430d140f5474f4aaa4eb7c?s=96&r=g","caption":"Kristen Mosbrucker-Garza"},"description":"Kristen Mosbrucker-Garza is a versatile multimedia news reporter who lives and works along the Texas-Mexico border in Hidalgo County. Mosbrucker-Garza is a news reporter for the Rio Grande Valley Business Journal. During her career she's worked for the McAllen Monitor, San Antonio Business Journal, The Advocate Newspaper in Louisiana, Phoenix New Times, and public media outlets in Baltimore and Philadelphia.","sameAs":["https:\/\/www.linkedin.com\/in\/kristen-mosbrucker-garza-0ab307137\/","https:\/\/x.com\/https:\/\/x.com\/k_mosbrucker"],"url":"https:\/\/www.rgvbusinessjournal.com\/es\/news\/author\/kmosbrucker\/"}]}},"preview_block_count":4,"is_paywalled":false,"_links":{"self":[{"href":"https:\/\/www.rgvbusinessjournal.com\/es\/wp-json\/wp\/v2\/posts\/18820","targetHints":{"allow":["GET"]}}],"collection":[{"href":"https:\/\/www.rgvbusinessjournal.com\/es\/wp-json\/wp\/v2\/posts"}],"about":[{"href":"https:\/\/www.rgvbusinessjournal.com\/es\/wp-json\/wp\/v2\/types\/post"}],"author":[{"embeddable":true,"href":"https:\/\/www.rgvbusinessjournal.com\/es\/wp-json\/wp\/v2\/users\/9"}],"replies":[{"embeddable":true,"href":"https:\/\/www.rgvbusinessjournal.com\/es\/wp-json\/wp\/v2\/comments?post=18820"}],"version-history":[{"count":1,"href":"https:\/\/www.rgvbusinessjournal.com\/es\/wp-json\/wp\/v2\/posts\/18820\/revisions"}],"predecessor-version":[{"id":20174,"href":"https:\/\/www.rgvbusinessjournal.com\/es\/wp-json\/wp\/v2\/posts\/18820\/revisions\/20174"}],"wp:featuredmedia":[{"embeddable":true,"href":"https:\/\/www.rgvbusinessjournal.com\/es\/wp-json\/wp\/v2\/media\/18825"}],"wp:attachment":[{"href":"https:\/\/www.rgvbusinessjournal.com\/es\/wp-json\/wp\/v2\/media?parent=18820"}],"wp:term":[{"taxonomy":"category","embeddable":true,"href":"https:\/\/www.rgvbusinessjournal.com\/es\/wp-json\/wp\/v2\/categories?post=18820"},{"taxonomy":"post_tag","embeddable":true,"href":"https:\/\/www.rgvbusinessjournal.com\/es\/wp-json\/wp\/v2\/tags?post=18820"}],"curies":[{"name":"wp","href":"https:\/\/api.w.org\/{rel}","templated":true}]}}