{"id":18899,"date":"2026-05-21T00:05:51","date_gmt":"2026-05-21T05:05:51","guid":{"rendered":"https:\/\/www.rgvbusinessjournal.com\/news\/15\/07\/2026\/el-aeropuerto-de-mcallen-obtiene-una-subvencion-federal-de-7-millones-de-dolares-para-la-ampliacion-de-la-terminal\/"},"modified":"2026-07-15T16:01:18","modified_gmt":"2026-07-15T21:01:18","slug":"el-aeropuerto-de-mcallen-obtiene-una-subvencion-federal-de-7-millones-de-dolares-para-la-ampliacion-de-la-terminal","status":"publish","type":"post","link":"https:\/\/www.rgvbusinessjournal.com\/es\/news\/21\/05\/2026\/el-aeropuerto-de-mcallen-obtiene-una-subvencion-federal-de-7-millones-de-dolares-para-la-ampliacion-de-la-terminal\/","title":{"rendered":"El aeropuerto de McAllen obtiene una subvenci\u00f3n federal de 7 millones de d\u00f3lares para la ampliaci\u00f3n de la terminal"},"content":{"rendered":"\n<p class=\"wp-block-paragraph\">El Aeropuerto Internacional de McAllen ha obtenido 7 millones de d\u00f3lares en financiaci\u00f3n federal para respaldar los esfuerzos de ampliaci\u00f3n de la terminal de pasajeros, a medida que el tr\u00e1fico aeroportuario y las oportunidades de servicios a\u00e9reos siguen creciendo en todo el Valle del R\u00edo Grande.\u00a0\u00a0<\/p>\n\n\n\n<p class=\"wp-block-paragraph\">La financiaci\u00f3n procede del Programa de Terminales Aeroportuarias de la Administraci\u00f3n Federal de Aviaci\u00f3n, en el marco de la Ley de Inversi\u00f3n en Infraestructuras y Empleo, y contribuir\u00e1 a mejorar la capacidad de las terminales, modernizar las infraestructuras y mejorar la experiencia de los pasajeros, seg\u00fan anunciaron el mi\u00e9rcoles los responsables del aeropuerto.\u00a0\u00a0<\/p>\n\n\n<div class=\"wp-block-image\">\n<figure class=\"alignright size-full is-resized\"><img loading=\"lazy\" decoding=\"async\" width=\"109\" height=\"166\" src=\"https:\/\/www.rgvbusinessjournal.com\/wp-content\/uploads\/2026\/05\/B66219A8-0423-41AA-8CAB-C70662AF50F0_4_5005_c.jpeg\" alt=\"Javier Villalobos\" class=\"wp-image-14640\" style=\"width:135px;height:auto\" \/><figcaption class=\"wp-element-caption\">Javier Villalobos<\/figcaption><\/figure>\n<\/div>\n\n\n<p class=\"wp-block-paragraph\">\u00abGracias a nuestros socios federales y a los cargos electos por su apoyo constante al Aeropuerto Internacional de McAllen y al importante papel que desempe\u00f1a a la hora de conectar a nuestra comunidad, nuestra regi\u00f3n y a los viajeros internacionales\u00bb, declar\u00f3 el mi\u00e9rcoles el alcalde de McAllen, Javier Villalobos, en un comunicado de prensa. \u00abCon millones de pasajeros que pasan por nuestra terminal cada a\u00f1o, el MFE da servicio a un p\u00fablico muy diverso que incluye a turistas, profesionales de negocios y visitantes binacionales que contribuyen a la vitalidad econ\u00f3mica del sur de Texas\u00bb.\u00a0\u00a0<\/p>\n\n\n\n<p class=\"wp-block-paragraph\">El aeropuerto da servicio a m\u00e1s de 1,1 millones de pasajeros al a\u00f1o y se ha consolidado como un activo clave en materia de transporte, vinculado al comercio, el turismo y la conectividad binacional en el sur de Texas. Los responsables del aeropuerto han se\u00f1alado que la inversi\u00f3n tiene como objetivo preparar las instalaciones para el futuro crecimiento del n\u00famero de pasajeros y para nuevas oportunidades de servicios a\u00e9reos.\u00a0\u00a0<\/p>\n\n\n<div class=\"wp-block-image\">\n<figure class=\"alignleft size-full is-resized\"><img loading=\"lazy\" decoding=\"async\" width=\"398\" height=\"566\" src=\"https:\/\/www.rgvbusinessjournal.com\/wp-content\/uploads\/2025\/12\/city-manager-picture-202543181b61aefc64f6a389ff0000525e9b.jpeg\" alt=\"Foto de Isaac J. Tawil\" class=\"wp-image-5960\" style=\"width:134px;height:auto\" srcset=\"https:\/\/www.rgvbusinessjournal.com\/wp-content\/uploads\/2025\/12\/city-manager-picture-202543181b61aefc64f6a389ff0000525e9b.jpeg 398w, https:\/\/www.rgvbusinessjournal.com\/wp-content\/uploads\/2025\/12\/city-manager-picture-202543181b61aefc64f6a389ff0000525e9b-211x300.jpeg 211w, https:\/\/www.rgvbusinessjournal.com\/wp-content\/uploads\/2025\/12\/city-manager-picture-202543181b61aefc64f6a389ff0000525e9b-341x485.jpeg 341w, https:\/\/www.rgvbusinessjournal.com\/wp-content\/uploads\/2025\/12\/city-manager-picture-202543181b61aefc64f6a389ff0000525e9b-162x230.jpeg 162w\" sizes=\"auto, (max-width: 398px) 100vw, 398px\" \/><figcaption class=\"wp-element-caption\">Isaac J. Tawil<\/figcaption><\/figure>\n<\/div>\n\n\n<p class=\"wp-block-paragraph\">\u00abA medida que el tr\u00e1fico de pasajeros y las oportunidades de servicio a\u00e9reo siguen creciendo, inversiones como esta son fundamentales para garantizar que nuestro aeropuerto est\u00e9 preparado para satisfacer las necesidades futuras tanto de los viajeros como de nuestra regi\u00f3n\u00bb, afirm\u00f3 Isaac J. Tawil, administrador municipal de McAllen, en el comunicado. \u00abEl Aeropuerto Internacional de McAllen es m\u00e1s que una simple infraestructura de transporte: es una puerta de entrada fundamental para el comercio, el turismo y la conectividad regional\u00bb.\u00a0\u00a0<\/p>\n\n\n\n<p class=\"wp-block-paragraph\">El director del aeropuerto, Jeremy Santoscoy, afirm\u00f3 que el proyecto supone una inversi\u00f3n a largo plazo en la infraestructura aeroportuaria, dado que el n\u00famero de pasajeros sigue aumentando.<\/p>\n\n\n<div class=\"wp-block-image\">\n<figure class=\"alignright size-full is-resized\"><img loading=\"lazy\" decoding=\"async\" width=\"229\" height=\"370\" src=\"https:\/\/www.rgvbusinessjournal.com\/wp-content\/uploads\/2026\/05\/8342660F-09B6-49FB-8A0A-F057526B4891_4_5005_c.jpeg\" alt=\"Jeremy Santoscoy\" class=\"wp-image-14641\" style=\"width:129px;height:auto\" srcset=\"https:\/\/www.rgvbusinessjournal.com\/wp-content\/uploads\/2026\/05\/8342660F-09B6-49FB-8A0A-F057526B4891_4_5005_c.jpeg 229w, https:\/\/www.rgvbusinessjournal.com\/wp-content\/uploads\/2026\/05\/8342660F-09B6-49FB-8A0A-F057526B4891_4_5005_c-186x300.jpeg 186w, https:\/\/www.rgvbusinessjournal.com\/wp-content\/uploads\/2026\/05\/8342660F-09B6-49FB-8A0A-F057526B4891_4_5005_c-142x230.jpeg 142w\" sizes=\"auto, (max-width: 229px) 100vw, 229px\" \/><figcaption class=\"wp-element-caption\">Jeremy Santoscoy<\/figcaption><\/figure>\n<\/div>\n\n\n<p class=\"wp-block-paragraph\">\u00abEl notable crecimiento del Aeropuerto Internacional de McAllen y esta financiaci\u00f3n representan una importante inversi\u00f3n en el futuro de nuestro aeropuerto\u00bb, afirm\u00f3 Santoscoy. \u00abAgradecemos el apoyo prestado a trav\u00e9s del Programa de Terminales Aeroportuarias y seguimos comprometidos con la realizaci\u00f3n de mejoras en las infraestructuras que aumenten la seguridad, la eficiencia y el servicio al cliente para los m\u00e1s de 1,1 millones de pasajeros a los que atendemos cada a\u00f1o\u00bb.\u00a0\u00a0<\/p>\n\n\n\n<p class=\"wp-block-paragraph\">El Aeropuerto Internacional de McAllen ofrece actualmente vuelos directos a trav\u00e9s de American Airlines, United Airlines, Allegiant Air, Delta Air Lines y Aerus, que conectan el Valle del R\u00edo Grande con destinos como Dallas, Houston, Orlando, Las Vegas, Austin, Phoenix y Monterrey.\u00a0\u00a0<\/p>\n","protected":false},"excerpt":{"rendered":"<p>Los responsables del aeropuerto afirman que el aumento del n\u00famero de pasajeros y las futuras oportunidades de servicios a\u00e9reos est\u00e1n impulsando la necesidad de ampliar las infraestructuras del Aeropuerto Internacional de McAllen.<\/p>\n","protected":false},"author":53,"featured_media":18425,"comment_status":"closed","ping_status":"","sticky":false,"template":"","format":"standard","meta":{"_acf_changed":false,"post_views_count":0,"footnotes":""},"categories":[2335,2415,789,84,2532,825],"tags":[],"class_list":["post-18899","post","type-post","status-publish","format-standard","has-post-thumbnail","hentry","category-estados-unidos-es","category-infraestructura-es","category-infrastructure","category-tourism","category-tourism-es-es","category-u-s"],"acf":{"is_features_post":[],"is_sponser":[],"hide_author":[],"hide_author_biography":[]},"yoast_head":"<!-- This site is optimized with the Yoast SEO Premium plugin v28.3 (Yoast SEO v28.3) - https:\/\/yoast.com\/product\/yoast-seo-premium-wordpress\/ -->\n<title>El aeropuerto de McAllen obtiene una subvenci\u00f3n federal de 7 millones de d\u00f3lares para la ampliaci\u00f3n de la terminal<\/title>\n<meta name=\"robots\" content=\"index, follow, max-snippet:-1, max-image-preview:large, max-video-preview:-1\" \/>\n<link rel=\"canonical\" href=\"https:\/\/www.rgvbusinessjournal.com\/es\/news\/21\/05\/2026\/el-aeropuerto-de-mcallen-obtiene-una-subvencion-federal-de-7-millones-de-dolares-para-la-ampliacion-de-la-terminal\/\" \/>\n<meta property=\"og:locale\" content=\"es_ES\" \/>\n<meta property=\"og:type\" content=\"article\" \/>\n<meta property=\"og:title\" content=\"El aeropuerto de McAllen obtiene una subvenci\u00f3n federal de 7 millones de d\u00f3lares para la ampliaci\u00f3n de la terminal\" \/>\n<meta property=\"og:description\" content=\"RGV Business Journal covers business news in the Rio Grande Valley of Texas and the Mexican cities of Reynosa and Matamoros.\" \/>\n<meta property=\"og:url\" content=\"https:\/\/www.rgvbusinessjournal.com\/es\/news\/21\/05\/2026\/el-aeropuerto-de-mcallen-obtiene-una-subvencion-federal-de-7-millones-de-dolares-para-la-ampliacion-de-la-terminal\/\" \/>\n<meta property=\"og:site_name\" content=\"Rio Grande Valley Business Journal\" \/>\n<meta property=\"article:publisher\" content=\"https:\/\/www.facebook.com\/RGVBizJournal\/\" \/>\n<meta property=\"article:published_time\" content=\"2026-05-21T05:05:51+00:00\" \/>\n<meta property=\"article:modified_time\" content=\"2026-07-15T21:01:18+00:00\" \/>\n<meta property=\"og:image\" content=\"https:\/\/www.rgvbusinessjournal.com\/wp-content\/uploads\/2025\/10\/WhatsApp-Image-2025-10-31-at-7.08.53-PM-1.jpeg\" \/>\n\t<meta property=\"og:image:width\" content=\"1600\" \/>\n\t<meta property=\"og:image:height\" content=\"1200\" \/>\n\t<meta property=\"og:image:type\" content=\"image\/jpeg\" \/>\n<meta name=\"author\" content=\"RGV Business Journal Staff\" \/>\n<meta name=\"twitter:card\" content=\"summary_large_image\" \/>\n<meta name=\"twitter:creator\" content=\"@RGVBizJournal\" \/>\n<meta name=\"twitter:site\" content=\"@RGVBizJournal\" \/>\n<meta name=\"twitter:label1\" content=\"Written by\" \/>\n\t<meta name=\"twitter:data1\" content=\"RGV Business Journal Staff\" \/>\n\t<meta name=\"twitter:label2\" content=\"Est. reading time\" \/>\n\t<meta name=\"twitter:data2\" content=\"3 minutes\" \/>\n<script type=\"application\/ld+json\" class=\"yoast-schema-graph\">{\"@context\":\"https:\\\/\\\/schema.org\",\"@graph\":[{\"@type\":\"NewsArticle\",\"@id\":\"https:\\\/\\\/www.rgvbusinessjournal.com\\\/es\\\/news\\\/21\\\/05\\\/2026\\\/el-aeropuerto-de-mcallen-obtiene-una-subvencion-federal-de-7-millones-de-dolares-para-la-ampliacion-de-la-terminal\\\/#article\",\"isPartOf\":{\"@id\":\"https:\\\/\\\/www.rgvbusinessjournal.com\\\/es\\\/news\\\/21\\\/05\\\/2026\\\/el-aeropuerto-de-mcallen-obtiene-una-subvencion-federal-de-7-millones-de-dolares-para-la-ampliacion-de-la-terminal\\\/\"},\"author\":{\"name\":\"RGV Business Journal Staff\",\"@id\":\"https:\\\/\\\/www.rgvbusinessjournal.com\\\/es\\\/#\\\/schema\\\/person\\\/c8e183cac23aaa013ebaa56c4c71cf29\"},\"headline\":\"El aeropuerto de McAllen obtiene una subvenci\u00f3n federal de 7 millones de d\u00f3lares para la ampliaci\u00f3n de la terminal\",\"datePublished\":\"2026-05-21T05:05:51+00:00\",\"dateModified\":\"2026-07-15T21:01:18+00:00\",\"mainEntityOfPage\":{\"@id\":\"https:\\\/\\\/www.rgvbusinessjournal.com\\\/es\\\/news\\\/21\\\/05\\\/2026\\\/el-aeropuerto-de-mcallen-obtiene-una-subvencion-federal-de-7-millones-de-dolares-para-la-ampliacion-de-la-terminal\\\/\"},\"wordCount\":544,\"publisher\":{\"@id\":\"https:\\\/\\\/www.rgvbusinessjournal.com\\\/es\\\/#organization\"},\"image\":{\"@id\":\"https:\\\/\\\/www.rgvbusinessjournal.com\\\/es\\\/news\\\/21\\\/05\\\/2026\\\/el-aeropuerto-de-mcallen-obtiene-una-subvencion-federal-de-7-millones-de-dolares-para-la-ampliacion-de-la-terminal\\\/#primaryimage\"},\"thumbnailUrl\":\"https:\\\/\\\/www.rgvbusinessjournal.com\\\/wp-content\\\/uploads\\\/2025\\\/10\\\/WhatsApp-Image-2025-10-31-at-7.08.53-PM-1.jpeg\",\"articleSection\":[\"Estados Unidos\",\"Infraestructura\",\"Infrastructure\",\"Tourism\",\"Tourism (ES)\",\"U.S.\"],\"inLanguage\":\"es-ES\"},{\"@type\":\"WebPage\",\"@id\":\"https:\\\/\\\/www.rgvbusinessjournal.com\\\/es\\\/news\\\/21\\\/05\\\/2026\\\/el-aeropuerto-de-mcallen-obtiene-una-subvencion-federal-de-7-millones-de-dolares-para-la-ampliacion-de-la-terminal\\\/\",\"url\":\"https:\\\/\\\/www.rgvbusinessjournal.com\\\/es\\\/news\\\/21\\\/05\\\/2026\\\/el-aeropuerto-de-mcallen-obtiene-una-subvencion-federal-de-7-millones-de-dolares-para-la-ampliacion-de-la-terminal\\\/\",\"name\":\"El aeropuerto de McAllen obtiene una subvenci\u00f3n federal de 7 millones de d\u00f3lares para la ampliaci\u00f3n de la terminal\",\"isPartOf\":{\"@id\":\"https:\\\/\\\/www.rgvbusinessjournal.com\\\/es\\\/#website\"},\"primaryImageOfPage\":{\"@id\":\"https:\\\/\\\/www.rgvbusinessjournal.com\\\/es\\\/news\\\/21\\\/05\\\/2026\\\/el-aeropuerto-de-mcallen-obtiene-una-subvencion-federal-de-7-millones-de-dolares-para-la-ampliacion-de-la-terminal\\\/#primaryimage\"},\"image\":{\"@id\":\"https:\\\/\\\/www.rgvbusinessjournal.com\\\/es\\\/news\\\/21\\\/05\\\/2026\\\/el-aeropuerto-de-mcallen-obtiene-una-subvencion-federal-de-7-millones-de-dolares-para-la-ampliacion-de-la-terminal\\\/#primaryimage\"},\"thumbnailUrl\":\"https:\\\/\\\/www.rgvbusinessjournal.com\\\/wp-content\\\/uploads\\\/2025\\\/10\\\/WhatsApp-Image-2025-10-31-at-7.08.53-PM-1.jpeg\",\"datePublished\":\"2026-05-21T05:05:51+00:00\",\"dateModified\":\"2026-07-15T21:01:18+00:00\",\"breadcrumb\":{\"@id\":\"https:\\\/\\\/www.rgvbusinessjournal.com\\\/es\\\/news\\\/21\\\/05\\\/2026\\\/el-aeropuerto-de-mcallen-obtiene-una-subvencion-federal-de-7-millones-de-dolares-para-la-ampliacion-de-la-terminal\\\/#breadcrumb\"},\"inLanguage\":\"es-ES\",\"potentialAction\":[{\"@type\":\"ReadAction\",\"target\":[\"https:\\\/\\\/www.rgvbusinessjournal.com\\\/es\\\/news\\\/21\\\/05\\\/2026\\\/el-aeropuerto-de-mcallen-obtiene-una-subvencion-federal-de-7-millones-de-dolares-para-la-ampliacion-de-la-terminal\\\/\"]}]},{\"@type\":\"ImageObject\",\"inLanguage\":\"es-ES\",\"@id\":\"https:\\\/\\\/www.rgvbusinessjournal.com\\\/es\\\/news\\\/21\\\/05\\\/2026\\\/el-aeropuerto-de-mcallen-obtiene-una-subvencion-federal-de-7-millones-de-dolares-para-la-ampliacion-de-la-terminal\\\/#primaryimage\",\"url\":\"https:\\\/\\\/www.rgvbusinessjournal.com\\\/wp-content\\\/uploads\\\/2025\\\/10\\\/WhatsApp-Image-2025-10-31-at-7.08.53-PM-1.jpeg\",\"contentUrl\":\"https:\\\/\\\/www.rgvbusinessjournal.com\\\/wp-content\\\/uploads\\\/2025\\\/10\\\/WhatsApp-Image-2025-10-31-at-7.08.53-PM-1.jpeg\",\"width\":1600,\"height\":1200,\"caption\":\"McAllen International Airport secured $7 million in federal funding to expand terminal capacity and support future passenger growth across the Rio Grande Valley. Photo Credit | Kristen Mosbrucker-Garza\"},{\"@type\":\"BreadcrumbList\",\"@id\":\"https:\\\/\\\/www.rgvbusinessjournal.com\\\/es\\\/news\\\/21\\\/05\\\/2026\\\/el-aeropuerto-de-mcallen-obtiene-una-subvencion-federal-de-7-millones-de-dolares-para-la-ampliacion-de-la-terminal\\\/#breadcrumb\",\"itemListElement\":[{\"@type\":\"ListItem\",\"position\":1,\"name\":\"Home\",\"item\":\"https:\\\/\\\/www.rgvbusinessjournal.com\\\/es\\\/inicio\\\/\"},{\"@type\":\"ListItem\",\"position\":2,\"name\":\"El aeropuerto de McAllen obtiene una subvenci\u00f3n federal de 7 millones de d\u00f3lares para la ampliaci\u00f3n de la terminal\"}]},{\"@type\":\"WebSite\",\"@id\":\"https:\\\/\\\/www.rgvbusinessjournal.com\\\/es\\\/#website\",\"url\":\"https:\\\/\\\/www.rgvbusinessjournal.com\\\/es\\\/\",\"name\":\"Rio Grande Valley Business Journal\",\"description\":\"\",\"publisher\":{\"@id\":\"https:\\\/\\\/www.rgvbusinessjournal.com\\\/es\\\/#organization\"},\"potentialAction\":[{\"@type\":\"SearchAction\",\"target\":{\"@type\":\"EntryPoint\",\"urlTemplate\":\"https:\\\/\\\/www.rgvbusinessjournal.com\\\/es\\\/?s={search_term_string}\"},\"query-input\":{\"@type\":\"PropertyValueSpecification\",\"valueRequired\":true,\"valueName\":\"search_term_string\"}}],\"inLanguage\":\"es-ES\"},{\"@type\":\"Organization\",\"@id\":\"https:\\\/\\\/www.rgvbusinessjournal.com\\\/es\\\/#organization\",\"name\":\"Rio Grande Valley Business Journal\",\"alternateName\":\"RGV Business Journal\",\"url\":\"https:\\\/\\\/www.rgvbusinessjournal.com\\\/es\\\/\",\"logo\":{\"@type\":\"ImageObject\",\"inLanguage\":\"es-ES\",\"@id\":\"https:\\\/\\\/www.rgvbusinessjournal.com\\\/es\\\/#\\\/schema\\\/logo\\\/image\\\/\",\"url\":\"https:\\\/\\\/www.rgvbusinessjournal.com\\\/wp-content\\\/uploads\\\/2026\\\/01\\\/535504352_122102206586984207_2702720257970470495_n.jpg\",\"contentUrl\":\"https:\\\/\\\/www.rgvbusinessjournal.com\\\/wp-content\\\/uploads\\\/2026\\\/01\\\/535504352_122102206586984207_2702720257970470495_n.jpg\",\"width\":1000,\"height\":1000,\"caption\":\"Rio Grande Valley Business Journal\"},\"image\":{\"@id\":\"https:\\\/\\\/www.rgvbusinessjournal.com\\\/es\\\/#\\\/schema\\\/logo\\\/image\\\/\"},\"sameAs\":[\"https:\\\/\\\/www.facebook.com\\\/RGVBizJournal\\\/\",\"https:\\\/\\\/x.com\\\/RGVBizJournal\",\"https:\\\/\\\/www.linkedin.com\\\/company\\\/rio-grande-valley-business-journal\\\/\",\"https:\\\/\\\/www.youtube.com\\\/@RGVBizJournal\",\"https:\\\/\\\/www.instagram.com\\\/rgvbiznews\\\/\",\"https:\\\/\\\/www.tiktok.com\\\/@rgvbizjournal\"],\"description\":\"The Rio Grande Valley Business Journal is a digital-first newsroom focused on business, economic trends, real estate, healthcare, and regional developments in South Texas (Cameron, Hidalgo, Starr, and Willacy counties) and nearby Mexican industrial cities like Reynosa and Matamoros. It provides impartial reporting, data analyses, and insights for decision-makers in a fast-growing binational corridor home to nearly three million people and billions in annual trade.\",\"naics\":\"511110\"},{\"@type\":\"Person\",\"@id\":\"https:\\\/\\\/www.rgvbusinessjournal.com\\\/es\\\/#\\\/schema\\\/person\\\/c8e183cac23aaa013ebaa56c4c71cf29\",\"name\":\"RGV Business Journal Staff\",\"image\":{\"@type\":\"ImageObject\",\"inLanguage\":\"es-ES\",\"@id\":\"https:\\\/\\\/secure.gravatar.com\\\/avatar\\\/2789a4be9fbaf2edbd51a42856efec9ec9c0451d9e45eb9bec6457d099662868?s=96&r=g\",\"url\":\"https:\\\/\\\/secure.gravatar.com\\\/avatar\\\/2789a4be9fbaf2edbd51a42856efec9ec9c0451d9e45eb9bec6457d099662868?s=96&r=g\",\"contentUrl\":\"https:\\\/\\\/secure.gravatar.com\\\/avatar\\\/2789a4be9fbaf2edbd51a42856efec9ec9c0451d9e45eb9bec6457d099662868?s=96&r=g\",\"caption\":\"RGV Business Journal Staff\"},\"url\":\"https:\\\/\\\/www.rgvbusinessjournal.com\\\/es\\\/news\\\/author\\\/rgv-business-journal-staff\\\/\"}]}<\/script>\n<!-- \/ Yoast SEO Premium plugin. -->","yoast_head_json":{"title":"El aeropuerto de McAllen obtiene una subvenci\u00f3n federal de 7 millones de d\u00f3lares para la ampliaci\u00f3n de la terminal","robots":{"index":"index","follow":"follow","max-snippet":"max-snippet:-1","max-image-preview":"max-image-preview:large","max-video-preview":"max-video-preview:-1"},"canonical":"https:\/\/www.rgvbusinessjournal.com\/es\/news\/21\/05\/2026\/el-aeropuerto-de-mcallen-obtiene-una-subvencion-federal-de-7-millones-de-dolares-para-la-ampliacion-de-la-terminal\/","og_locale":"es_ES","og_type":"article","og_title":"El aeropuerto de McAllen obtiene una subvenci\u00f3n federal de 7 millones de d\u00f3lares para la ampliaci\u00f3n de la terminal","og_description":"RGV Business Journal covers business news in the Rio Grande Valley of Texas and the Mexican cities of Reynosa and Matamoros.","og_url":"https:\/\/www.rgvbusinessjournal.com\/es\/news\/21\/05\/2026\/el-aeropuerto-de-mcallen-obtiene-una-subvencion-federal-de-7-millones-de-dolares-para-la-ampliacion-de-la-terminal\/","og_site_name":"Rio Grande Valley Business Journal","article_publisher":"https:\/\/www.facebook.com\/RGVBizJournal\/","article_published_time":"2026-05-21T05:05:51+00:00","article_modified_time":"2026-07-15T21:01:18+00:00","og_image":[{"width":1600,"height":1200,"url":"https:\/\/www.rgvbusinessjournal.com\/wp-content\/uploads\/2025\/10\/WhatsApp-Image-2025-10-31-at-7.08.53-PM-1.jpeg","type":"image\/jpeg"}],"author":"RGV Business Journal Staff","twitter_card":"summary_large_image","twitter_creator":"@RGVBizJournal","twitter_site":"@RGVBizJournal","twitter_misc":{"Written by":"RGV Business Journal Staff","Est. reading time":"3 minutes"},"schema":{"@context":"https:\/\/schema.org","@graph":[{"@type":"NewsArticle","@id":"https:\/\/www.rgvbusinessjournal.com\/es\/news\/21\/05\/2026\/el-aeropuerto-de-mcallen-obtiene-una-subvencion-federal-de-7-millones-de-dolares-para-la-ampliacion-de-la-terminal\/#article","isPartOf":{"@id":"https:\/\/www.rgvbusinessjournal.com\/es\/news\/21\/05\/2026\/el-aeropuerto-de-mcallen-obtiene-una-subvencion-federal-de-7-millones-de-dolares-para-la-ampliacion-de-la-terminal\/"},"author":{"name":"RGV Business Journal Staff","@id":"https:\/\/www.rgvbusinessjournal.com\/es\/#\/schema\/person\/c8e183cac23aaa013ebaa56c4c71cf29"},"headline":"El aeropuerto de McAllen obtiene una subvenci\u00f3n federal de 7 millones de d\u00f3lares para la ampliaci\u00f3n de la terminal","datePublished":"2026-05-21T05:05:51+00:00","dateModified":"2026-07-15T21:01:18+00:00","mainEntityOfPage":{"@id":"https:\/\/www.rgvbusinessjournal.com\/es\/news\/21\/05\/2026\/el-aeropuerto-de-mcallen-obtiene-una-subvencion-federal-de-7-millones-de-dolares-para-la-ampliacion-de-la-terminal\/"},"wordCount":544,"publisher":{"@id":"https:\/\/www.rgvbusinessjournal.com\/es\/#organization"},"image":{"@id":"https:\/\/www.rgvbusinessjournal.com\/es\/news\/21\/05\/2026\/el-aeropuerto-de-mcallen-obtiene-una-subvencion-federal-de-7-millones-de-dolares-para-la-ampliacion-de-la-terminal\/#primaryimage"},"thumbnailUrl":"https:\/\/www.rgvbusinessjournal.com\/wp-content\/uploads\/2025\/10\/WhatsApp-Image-2025-10-31-at-7.08.53-PM-1.jpeg","articleSection":["Estados Unidos","Infraestructura","Infrastructure","Tourism","Tourism (ES)","U.S."],"inLanguage":"es-ES"},{"@type":"WebPage","@id":"https:\/\/www.rgvbusinessjournal.com\/es\/news\/21\/05\/2026\/el-aeropuerto-de-mcallen-obtiene-una-subvencion-federal-de-7-millones-de-dolares-para-la-ampliacion-de-la-terminal\/","url":"https:\/\/www.rgvbusinessjournal.com\/es\/news\/21\/05\/2026\/el-aeropuerto-de-mcallen-obtiene-una-subvencion-federal-de-7-millones-de-dolares-para-la-ampliacion-de-la-terminal\/","name":"El aeropuerto de McAllen obtiene una subvenci\u00f3n federal de 7 millones de d\u00f3lares para la ampliaci\u00f3n de la terminal","isPartOf":{"@id":"https:\/\/www.rgvbusinessjournal.com\/es\/#website"},"primaryImageOfPage":{"@id":"https:\/\/www.rgvbusinessjournal.com\/es\/news\/21\/05\/2026\/el-aeropuerto-de-mcallen-obtiene-una-subvencion-federal-de-7-millones-de-dolares-para-la-ampliacion-de-la-terminal\/#primaryimage"},"image":{"@id":"https:\/\/www.rgvbusinessjournal.com\/es\/news\/21\/05\/2026\/el-aeropuerto-de-mcallen-obtiene-una-subvencion-federal-de-7-millones-de-dolares-para-la-ampliacion-de-la-terminal\/#primaryimage"},"thumbnailUrl":"https:\/\/www.rgvbusinessjournal.com\/wp-content\/uploads\/2025\/10\/WhatsApp-Image-2025-10-31-at-7.08.53-PM-1.jpeg","datePublished":"2026-05-21T05:05:51+00:00","dateModified":"2026-07-15T21:01:18+00:00","breadcrumb":{"@id":"https:\/\/www.rgvbusinessjournal.com\/es\/news\/21\/05\/2026\/el-aeropuerto-de-mcallen-obtiene-una-subvencion-federal-de-7-millones-de-dolares-para-la-ampliacion-de-la-terminal\/#breadcrumb"},"inLanguage":"es-ES","potentialAction":[{"@type":"ReadAction","target":["https:\/\/www.rgvbusinessjournal.com\/es\/news\/21\/05\/2026\/el-aeropuerto-de-mcallen-obtiene-una-subvencion-federal-de-7-millones-de-dolares-para-la-ampliacion-de-la-terminal\/"]}]},{"@type":"ImageObject","inLanguage":"es-ES","@id":"https:\/\/www.rgvbusinessjournal.com\/es\/news\/21\/05\/2026\/el-aeropuerto-de-mcallen-obtiene-una-subvencion-federal-de-7-millones-de-dolares-para-la-ampliacion-de-la-terminal\/#primaryimage","url":"https:\/\/www.rgvbusinessjournal.com\/wp-content\/uploads\/2025\/10\/WhatsApp-Image-2025-10-31-at-7.08.53-PM-1.jpeg","contentUrl":"https:\/\/www.rgvbusinessjournal.com\/wp-content\/uploads\/2025\/10\/WhatsApp-Image-2025-10-31-at-7.08.53-PM-1.jpeg","width":1600,"height":1200,"caption":"McAllen International Airport secured $7 million in federal funding to expand terminal capacity and support future passenger growth across the Rio Grande Valley. Photo Credit | Kristen Mosbrucker-Garza"},{"@type":"BreadcrumbList","@id":"https:\/\/www.rgvbusinessjournal.com\/es\/news\/21\/05\/2026\/el-aeropuerto-de-mcallen-obtiene-una-subvencion-federal-de-7-millones-de-dolares-para-la-ampliacion-de-la-terminal\/#breadcrumb","itemListElement":[{"@type":"ListItem","position":1,"name":"Home","item":"https:\/\/www.rgvbusinessjournal.com\/es\/inicio\/"},{"@type":"ListItem","position":2,"name":"El aeropuerto de McAllen obtiene una subvenci\u00f3n federal de 7 millones de d\u00f3lares para la ampliaci\u00f3n de la terminal"}]},{"@type":"WebSite","@id":"https:\/\/www.rgvbusinessjournal.com\/es\/#website","url":"https:\/\/www.rgvbusinessjournal.com\/es\/","name":"Rio Grande Valley Business Journal","description":"","publisher":{"@id":"https:\/\/www.rgvbusinessjournal.com\/es\/#organization"},"potentialAction":[{"@type":"SearchAction","target":{"@type":"EntryPoint","urlTemplate":"https:\/\/www.rgvbusinessjournal.com\/es\/?s={search_term_string}"},"query-input":{"@type":"PropertyValueSpecification","valueRequired":true,"valueName":"search_term_string"}}],"inLanguage":"es-ES"},{"@type":"Organization","@id":"https:\/\/www.rgvbusinessjournal.com\/es\/#organization","name":"Rio Grande Valley Business Journal","alternateName":"RGV Business Journal","url":"https:\/\/www.rgvbusinessjournal.com\/es\/","logo":{"@type":"ImageObject","inLanguage":"es-ES","@id":"https:\/\/www.rgvbusinessjournal.com\/es\/#\/schema\/logo\/image\/","url":"https:\/\/www.rgvbusinessjournal.com\/wp-content\/uploads\/2026\/01\/535504352_122102206586984207_2702720257970470495_n.jpg","contentUrl":"https:\/\/www.rgvbusinessjournal.com\/wp-content\/uploads\/2026\/01\/535504352_122102206586984207_2702720257970470495_n.jpg","width":1000,"height":1000,"caption":"Rio Grande Valley Business Journal"},"image":{"@id":"https:\/\/www.rgvbusinessjournal.com\/es\/#\/schema\/logo\/image\/"},"sameAs":["https:\/\/www.facebook.com\/RGVBizJournal\/","https:\/\/x.com\/RGVBizJournal","https:\/\/www.linkedin.com\/company\/rio-grande-valley-business-journal\/","https:\/\/www.youtube.com\/@RGVBizJournal","https:\/\/www.instagram.com\/rgvbiznews\/","https:\/\/www.tiktok.com\/@rgvbizjournal"],"description":"The Rio Grande Valley Business Journal is a digital-first newsroom focused on business, economic trends, real estate, healthcare, and regional developments in South Texas (Cameron, Hidalgo, Starr, and Willacy counties) and nearby Mexican industrial cities like Reynosa and Matamoros. It provides impartial reporting, data analyses, and insights for decision-makers in a fast-growing binational corridor home to nearly three million people and billions in annual trade.","naics":"511110"},{"@type":"Person","@id":"https:\/\/www.rgvbusinessjournal.com\/es\/#\/schema\/person\/c8e183cac23aaa013ebaa56c4c71cf29","name":"RGV Business Journal Staff","image":{"@type":"ImageObject","inLanguage":"es-ES","@id":"https:\/\/secure.gravatar.com\/avatar\/2789a4be9fbaf2edbd51a42856efec9ec9c0451d9e45eb9bec6457d099662868?s=96&r=g","url":"https:\/\/secure.gravatar.com\/avatar\/2789a4be9fbaf2edbd51a42856efec9ec9c0451d9e45eb9bec6457d099662868?s=96&r=g","contentUrl":"https:\/\/secure.gravatar.com\/avatar\/2789a4be9fbaf2edbd51a42856efec9ec9c0451d9e45eb9bec6457d099662868?s=96&r=g","caption":"RGV Business Journal Staff"},"url":"https:\/\/www.rgvbusinessjournal.com\/es\/news\/author\/rgv-business-journal-staff\/"}]}},"preview_block_count":4,"is_paywalled":false,"_links":{"self":[{"href":"https:\/\/www.rgvbusinessjournal.com\/es\/wp-json\/wp\/v2\/posts\/18899","targetHints":{"allow":["GET"]}}],"collection":[{"href":"https:\/\/www.rgvbusinessjournal.com\/es\/wp-json\/wp\/v2\/posts"}],"about":[{"href":"https:\/\/www.rgvbusinessjournal.com\/es\/wp-json\/wp\/v2\/types\/post"}],"author":[{"embeddable":true,"href":"https:\/\/www.rgvbusinessjournal.com\/es\/wp-json\/wp\/v2\/users\/53"}],"replies":[{"embeddable":true,"href":"https:\/\/www.rgvbusinessjournal.com\/es\/wp-json\/wp\/v2\/comments?post=18899"}],"version-history":[{"count":1,"href":"https:\/\/www.rgvbusinessjournal.com\/es\/wp-json\/wp\/v2\/posts\/18899\/revisions"}],"predecessor-version":[{"id":19725,"href":"https:\/\/www.rgvbusinessjournal.com\/es\/wp-json\/wp\/v2\/posts\/18899\/revisions\/19725"}],"wp:featuredmedia":[{"embeddable":true,"href":"https:\/\/www.rgvbusinessjournal.com\/es\/wp-json\/wp\/v2\/media\/18425"}],"wp:attachment":[{"href":"https:\/\/www.rgvbusinessjournal.com\/es\/wp-json\/wp\/v2\/media?parent=18899"}],"wp:term":[{"taxonomy":"category","embeddable":true,"href":"https:\/\/www.rgvbusinessjournal.com\/es\/wp-json\/wp\/v2\/categories?post=18899"},{"taxonomy":"post_tag","embeddable":true,"href":"https:\/\/www.rgvbusinessjournal.com\/es\/wp-json\/wp\/v2\/tags?post=18899"}],"curies":[{"name":"wp","href":"https:\/\/api.w.org\/{rel}","templated":true}]}}