{"id":19139,"date":"2025-11-06T20:19:13","date_gmt":"2025-11-07T02:19:13","guid":{"rendered":"https:\/\/www.rgvbusinessjournal.com\/news\/15\/07\/2026\/la-ampliacion-del-puente-de-pharr-con-un-coste-de-120-millones-de-dolares-que-duplicara-su-capacidad-de-carga-esta-prevista-que-finalice-en-enero\/"},"modified":"2026-07-15T16:05:08","modified_gmt":"2026-07-15T21:05:08","slug":"la-ampliacion-del-puente-de-pharr-con-un-coste-de-120-millones-de-dolares-que-duplicara-su-capacidad-de-carga-esta-prevista-que-finalice-en-enero","status":"publish","type":"post","link":"https:\/\/www.rgvbusinessjournal.com\/es\/news\/06\/11\/2025\/la-ampliacion-del-puente-de-pharr-con-un-coste-de-120-millones-de-dolares-que-duplicara-su-capacidad-de-carga-esta-prevista-que-finalice-en-enero\/","title":{"rendered":"La ampliaci\u00f3n del puente de Pharr, con un coste de 120 millones de d\u00f3lares, que duplicar\u00e1 su capacidad de carga, est\u00e1 prevista que finalice en enero."},"content":{"rendered":"\n<p class=\"wp-block-paragraph\">El proyecto de 120 millones de d\u00f3lares destinado a duplicar la capacidad del Puente Internacional Pharr-Reynosa ha pasado de la fase de dise\u00f1o a la de construcci\u00f3n en un tiempo r\u00e9cord, y est\u00e1 previsto que las obras finalicen en enero.<\/p>\n\n\n<div class=\"wp-block-image\">\n<figure class=\"alignright size-large is-resized\"><img loading=\"lazy\" decoding=\"async\" width=\"766\" height=\"1024\" src=\"https:\/\/www.rgvbusinessjournal.com\/wp-content\/uploads\/2025\/11\/1.-Luis-Baza\u0301n-scaled-e1762481069538-766x1024.jpg\" alt=\"Luis Baz\u00e1n\" class=\"wp-image-4448\" style=\"width:117px;height:auto\" srcset=\"https:\/\/www.rgvbusinessjournal.com\/wp-content\/uploads\/2025\/11\/1.-Luis-Baza\u0301n-scaled-e1762481069538-766x1024.jpg 766w, https:\/\/www.rgvbusinessjournal.com\/wp-content\/uploads\/2025\/11\/1.-Luis-Baza\u0301n-scaled-e1762481069538-224x300.jpg 224w, https:\/\/www.rgvbusinessjournal.com\/wp-content\/uploads\/2025\/11\/1.-Luis-Baza\u0301n-scaled-e1762481069538-768x1027.jpg 768w, https:\/\/www.rgvbusinessjournal.com\/wp-content\/uploads\/2025\/11\/1.-Luis-Baza\u0301n-scaled-e1762481069538-808x1080.jpg 808w, https:\/\/www.rgvbusinessjournal.com\/wp-content\/uploads\/2025\/11\/1.-Luis-Baza\u0301n-scaled-e1762481069538-363x485.jpg 363w, https:\/\/www.rgvbusinessjournal.com\/wp-content\/uploads\/2025\/11\/1.-Luis-Baza\u0301n-scaled-e1762481069538-172x230.jpg 172w, https:\/\/www.rgvbusinessjournal.com\/wp-content\/uploads\/2025\/11\/1.-Luis-Baza\u0301n-scaled-e1762481069538.jpg 845w\" sizes=\"auto, (max-width: 766px) 100vw, 766px\" \/><figcaption class=\"wp-element-caption\">Luis Baz\u00e1n<\/figcaption><\/figure>\n<\/div>\n\n\n<p class=\"wp-block-paragraph\">\u00abSe trata de algo tangible, ya no es solo un proyecto sobre el papel\u00bb, afirm\u00f3 Luis Baz\u00e1n, director del puente de Pharr. \u00abSin duda, est\u00e1 en construcci\u00f3n y las obras ya est\u00e1n muy avanzadas\u00bb.<\/p>\n\n\n\n<p class=\"wp-block-paragraph\">El proyecto ampliar\u00e1 el Puente Internacional Pharr-Reynosa mediante la construcci\u00f3n de otro tramo de cuatro carriles justo al lado del actual. Abarcar\u00e1 la misma distancia de 1,35 millas a trav\u00e9s del R\u00edo Grande, utilizando terrenos que ya est\u00e1n bajo el control de la ciudad, y se conectar\u00e1 con las obras an\u00e1logas que se est\u00e1n llevando a cabo en Reynosa.\u00a0<\/p>\n\n\n\n<p class=\"wp-block-paragraph\">Una vez finalizadas las obras, el n\u00famero total de carriles del puente se duplicar\u00e1, pasando de cuatro a ocho, un cambio que se espera que alivie la congesti\u00f3n, reduzca los tiempos de espera de los transportistas comerciales y aumente significativamente la capacidad diaria de carga del puerto.<\/p>\n\n\n\n<h2 class=\"wp-block-heading\" id=\"h-fast-tracked-federal-approval\"><strong>Aprobaci\u00f3n federal por v\u00eda r\u00e1pida<\/strong><\/h2>\n\n\n\n<p class=\"wp-block-paragraph\">Baz\u00e1n atribuy\u00f3 el impulso del proyecto a un proceso de concesi\u00f3n de permisos simplificado que fue posible durante el primer mandato del presidente Donald Trump.\u00a0<\/p>\n\n\n<div class=\"wp-block-image\">\n<figure class=\"alignleft size-large is-resized\"><img loading=\"lazy\" decoding=\"async\" width=\"1024\" height=\"767\" src=\"https:\/\/www.rgvbusinessjournal.com\/wp-content\/uploads\/2025\/11\/3.-Avance-de-la-obra-1024x767.jpg\" alt=\"Vista a\u00e9rea en la que se aprecian las obras de construcci\u00f3n del nuevo tramo de cuatro carriles que se est\u00e1 construyendo en paralelo al actual Puente Internacional de Pharr, sobre el R\u00edo Grande.\" class=\"wp-image-4450\" style=\"width:525px;height:auto\" srcset=\"https:\/\/www.rgvbusinessjournal.com\/wp-content\/uploads\/2025\/11\/3.-Avance-de-la-obra-1024x767.jpg 1024w, https:\/\/www.rgvbusinessjournal.com\/wp-content\/uploads\/2025\/11\/3.-Avance-de-la-obra-300x225.jpg 300w, https:\/\/www.rgvbusinessjournal.com\/wp-content\/uploads\/2025\/11\/3.-Avance-de-la-obra-768x575.jpg 768w, https:\/\/www.rgvbusinessjournal.com\/wp-content\/uploads\/2025\/11\/3.-Avance-de-la-obra-1536x1151.jpg 1536w, https:\/\/www.rgvbusinessjournal.com\/wp-content\/uploads\/2025\/11\/3.-Avance-de-la-obra-2048x1534.jpg 2048w, https:\/\/www.rgvbusinessjournal.com\/wp-content\/uploads\/2025\/11\/3.-Avance-de-la-obra-1442x1080.jpg 1442w, https:\/\/www.rgvbusinessjournal.com\/wp-content\/uploads\/2025\/11\/3.-Avance-de-la-obra-647x485.jpg 647w, https:\/\/www.rgvbusinessjournal.com\/wp-content\/uploads\/2025\/11\/3.-Avance-de-la-obra-307x230.jpg 307w\" sizes=\"auto, (max-width: 1024px) 100vw, 1024px\" \/><figcaption class=\"wp-element-caption\">Obras en curso en el puente para reducir los tiempos de espera de los veh\u00edculos comerciales. <br>Cortes\u00eda de | Ayuntamiento de Pharr<\/figcaption><\/figure>\n<\/div>\n\n\n<p class=\"wp-block-paragraph\">Trump promulg\u00f3 un decreto ejecutivo en 2019 que permit\u00eda que los permisos para puentes internacionales se tramitaran directamente a trav\u00e9s de la Casa Blanca, en lugar de hacerlo a trav\u00e9s del Departamento de Estado de EE. UU.<\/p>\n\n\n\n<p class=\"wp-block-paragraph\">\u00abAprovechamos esa orden ejecutiva\u00bb, afirm\u00f3 Baz\u00e1n. \u00abConseguimos la autorizaci\u00f3n presidencial en tres meses, cuando, seg\u00fan los protocolos habituales, solo obtener la autorizaci\u00f3n puede llevar hasta cinco a\u00f1os, sin contar la construcci\u00f3n\u00bb.<\/p>\n\n\n\n<p class=\"wp-block-paragraph\">Esa rapidez supuso para Pharr un impulso inicial sin precedentes, lo que permiti\u00f3 a la ciudad pasar r\u00e1pidamente de la aprobaci\u00f3n federal a la fase de construcci\u00f3n.<\/p>\n\n\n\n<p class=\"wp-block-paragraph\">\u00abEn un plazo de cinco o seis a\u00f1os [conseguimos] los permisos y la financiaci\u00f3n, y est\u00e1 previsto que las obras finalicen en enero de 2026\u00bb, afirm\u00f3.<\/p>\n\n\n\n<p class=\"wp-block-paragraph\">Baz\u00e1n describi\u00f3 la ampliaci\u00f3n como uno de los proyectos de infraestructura de mayor importancia estrat\u00e9gica en la frontera entre Texas y M\u00e9xico.<\/p>\n\n\n\n<h5 class=\"wp-block-heading\" id=\"h-watch-a-time-lapse-video-of-the-ongoing-construction\">Mira un v\u00eddeo en time-lapse de las obras en curso. <\/h5>\n\n\n\n<figure class=\"wp-block-embed is-type-video is-provider-youtube wp-block-embed-youtube wp-embed-aspect-16-9 wp-has-aspect-ratio\"><div class=\"wp-block-embed__wrapper\">\n<iframe loading=\"lazy\" title=\"Video Pharr INTL Bridge Timelapse\" width=\"1200\" height=\"675\" src=\"https:\/\/www.youtube.com\/embed\/GQLHkWg5tpI?feature=oembed\" frameborder=\"0\" allow=\"accelerometer; autoplay; clipboard-write; encrypted-media; gyroscope; picture-in-picture; web-share\" referrerpolicy=\"strict-origin-when-cross-origin\" allowfullscreen><\/iframe>\n<\/div><\/figure>\n\n\n\n<h2 class=\"wp-block-heading\" id=\"h-trade-and-revenue-continue-to-climb\"><strong>El comercio y los ingresos siguen aumentando<\/strong><\/h2>\n\n\n\n<p class=\"wp-block-paragraph\">A pesar de que las obras siguen en marcha, el puente sigue registrando unos excelentes resultados comerciales.<\/p>\n\n\n\n<p class=\"wp-block-paragraph\">Entre septiembre de 2024 y septiembre de 2025, la carga que entr\u00f3 en M\u00e9xico procedente de Estados Unidos a trav\u00e9s del Puente Internacional de Pharr aument\u00f3 un 17 %, lo que significa que, en comparaci\u00f3n con el a\u00f1o anterior, un mayor n\u00famero de camiones con destino al sur transport\u00f3 mercanc\u00edas a trav\u00e9s de la frontera.\u00a0<\/p>\n\n\n\n<p class=\"wp-block-paragraph\">Los ingresos por peajes de los puentes aumentaron alrededor de un 4,6 %, lo que refleja el mayor n\u00famero de cruces y de cobros de peaje.\u00a0<\/p>\n\n\n\n<p class=\"wp-block-paragraph\">Durante el mismo periodo, el valor total de las mercanc\u00edas que cruzaron el puente registr\u00f3 un aumento m\u00e1s moderado \u2014las importaciones subieron un 1 % y las exportaciones, otro 1 %\u2014, lo que indica una actividad comercial estable a pesar del incremento de los vol\u00famenes de tr\u00e1fico.<\/p>\n\n\n\n<h2 class=\"wp-block-heading\" id=\"h-cross-border-collaboration-is-key\"><strong>La colaboraci\u00f3n transfronteriza es fundamental<\/strong><\/h2>\n\n\n\n<p class=\"wp-block-paragraph\">Baz\u00e1n subray\u00f3 que la infraestructura por s\u00ed sola no explica el \u00e9xito del puente.\u00a0<\/p>\n\n\n<div class=\"wp-block-image\">\n<figure class=\"alignright size-large is-resized\"><img loading=\"lazy\" decoding=\"async\" width=\"1024\" height=\"539\" src=\"https:\/\/www.rgvbusinessjournal.com\/wp-content\/uploads\/2025\/11\/2.-Proyecto-expansio\u0301n-1024x539.jpg\" alt=\"Imagen generada por ordenador que muestra el nuevo puente de cuatro carriles que se est\u00e1 construyendo en paralelo al actual Puente Internacional de Pharr.\" class=\"wp-image-4449\" style=\"width:456px;height:auto\" srcset=\"https:\/\/www.rgvbusinessjournal.com\/wp-content\/uploads\/2025\/11\/2.-Proyecto-expansio\u0301n-1024x539.jpg 1024w, https:\/\/www.rgvbusinessjournal.com\/wp-content\/uploads\/2025\/11\/2.-Proyecto-expansio\u0301n-300x158.jpg 300w, https:\/\/www.rgvbusinessjournal.com\/wp-content\/uploads\/2025\/11\/2.-Proyecto-expansio\u0301n-768x404.jpg 768w, https:\/\/www.rgvbusinessjournal.com\/wp-content\/uploads\/2025\/11\/2.-Proyecto-expansio\u0301n-1536x808.jpg 1536w, https:\/\/www.rgvbusinessjournal.com\/wp-content\/uploads\/2025\/11\/2.-Proyecto-expansio\u0301n-2048x1078.jpg 2048w, https:\/\/www.rgvbusinessjournal.com\/wp-content\/uploads\/2025\/11\/2.-Proyecto-expansio\u0301n-1920x1010.jpg 1920w, https:\/\/www.rgvbusinessjournal.com\/wp-content\/uploads\/2025\/11\/2.-Proyecto-expansio\u0301n-690x363.jpg 690w, https:\/\/www.rgvbusinessjournal.com\/wp-content\/uploads\/2025\/11\/2.-Proyecto-expansio\u0301n-350x184.jpg 350w\" sizes=\"auto, (max-width: 1024px) 100vw, 1024px\" \/><figcaption class=\"wp-element-caption\">Una representaci\u00f3n del proyecto de ampliaci\u00f3n una vez finalizado. <br>Cortes\u00eda de | Ayuntamiento de Pharr<\/figcaption><\/figure>\n<\/div>\n\n\n<p class=\"wp-block-paragraph\">Seg\u00fan \u00e9l, una s\u00f3lida coordinaci\u00f3n binacional sigue siendo el motor principal.<\/p>\n\n\n\n<p class=\"wp-block-paragraph\">\u00abLo m\u00e1s importante ha sido contar con esa colaboraci\u00f3n, esa relaci\u00f3n bien consolidada tanto en Estados Unidos como en M\u00e9xico, con los gobiernos estatales y federales\u00bb, afirm\u00f3 Baz\u00e1n. \u00abSi no se cuenta con ese elemento clave, no se puede hacer nada\u00bb.<\/p>\n\n\n\n<p class=\"wp-block-paragraph\">A\u00f1adi\u00f3 que una coordinaci\u00f3n minuciosa entre la planificaci\u00f3n a largo plazo y la financiaci\u00f3n disponible ha ayudado a Pharr a evitar retrasos burocr\u00e1ticos.<\/p>\n\n\n\n<p class=\"wp-block-paragraph\">\u00abNecesitas la financiaci\u00f3n, necesitas que tu plan estrat\u00e9gico y tu plan director est\u00e9n bien coordinados\u2026 porque, si no, todo se viene abajo o lleva mucho m\u00e1s tiempo\u00bb, afirm\u00f3 Baz\u00e1n.<\/p>\n\n\n\n<h2 class=\"wp-block-heading\" id=\"h-one-stop-collaboration-model\"><strong>Modelo de colaboraci\u00f3n integral<\/strong><\/h2>\n\n\n\n<p class=\"wp-block-paragraph\">El enfoque de Pharr va m\u00e1s all\u00e1 del propio puente.\u00a0<\/p>\n\n\n\n<p class=\"wp-block-paragraph\">La ciudad tambi\u00e9n ha puesto en marcha lo que ha denominado la \u00abIniciativa para el Fomento Empresarial Fronterizo de Pharr\u00bb, una colaboraci\u00f3n entre el Puente Internacional de Pharr, la Corporaci\u00f3n de Desarrollo Econ\u00f3mico de Pharr y la C\u00e1mara de Comercio de Pharr.<\/p>\n\n\n\n<p class=\"wp-block-paragraph\">La iniciativa ofrecer\u00e1 un frente unificado para el apoyo a la log\u00edstica y al comercio.<\/p>\n\n\n\n<p class=\"wp-block-paragraph\">\u00abEs como un centro integral en el que podemos ofrecer todos los servicios, todo el personal y la experiencia necesarios para sacar adelante los proyectos\u00bb, afirm\u00f3 Baz\u00e1n.<\/p>\n\n\n\n<p class=\"wp-block-paragraph\">Mientras contin\u00faan las obras a ambos lados del R\u00edo Grande, Baz\u00e1n afirm\u00f3 que el objetivo sigue siendo mantener el impulso y la transparencia a medida que el proyecto se acerca a su finalizaci\u00f3n.<\/p>\n\n\n\n<p class=\"wp-block-paragraph\">\u00abSiempre avanzando, mostrando siempre los avances para que la gente pueda verlos y sepa que se est\u00e1 haciendo realidad\u00bb, afirm\u00f3 Baz\u00e1n, resumiendo as\u00ed el empe\u00f1o de Pharr por mantener el flujo comercial y el proyecto en marcha.<\/p>\n","protected":false},"excerpt":{"rendered":"<p>La ciudad se acogi\u00f3 a una directiva federal de 2019 que agiliz\u00f3 la concesi\u00f3n de su permiso presidencial, lo que redujo en varios a\u00f1os el proceso de ampliaci\u00f3n de uno de los pasos fronterizos comerciales m\u00e1s transitados del Valle.<\/p>\n","protected":false},"author":16,"featured_media":19147,"comment_status":"closed","ping_status":"","sticky":false,"template":"","format":"standard","meta":{"_acf_changed":false,"post_views_count":0,"footnotes":""},"categories":[2334],"tags":[584,149,53,237,585,3758,70,311],"class_list":["post-19139","post","type-post","status-publish","format-standard","has-post-thumbnail","hentry","category-inmobiliaria-es","tag-binational-trade","tag-hidalgo-county","tag-logistics","tag-pharr","tag-pharr-international-bridge","tag-puente-es","tag-rio-grande-valley","tag-transportation"],"acf":{"is_features_post":[],"is_sponser":[],"hide_author":[],"hide_author_biography":[]},"yoast_head":"<!-- This site is optimized with the Yoast SEO Premium plugin v28.3 (Yoast SEO v28.3) - https:\/\/yoast.com\/product\/yoast-seo-premium-wordpress\/ -->\n<title>La ampliaci\u00f3n del puente de Pharr, con un coste de 120 millones de d\u00f3lares, que duplicar\u00e1 su capacidad de carga, est\u00e1 prevista que finalice en enero.<\/title>\n<meta name=\"robots\" content=\"index, follow, max-snippet:-1, max-image-preview:large, max-video-preview:-1\" \/>\n<link rel=\"canonical\" href=\"https:\/\/www.rgvbusinessjournal.com\/es\/news\/06\/11\/2025\/la-ampliacion-del-puente-de-pharr-con-un-coste-de-120-millones-de-dolares-que-duplicara-su-capacidad-de-carga-esta-prevista-que-finalice-en-enero\/\" \/>\n<meta property=\"og:locale\" content=\"es_ES\" \/>\n<meta property=\"og:type\" content=\"article\" \/>\n<meta property=\"og:title\" content=\"La ampliaci\u00f3n del puente de Pharr, con un coste de 120 millones de d\u00f3lares, que duplicar\u00e1 su capacidad de carga, est\u00e1 prevista que finalice en enero.\" \/>\n<meta property=\"og:description\" content=\"RGV Business Journal covers business news in the Rio Grande Valley of Texas and the Mexican cities of Reynosa and Matamoros.\" \/>\n<meta property=\"og:url\" content=\"https:\/\/www.rgvbusinessjournal.com\/es\/news\/06\/11\/2025\/la-ampliacion-del-puente-de-pharr-con-un-coste-de-120-millones-de-dolares-que-duplicara-su-capacidad-de-carga-esta-prevista-que-finalice-en-enero\/\" \/>\n<meta property=\"og:site_name\" content=\"Rio Grande Valley Business Journal\" \/>\n<meta property=\"article:publisher\" content=\"https:\/\/www.facebook.com\/RGVBizJournal\/\" \/>\n<meta property=\"article:published_time\" content=\"2025-11-07T02:19:13+00:00\" \/>\n<meta property=\"article:modified_time\" content=\"2026-07-15T21:05:08+00:00\" \/>\n<meta property=\"og:image\" content=\"https:\/\/www.rgvbusinessjournal.com\/wp-content\/uploads\/2025\/11\/4.-.jpg\" \/>\n\t<meta property=\"og:image:width\" content=\"2394\" \/>\n\t<meta property=\"og:image:height\" content=\"1793\" \/>\n\t<meta property=\"og:image:type\" content=\"image\/jpeg\" \/>\n<meta name=\"author\" content=\"Anayancy Ulloa\" \/>\n<meta name=\"twitter:card\" content=\"summary_large_image\" \/>\n<meta name=\"twitter:creator\" content=\"@RGVBizJournal\" \/>\n<meta name=\"twitter:site\" content=\"@RGVBizJournal\" \/>\n<meta name=\"twitter:label1\" content=\"Written by\" \/>\n\t<meta name=\"twitter:data1\" content=\"Anayancy Ulloa\" \/>\n\t<meta name=\"twitter:label2\" content=\"Est. reading time\" \/>\n\t<meta name=\"twitter:data2\" content=\"5 minutes\" \/>\n<script type=\"application\/ld+json\" class=\"yoast-schema-graph\">{\"@context\":\"https:\\\/\\\/schema.org\",\"@graph\":[{\"@type\":\"NewsArticle\",\"@id\":\"https:\\\/\\\/www.rgvbusinessjournal.com\\\/es\\\/news\\\/06\\\/11\\\/2025\\\/la-ampliacion-del-puente-de-pharr-con-un-coste-de-120-millones-de-dolares-que-duplicara-su-capacidad-de-carga-esta-prevista-que-finalice-en-enero\\\/#article\",\"isPartOf\":{\"@id\":\"https:\\\/\\\/www.rgvbusinessjournal.com\\\/es\\\/news\\\/06\\\/11\\\/2025\\\/la-ampliacion-del-puente-de-pharr-con-un-coste-de-120-millones-de-dolares-que-duplicara-su-capacidad-de-carga-esta-prevista-que-finalice-en-enero\\\/\"},\"author\":{\"name\":\"Anayancy Ulloa\",\"@id\":\"https:\\\/\\\/www.rgvbusinessjournal.com\\\/es\\\/#\\\/schema\\\/person\\\/6916ceff833bba09c2845843d50459ed\"},\"headline\":\"La ampliaci\u00f3n del puente de Pharr, con un coste de 120 millones de d\u00f3lares, que duplicar\u00e1 su capacidad de carga, est\u00e1 prevista que finalice en enero.\",\"datePublished\":\"2025-11-07T02:19:13+00:00\",\"dateModified\":\"2026-07-15T21:05:08+00:00\",\"mainEntityOfPage\":{\"@id\":\"https:\\\/\\\/www.rgvbusinessjournal.com\\\/es\\\/news\\\/06\\\/11\\\/2025\\\/la-ampliacion-del-puente-de-pharr-con-un-coste-de-120-millones-de-dolares-que-duplicara-su-capacidad-de-carga-esta-prevista-que-finalice-en-enero\\\/\"},\"wordCount\":956,\"publisher\":{\"@id\":\"https:\\\/\\\/www.rgvbusinessjournal.com\\\/es\\\/#organization\"},\"image\":{\"@id\":\"https:\\\/\\\/www.rgvbusinessjournal.com\\\/es\\\/news\\\/06\\\/11\\\/2025\\\/la-ampliacion-del-puente-de-pharr-con-un-coste-de-120-millones-de-dolares-que-duplicara-su-capacidad-de-carga-esta-prevista-que-finalice-en-enero\\\/#primaryimage\"},\"thumbnailUrl\":\"https:\\\/\\\/www.rgvbusinessjournal.com\\\/wp-content\\\/uploads\\\/2025\\\/11\\\/4.-.jpg\",\"keywords\":[\"binational trade\",\"Hidalgo County\",\"Logistics\",\"Pharr\",\"Pharr International Bridge\",\"puente\",\"Rio Grande Valley\",\"transportation\"],\"articleSection\":[\"Inmobiliaria\"],\"inLanguage\":\"es-ES\"},{\"@type\":\"WebPage\",\"@id\":\"https:\\\/\\\/www.rgvbusinessjournal.com\\\/es\\\/news\\\/06\\\/11\\\/2025\\\/la-ampliacion-del-puente-de-pharr-con-un-coste-de-120-millones-de-dolares-que-duplicara-su-capacidad-de-carga-esta-prevista-que-finalice-en-enero\\\/\",\"url\":\"https:\\\/\\\/www.rgvbusinessjournal.com\\\/es\\\/news\\\/06\\\/11\\\/2025\\\/la-ampliacion-del-puente-de-pharr-con-un-coste-de-120-millones-de-dolares-que-duplicara-su-capacidad-de-carga-esta-prevista-que-finalice-en-enero\\\/\",\"name\":\"La ampliaci\u00f3n del puente de Pharr, con un coste de 120 millones de d\u00f3lares, que duplicar\u00e1 su capacidad de carga, est\u00e1 prevista que finalice en enero.\",\"isPartOf\":{\"@id\":\"https:\\\/\\\/www.rgvbusinessjournal.com\\\/es\\\/#website\"},\"primaryImageOfPage\":{\"@id\":\"https:\\\/\\\/www.rgvbusinessjournal.com\\\/es\\\/news\\\/06\\\/11\\\/2025\\\/la-ampliacion-del-puente-de-pharr-con-un-coste-de-120-millones-de-dolares-que-duplicara-su-capacidad-de-carga-esta-prevista-que-finalice-en-enero\\\/#primaryimage\"},\"image\":{\"@id\":\"https:\\\/\\\/www.rgvbusinessjournal.com\\\/es\\\/news\\\/06\\\/11\\\/2025\\\/la-ampliacion-del-puente-de-pharr-con-un-coste-de-120-millones-de-dolares-que-duplicara-su-capacidad-de-carga-esta-prevista-que-finalice-en-enero\\\/#primaryimage\"},\"thumbnailUrl\":\"https:\\\/\\\/www.rgvbusinessjournal.com\\\/wp-content\\\/uploads\\\/2025\\\/11\\\/4.-.jpg\",\"datePublished\":\"2025-11-07T02:19:13+00:00\",\"dateModified\":\"2026-07-15T21:05:08+00:00\",\"breadcrumb\":{\"@id\":\"https:\\\/\\\/www.rgvbusinessjournal.com\\\/es\\\/news\\\/06\\\/11\\\/2025\\\/la-ampliacion-del-puente-de-pharr-con-un-coste-de-120-millones-de-dolares-que-duplicara-su-capacidad-de-carga-esta-prevista-que-finalice-en-enero\\\/#breadcrumb\"},\"inLanguage\":\"es-ES\",\"potentialAction\":[{\"@type\":\"ReadAction\",\"target\":[\"https:\\\/\\\/www.rgvbusinessjournal.com\\\/es\\\/news\\\/06\\\/11\\\/2025\\\/la-ampliacion-del-puente-de-pharr-con-un-coste-de-120-millones-de-dolares-que-duplicara-su-capacidad-de-carga-esta-prevista-que-finalice-en-enero\\\/\"]}]},{\"@type\":\"ImageObject\",\"inLanguage\":\"es-ES\",\"@id\":\"https:\\\/\\\/www.rgvbusinessjournal.com\\\/es\\\/news\\\/06\\\/11\\\/2025\\\/la-ampliacion-del-puente-de-pharr-con-un-coste-de-120-millones-de-dolares-que-duplicara-su-capacidad-de-carga-esta-prevista-que-finalice-en-enero\\\/#primaryimage\",\"url\":\"https:\\\/\\\/www.rgvbusinessjournal.com\\\/wp-content\\\/uploads\\\/2025\\\/11\\\/4.-.jpg\",\"contentUrl\":\"https:\\\/\\\/www.rgvbusinessjournal.com\\\/wp-content\\\/uploads\\\/2025\\\/11\\\/4.-.jpg\",\"width\":2394,\"height\":1793,\"caption\":\"Los camiones cruzan el Puente Internacional Pharr-Reynosa mientras contin\u00faan las obras de ampliaci\u00f3n del tramo gemelo, cuya finalizaci\u00f3n est\u00e1 prevista para enero de 2026. Cortes\u00eda de | Ayuntamiento de Pharr\"},{\"@type\":\"BreadcrumbList\",\"@id\":\"https:\\\/\\\/www.rgvbusinessjournal.com\\\/es\\\/news\\\/06\\\/11\\\/2025\\\/la-ampliacion-del-puente-de-pharr-con-un-coste-de-120-millones-de-dolares-que-duplicara-su-capacidad-de-carga-esta-prevista-que-finalice-en-enero\\\/#breadcrumb\",\"itemListElement\":[{\"@type\":\"ListItem\",\"position\":1,\"name\":\"Home\",\"item\":\"https:\\\/\\\/www.rgvbusinessjournal.com\\\/es\\\/inicio\\\/\"},{\"@type\":\"ListItem\",\"position\":2,\"name\":\"La ampliaci\u00f3n del puente de Pharr, con un coste de 120 millones de d\u00f3lares, que duplicar\u00e1 su capacidad de carga, est\u00e1 prevista que finalice en enero.\"}]},{\"@type\":\"WebSite\",\"@id\":\"https:\\\/\\\/www.rgvbusinessjournal.com\\\/es\\\/#website\",\"url\":\"https:\\\/\\\/www.rgvbusinessjournal.com\\\/es\\\/\",\"name\":\"Rio Grande Valley Business Journal\",\"description\":\"\",\"publisher\":{\"@id\":\"https:\\\/\\\/www.rgvbusinessjournal.com\\\/es\\\/#organization\"},\"potentialAction\":[{\"@type\":\"SearchAction\",\"target\":{\"@type\":\"EntryPoint\",\"urlTemplate\":\"https:\\\/\\\/www.rgvbusinessjournal.com\\\/es\\\/?s={search_term_string}\"},\"query-input\":{\"@type\":\"PropertyValueSpecification\",\"valueRequired\":true,\"valueName\":\"search_term_string\"}}],\"inLanguage\":\"es-ES\"},{\"@type\":\"Organization\",\"@id\":\"https:\\\/\\\/www.rgvbusinessjournal.com\\\/es\\\/#organization\",\"name\":\"Rio Grande Valley Business Journal\",\"alternateName\":\"RGV Business Journal\",\"url\":\"https:\\\/\\\/www.rgvbusinessjournal.com\\\/es\\\/\",\"logo\":{\"@type\":\"ImageObject\",\"inLanguage\":\"es-ES\",\"@id\":\"https:\\\/\\\/www.rgvbusinessjournal.com\\\/es\\\/#\\\/schema\\\/logo\\\/image\\\/\",\"url\":\"https:\\\/\\\/www.rgvbusinessjournal.com\\\/wp-content\\\/uploads\\\/2026\\\/01\\\/535504352_122102206586984207_2702720257970470495_n.jpg\",\"contentUrl\":\"https:\\\/\\\/www.rgvbusinessjournal.com\\\/wp-content\\\/uploads\\\/2026\\\/01\\\/535504352_122102206586984207_2702720257970470495_n.jpg\",\"width\":1000,\"height\":1000,\"caption\":\"Rio Grande Valley Business Journal\"},\"image\":{\"@id\":\"https:\\\/\\\/www.rgvbusinessjournal.com\\\/es\\\/#\\\/schema\\\/logo\\\/image\\\/\"},\"sameAs\":[\"https:\\\/\\\/www.facebook.com\\\/RGVBizJournal\\\/\",\"https:\\\/\\\/x.com\\\/RGVBizJournal\",\"https:\\\/\\\/www.linkedin.com\\\/company\\\/rio-grande-valley-business-journal\\\/\",\"https:\\\/\\\/www.youtube.com\\\/@RGVBizJournal\",\"https:\\\/\\\/www.instagram.com\\\/rgvbiznews\\\/\",\"https:\\\/\\\/www.tiktok.com\\\/@rgvbizjournal\"],\"description\":\"The Rio Grande Valley Business Journal is a digital-first newsroom focused on business, economic trends, real estate, healthcare, and regional developments in South Texas (Cameron, Hidalgo, Starr, and Willacy counties) and nearby Mexican industrial cities like Reynosa and Matamoros. It provides impartial reporting, data analyses, and insights for decision-makers in a fast-growing binational corridor home to nearly three million people and billions in annual trade.\",\"naics\":\"511110\"},{\"@type\":\"Person\",\"@id\":\"https:\\\/\\\/www.rgvbusinessjournal.com\\\/es\\\/#\\\/schema\\\/person\\\/6916ceff833bba09c2845843d50459ed\",\"name\":\"Anayancy Ulloa\",\"image\":{\"@type\":\"ImageObject\",\"inLanguage\":\"es-ES\",\"@id\":\"https:\\\/\\\/secure.gravatar.com\\\/avatar\\\/9f6b255f9a7692cc73d7506de1b4cbe5ccca3c8da92ccf31e82be50d3df58ec0?s=96&r=g\",\"url\":\"https:\\\/\\\/secure.gravatar.com\\\/avatar\\\/9f6b255f9a7692cc73d7506de1b4cbe5ccca3c8da92ccf31e82be50d3df58ec0?s=96&r=g\",\"contentUrl\":\"https:\\\/\\\/secure.gravatar.com\\\/avatar\\\/9f6b255f9a7692cc73d7506de1b4cbe5ccca3c8da92ccf31e82be50d3df58ec0?s=96&r=g\",\"caption\":\"Anayancy Ulloa\"},\"url\":\"https:\\\/\\\/www.rgvbusinessjournal.com\\\/es\\\/news\\\/author\\\/anayancy-ulloa\\\/\"}]}<\/script>\n<!-- \/ Yoast SEO Premium plugin. -->","yoast_head_json":{"title":"La ampliaci\u00f3n del puente de Pharr, con un coste de 120 millones de d\u00f3lares, que duplicar\u00e1 su capacidad de carga, est\u00e1 prevista que finalice en enero.","robots":{"index":"index","follow":"follow","max-snippet":"max-snippet:-1","max-image-preview":"max-image-preview:large","max-video-preview":"max-video-preview:-1"},"canonical":"https:\/\/www.rgvbusinessjournal.com\/es\/news\/06\/11\/2025\/la-ampliacion-del-puente-de-pharr-con-un-coste-de-120-millones-de-dolares-que-duplicara-su-capacidad-de-carga-esta-prevista-que-finalice-en-enero\/","og_locale":"es_ES","og_type":"article","og_title":"La ampliaci\u00f3n del puente de Pharr, con un coste de 120 millones de d\u00f3lares, que duplicar\u00e1 su capacidad de carga, est\u00e1 prevista que finalice en enero.","og_description":"RGV Business Journal covers business news in the Rio Grande Valley of Texas and the Mexican cities of Reynosa and Matamoros.","og_url":"https:\/\/www.rgvbusinessjournal.com\/es\/news\/06\/11\/2025\/la-ampliacion-del-puente-de-pharr-con-un-coste-de-120-millones-de-dolares-que-duplicara-su-capacidad-de-carga-esta-prevista-que-finalice-en-enero\/","og_site_name":"Rio Grande Valley Business Journal","article_publisher":"https:\/\/www.facebook.com\/RGVBizJournal\/","article_published_time":"2025-11-07T02:19:13+00:00","article_modified_time":"2026-07-15T21:05:08+00:00","og_image":[{"width":2394,"height":1793,"url":"https:\/\/www.rgvbusinessjournal.com\/wp-content\/uploads\/2025\/11\/4.-.jpg","type":"image\/jpeg"}],"author":"Anayancy Ulloa","twitter_card":"summary_large_image","twitter_creator":"@RGVBizJournal","twitter_site":"@RGVBizJournal","twitter_misc":{"Written by":"Anayancy Ulloa","Est. reading time":"5 minutes"},"schema":{"@context":"https:\/\/schema.org","@graph":[{"@type":"NewsArticle","@id":"https:\/\/www.rgvbusinessjournal.com\/es\/news\/06\/11\/2025\/la-ampliacion-del-puente-de-pharr-con-un-coste-de-120-millones-de-dolares-que-duplicara-su-capacidad-de-carga-esta-prevista-que-finalice-en-enero\/#article","isPartOf":{"@id":"https:\/\/www.rgvbusinessjournal.com\/es\/news\/06\/11\/2025\/la-ampliacion-del-puente-de-pharr-con-un-coste-de-120-millones-de-dolares-que-duplicara-su-capacidad-de-carga-esta-prevista-que-finalice-en-enero\/"},"author":{"name":"Anayancy Ulloa","@id":"https:\/\/www.rgvbusinessjournal.com\/es\/#\/schema\/person\/6916ceff833bba09c2845843d50459ed"},"headline":"La ampliaci\u00f3n del puente de Pharr, con un coste de 120 millones de d\u00f3lares, que duplicar\u00e1 su capacidad de carga, est\u00e1 prevista que finalice en enero.","datePublished":"2025-11-07T02:19:13+00:00","dateModified":"2026-07-15T21:05:08+00:00","mainEntityOfPage":{"@id":"https:\/\/www.rgvbusinessjournal.com\/es\/news\/06\/11\/2025\/la-ampliacion-del-puente-de-pharr-con-un-coste-de-120-millones-de-dolares-que-duplicara-su-capacidad-de-carga-esta-prevista-que-finalice-en-enero\/"},"wordCount":956,"publisher":{"@id":"https:\/\/www.rgvbusinessjournal.com\/es\/#organization"},"image":{"@id":"https:\/\/www.rgvbusinessjournal.com\/es\/news\/06\/11\/2025\/la-ampliacion-del-puente-de-pharr-con-un-coste-de-120-millones-de-dolares-que-duplicara-su-capacidad-de-carga-esta-prevista-que-finalice-en-enero\/#primaryimage"},"thumbnailUrl":"https:\/\/www.rgvbusinessjournal.com\/wp-content\/uploads\/2025\/11\/4.-.jpg","keywords":["binational trade","Hidalgo County","Logistics","Pharr","Pharr International Bridge","puente","Rio Grande Valley","transportation"],"articleSection":["Inmobiliaria"],"inLanguage":"es-ES"},{"@type":"WebPage","@id":"https:\/\/www.rgvbusinessjournal.com\/es\/news\/06\/11\/2025\/la-ampliacion-del-puente-de-pharr-con-un-coste-de-120-millones-de-dolares-que-duplicara-su-capacidad-de-carga-esta-prevista-que-finalice-en-enero\/","url":"https:\/\/www.rgvbusinessjournal.com\/es\/news\/06\/11\/2025\/la-ampliacion-del-puente-de-pharr-con-un-coste-de-120-millones-de-dolares-que-duplicara-su-capacidad-de-carga-esta-prevista-que-finalice-en-enero\/","name":"La ampliaci\u00f3n del puente de Pharr, con un coste de 120 millones de d\u00f3lares, que duplicar\u00e1 su capacidad de carga, est\u00e1 prevista que finalice en enero.","isPartOf":{"@id":"https:\/\/www.rgvbusinessjournal.com\/es\/#website"},"primaryImageOfPage":{"@id":"https:\/\/www.rgvbusinessjournal.com\/es\/news\/06\/11\/2025\/la-ampliacion-del-puente-de-pharr-con-un-coste-de-120-millones-de-dolares-que-duplicara-su-capacidad-de-carga-esta-prevista-que-finalice-en-enero\/#primaryimage"},"image":{"@id":"https:\/\/www.rgvbusinessjournal.com\/es\/news\/06\/11\/2025\/la-ampliacion-del-puente-de-pharr-con-un-coste-de-120-millones-de-dolares-que-duplicara-su-capacidad-de-carga-esta-prevista-que-finalice-en-enero\/#primaryimage"},"thumbnailUrl":"https:\/\/www.rgvbusinessjournal.com\/wp-content\/uploads\/2025\/11\/4.-.jpg","datePublished":"2025-11-07T02:19:13+00:00","dateModified":"2026-07-15T21:05:08+00:00","breadcrumb":{"@id":"https:\/\/www.rgvbusinessjournal.com\/es\/news\/06\/11\/2025\/la-ampliacion-del-puente-de-pharr-con-un-coste-de-120-millones-de-dolares-que-duplicara-su-capacidad-de-carga-esta-prevista-que-finalice-en-enero\/#breadcrumb"},"inLanguage":"es-ES","potentialAction":[{"@type":"ReadAction","target":["https:\/\/www.rgvbusinessjournal.com\/es\/news\/06\/11\/2025\/la-ampliacion-del-puente-de-pharr-con-un-coste-de-120-millones-de-dolares-que-duplicara-su-capacidad-de-carga-esta-prevista-que-finalice-en-enero\/"]}]},{"@type":"ImageObject","inLanguage":"es-ES","@id":"https:\/\/www.rgvbusinessjournal.com\/es\/news\/06\/11\/2025\/la-ampliacion-del-puente-de-pharr-con-un-coste-de-120-millones-de-dolares-que-duplicara-su-capacidad-de-carga-esta-prevista-que-finalice-en-enero\/#primaryimage","url":"https:\/\/www.rgvbusinessjournal.com\/wp-content\/uploads\/2025\/11\/4.-.jpg","contentUrl":"https:\/\/www.rgvbusinessjournal.com\/wp-content\/uploads\/2025\/11\/4.-.jpg","width":2394,"height":1793,"caption":"Los camiones cruzan el Puente Internacional Pharr-Reynosa mientras contin\u00faan las obras de ampliaci\u00f3n del tramo gemelo, cuya finalizaci\u00f3n est\u00e1 prevista para enero de 2026. Cortes\u00eda de | Ayuntamiento de Pharr"},{"@type":"BreadcrumbList","@id":"https:\/\/www.rgvbusinessjournal.com\/es\/news\/06\/11\/2025\/la-ampliacion-del-puente-de-pharr-con-un-coste-de-120-millones-de-dolares-que-duplicara-su-capacidad-de-carga-esta-prevista-que-finalice-en-enero\/#breadcrumb","itemListElement":[{"@type":"ListItem","position":1,"name":"Home","item":"https:\/\/www.rgvbusinessjournal.com\/es\/inicio\/"},{"@type":"ListItem","position":2,"name":"La ampliaci\u00f3n del puente de Pharr, con un coste de 120 millones de d\u00f3lares, que duplicar\u00e1 su capacidad de carga, est\u00e1 prevista que finalice en enero."}]},{"@type":"WebSite","@id":"https:\/\/www.rgvbusinessjournal.com\/es\/#website","url":"https:\/\/www.rgvbusinessjournal.com\/es\/","name":"Rio Grande Valley Business Journal","description":"","publisher":{"@id":"https:\/\/www.rgvbusinessjournal.com\/es\/#organization"},"potentialAction":[{"@type":"SearchAction","target":{"@type":"EntryPoint","urlTemplate":"https:\/\/www.rgvbusinessjournal.com\/es\/?s={search_term_string}"},"query-input":{"@type":"PropertyValueSpecification","valueRequired":true,"valueName":"search_term_string"}}],"inLanguage":"es-ES"},{"@type":"Organization","@id":"https:\/\/www.rgvbusinessjournal.com\/es\/#organization","name":"Rio Grande Valley Business Journal","alternateName":"RGV Business Journal","url":"https:\/\/www.rgvbusinessjournal.com\/es\/","logo":{"@type":"ImageObject","inLanguage":"es-ES","@id":"https:\/\/www.rgvbusinessjournal.com\/es\/#\/schema\/logo\/image\/","url":"https:\/\/www.rgvbusinessjournal.com\/wp-content\/uploads\/2026\/01\/535504352_122102206586984207_2702720257970470495_n.jpg","contentUrl":"https:\/\/www.rgvbusinessjournal.com\/wp-content\/uploads\/2026\/01\/535504352_122102206586984207_2702720257970470495_n.jpg","width":1000,"height":1000,"caption":"Rio Grande Valley Business Journal"},"image":{"@id":"https:\/\/www.rgvbusinessjournal.com\/es\/#\/schema\/logo\/image\/"},"sameAs":["https:\/\/www.facebook.com\/RGVBizJournal\/","https:\/\/x.com\/RGVBizJournal","https:\/\/www.linkedin.com\/company\/rio-grande-valley-business-journal\/","https:\/\/www.youtube.com\/@RGVBizJournal","https:\/\/www.instagram.com\/rgvbiznews\/","https:\/\/www.tiktok.com\/@rgvbizjournal"],"description":"The Rio Grande Valley Business Journal is a digital-first newsroom focused on business, economic trends, real estate, healthcare, and regional developments in South Texas (Cameron, Hidalgo, Starr, and Willacy counties) and nearby Mexican industrial cities like Reynosa and Matamoros. It provides impartial reporting, data analyses, and insights for decision-makers in a fast-growing binational corridor home to nearly three million people and billions in annual trade.","naics":"511110"},{"@type":"Person","@id":"https:\/\/www.rgvbusinessjournal.com\/es\/#\/schema\/person\/6916ceff833bba09c2845843d50459ed","name":"Anayancy Ulloa","image":{"@type":"ImageObject","inLanguage":"es-ES","@id":"https:\/\/secure.gravatar.com\/avatar\/9f6b255f9a7692cc73d7506de1b4cbe5ccca3c8da92ccf31e82be50d3df58ec0?s=96&r=g","url":"https:\/\/secure.gravatar.com\/avatar\/9f6b255f9a7692cc73d7506de1b4cbe5ccca3c8da92ccf31e82be50d3df58ec0?s=96&r=g","contentUrl":"https:\/\/secure.gravatar.com\/avatar\/9f6b255f9a7692cc73d7506de1b4cbe5ccca3c8da92ccf31e82be50d3df58ec0?s=96&r=g","caption":"Anayancy Ulloa"},"url":"https:\/\/www.rgvbusinessjournal.com\/es\/news\/author\/anayancy-ulloa\/"}]}},"preview_block_count":4,"is_paywalled":false,"_links":{"self":[{"href":"https:\/\/www.rgvbusinessjournal.com\/es\/wp-json\/wp\/v2\/posts\/19139","targetHints":{"allow":["GET"]}}],"collection":[{"href":"https:\/\/www.rgvbusinessjournal.com\/es\/wp-json\/wp\/v2\/posts"}],"about":[{"href":"https:\/\/www.rgvbusinessjournal.com\/es\/wp-json\/wp\/v2\/types\/post"}],"author":[{"embeddable":true,"href":"https:\/\/www.rgvbusinessjournal.com\/es\/wp-json\/wp\/v2\/users\/16"}],"replies":[{"embeddable":true,"href":"https:\/\/www.rgvbusinessjournal.com\/es\/wp-json\/wp\/v2\/comments?post=19139"}],"version-history":[{"count":1,"href":"https:\/\/www.rgvbusinessjournal.com\/es\/wp-json\/wp\/v2\/posts\/19139\/revisions"}],"predecessor-version":[{"id":20225,"href":"https:\/\/www.rgvbusinessjournal.com\/es\/wp-json\/wp\/v2\/posts\/19139\/revisions\/20225"}],"wp:featuredmedia":[{"embeddable":true,"href":"https:\/\/www.rgvbusinessjournal.com\/es\/wp-json\/wp\/v2\/media\/19147"}],"wp:attachment":[{"href":"https:\/\/www.rgvbusinessjournal.com\/es\/wp-json\/wp\/v2\/media?parent=19139"}],"wp:term":[{"taxonomy":"category","embeddable":true,"href":"https:\/\/www.rgvbusinessjournal.com\/es\/wp-json\/wp\/v2\/categories?post=19139"},{"taxonomy":"post_tag","embeddable":true,"href":"https:\/\/www.rgvbusinessjournal.com\/es\/wp-json\/wp\/v2\/tags?post=19139"}],"curies":[{"name":"wp","href":"https:\/\/api.w.org\/{rel}","templated":true}]}}