{"id":19597,"date":"2025-11-15T16:17:57","date_gmt":"2025-11-15T22:17:57","guid":{"rendered":"https:\/\/www.rgvbusinessjournal.com\/news\/15\/07\/2026\/por-que-el-primer-proyecto-de-centro-de-datos-de-50-millones-de-dolares-del-condado-de-willacy-se-alimentara-de-energia-eolica\/"},"modified":"2026-07-15T16:04:56","modified_gmt":"2026-07-15T21:04:56","slug":"por-que-el-primer-proyecto-de-centro-de-datos-de-50-millones-de-dolares-del-condado-de-willacy-se-alimentara-de-energia-eolica","status":"publish","type":"post","link":"https:\/\/www.rgvbusinessjournal.com\/es\/news\/15\/11\/2025\/por-que-el-primer-proyecto-de-centro-de-datos-de-50-millones-de-dolares-del-condado-de-willacy-se-alimentara-de-energia-eolica\/","title":{"rendered":"Por qu\u00e9 el primer proyecto de centro de datos de 50 millones de d\u00f3lares del condado de Willacy se alimentar\u00e1 de energ\u00eda e\u00f3lica"},"content":{"rendered":"\n<p class=\"wp-block-paragraph\">En un tramo solitario de la carretera del condado de Willacy, cientos de aerogeneradores se mecen con la brisa mientras los cultivos siguen creciendo en las tierras de cultivo que se extienden a sus pies.\u00a0<\/p>\n\n\n\n<p class=\"wp-block-paragraph\">La industria m\u00e1s reciente de este condado rural del Valle del R\u00edo Grande son los centros de datos, que aprovechan toda esa energ\u00eda e\u00f3lica, que a menudo genera m\u00e1s electricidad de la que demanda la red el\u00e9ctrica.\u00a0<\/p>\n\n\n\n<p class=\"wp-block-paragraph\">\u00abSupongo que tenemos la suerte de contar con estos aerogeneradores, porque han sido los que han hecho posible todo esto\u00bb, declar\u00f3 el juez del condado de Willacy, Auerlio \u00abKeter\u00bb Guerra, en una entrevista con el <a href=\"https:\/\/www.rgvbusinessjournal.com\/es\/\"><em>Rio Grande Valley Business Journal<\/em><\/a>. \u00abHe ido hasta all\u00ed varias veces y las obras est\u00e1n en marcha; hay mucha maquinaria pesada en la zona, as\u00ed que estamos deseando que se termine ese proyecto\u00bb.\u00a0<\/p>\n\n\n\n<p class=\"wp-block-paragraph\">All\u00ed, en un remoto rinc\u00f3n del sureste de la comunidad, justo al norte de County Line Road y al este de la carretera Farm-to-Market 1420, se est\u00e1 construyendo el primer centro de datos.\u00a0<\/p>\n\n\n\n<p class=\"wp-block-paragraph\">Soluna Holdings, la empresa que cotiza en bolsa con sede en Albany (Nueva York) y que se encarga de la construcci\u00f3n y la gesti\u00f3n de estos centros de datos, prev\u00e9 que el primer cl\u00faster entre en funcionamiento a finales de 2026.\u00a0<\/p>\n\n\n\n<p class=\"wp-block-paragraph\">Ser\u00e1 el proyecto m\u00e1s grande de la empresa hasta la fecha. Ya utiliza 2,8 gigavatios de energ\u00eda renovable para abastecer de energ\u00eda a sus centros de datos en todo Texas.\u00a0<\/p>\n\n\n\n<figure class=\"wp-block-embed alignright is-type-video is-provider-youtube wp-block-embed-youtube wp-embed-aspect-9-16 wp-has-aspect-ratio\"><div class=\"wp-block-embed__wrapper\">\n<iframe loading=\"lazy\" title=\"Willacy County Judge Auerlio Guerra about the new data center near Lyford.\" width=\"563\" height=\"1000\" src=\"https:\/\/www.youtube.com\/embed\/98u2ZRlptIo?feature=oembed\" frameborder=\"0\" allow=\"accelerometer; autoplay; clipboard-write; encrypted-media; gyroscope; picture-in-picture; web-share\" referrerpolicy=\"strict-origin-when-cross-origin\" allowfullscreen><\/iframe>\n<\/div><\/figure>\n\n\n\n<p class=\"wp-block-paragraph\">\u00abPara convertir la energ\u00eda sostenible que queda sin aprovechar en potencia de c\u00e1lculo, hay que replantearse el centro de datos, c\u00f3mo se gestiona y c\u00f3mo se integra con el suministro el\u00e9ctrico, y eso es precisamente lo que hemos hecho\u00bb, afirm\u00f3 John Belizaire, director ejecutivo de Soluna Holdings, en una entrevista reciente.\u00a0<\/p>\n\n\n\n<p class=\"wp-block-paragraph\">En el condado de Willacy, se prev\u00e9 que la primera fase cueste 50 millones de d\u00f3lares y constar\u00e1 de varios edificios modulares, en lugar de una \u00fanica instalaci\u00f3n gigantesca. El proyecto se<a href=\"https:\/\/www.solunacomputing.com\/news\/galaxy-48mw-project-kati\/\"> <\/a>ha <a href=\"https:\/\/www.solunacomputing.com\/news\/galaxy-48mw-project-kati\/\">adjudicado a<\/a> Galaxy Digital, <a href=\"https:\/\/www.solunacomputing.com\/news\/galaxy-48mw-project-kati\/\">una empresa de miner\u00eda de criptomonedas que cotiza en bolsa<\/a>. Para crear monedas digitales, los servidores inform\u00e1ticos ejecutan ecuaciones matem\u00e1ticas complejas que requieren una gran cantidad de energ\u00eda.\u00a0<\/p>\n\n\n\n<p class=\"wp-block-paragraph\">Seg\u00fan los registros, Soluna prev\u00e9 invertir al menos 30 millones de d\u00f3lares en obras de construcci\u00f3n de aqu\u00ed a finales del a\u00f1o que viene, de acuerdo con su convenio de exenci\u00f3n fiscal con el condado de Willacy.\u00a0<\/p>\n\n\n\n<p class=\"wp-block-paragraph\">Seg\u00fan Soluna, los centros de datos le cuestan a la empresa entre 500 000 y 600 000 d\u00f3lares por megavatio de energ\u00eda necesaria para su funcionamiento.\u00a0<\/p>\n\n\n\n<p class=\"wp-block-paragraph\">La segunda fase del proyecto consistir\u00eda en otro grupo de centros de datos dedicados a la miner\u00eda de criptomonedas.\u00a0<\/p>\n\n\n\n<figure class=\"wp-block-image size-large\"><img loading=\"lazy\" decoding=\"async\" width=\"1024\" height=\"768\" src=\"https:\/\/www.rgvbusinessjournal.com\/wp-content\/uploads\/2025\/11\/WillacyCountyDataCenterConstruction-1024x768.jpeg\" alt=\"\" class=\"wp-image-4850\" srcset=\"https:\/\/www.rgvbusinessjournal.com\/wp-content\/uploads\/2025\/11\/WillacyCountyDataCenterConstruction-1024x768.jpeg 1024w, https:\/\/www.rgvbusinessjournal.com\/wp-content\/uploads\/2025\/11\/WillacyCountyDataCenterConstruction-300x225.jpeg 300w, https:\/\/www.rgvbusinessjournal.com\/wp-content\/uploads\/2025\/11\/WillacyCountyDataCenterConstruction-768x576.jpeg 768w, https:\/\/www.rgvbusinessjournal.com\/wp-content\/uploads\/2025\/11\/WillacyCountyDataCenterConstruction-1536x1152.jpeg 1536w, https:\/\/www.rgvbusinessjournal.com\/wp-content\/uploads\/2025\/11\/WillacyCountyDataCenterConstruction-2048x1536.jpeg 2048w, https:\/\/www.rgvbusinessjournal.com\/wp-content\/uploads\/2025\/11\/WillacyCountyDataCenterConstruction-1440x1080.jpeg 1440w, https:\/\/www.rgvbusinessjournal.com\/wp-content\/uploads\/2025\/11\/WillacyCountyDataCenterConstruction-647x485.jpeg 647w, https:\/\/www.rgvbusinessjournal.com\/wp-content\/uploads\/2025\/11\/WillacyCountyDataCenterConstruction-307x230.jpeg 307w\" sizes=\"auto, (max-width: 1024px) 100vw, 1024px\" \/><figcaption class=\"wp-element-caption\">El centro de datos de Soluna se est\u00e1 construyendo en un terreno situado junto a un enorme parque e\u00f3lico en el condado de Willacy. Cr\u00e9dito de la foto: Kristen Mosbrucker-Garza<\/figcaption><\/figure>\n\n\n\n<p class=\"wp-block-paragraph\">\u00abEl bitcoin\u2026 necesita mucha energ\u00eda, necesita energ\u00eda a bajo coste y es muy resistente a los cortes de suministro\u00bb, afirm\u00f3 Belizaire. \u00abLa diferencia clave de nuestras instalaciones es que son centros de datos flexibles. Nuestros centros de datos no est\u00e1n siempre en funcionamiento (el 100 % del tiempo). Funcionan entre el 95 % y el 98 % del tiempo. En aquellos casos en los que la red el\u00e9ctrica no dispone de suficiente potencia, podemos reducir la actividad del centro de datos muy r\u00e1pidamente\u00bb.\u00a0<\/p>\n\n\n\n<p class=\"wp-block-paragraph\">La tercera fase, dedicada a la inteligencia artificial generativa, podr\u00eda costar hasta 1.000 millones de d\u00f3lares, aunque no se prev\u00e9 que se ponga en marcha hasta, como m\u00ednimo, 2028, y requerir\u00eda una inversi\u00f3n adicional en infraestructuras, como la ampliaci\u00f3n de las redes de cable de fibra \u00f3ptica a las zonas rurales del condado.\u00a0<\/p>\n\n\n\n<p class=\"wp-block-paragraph\">Para ayudar a Soluna a conseguir financiaci\u00f3n de los inversores, el condado de Willacy aprob\u00f3 una exenci\u00f3n fiscal de 15 a\u00f1os por un valor aproximado del 63,2 % del valor de las mejoras del proyecto, quedando el resto sujeto a impuestos. Se trata de un acuerdo de pago en sustituci\u00f3n de impuestos que se espera que genere unos 160 000 d\u00f3lares en ingresos fiscales para el condado durante la primera fase del proyecto. Se propuso un acuerdo similar de exenci\u00f3n fiscal para los impuestos sobre la propiedad del Distrito Escolar Independiente de Lyford.\u00a0<\/p>\n\n\n\n<figure class=\"wp-block-image size-large\"><img loading=\"lazy\" decoding=\"async\" width=\"1024\" height=\"768\" src=\"https:\/\/www.rgvbusinessjournal.com\/wp-content\/uploads\/2025\/11\/willacycountycommissionerscourt-1024x768.jpeg\" alt=\"\" class=\"wp-image-4849\" srcset=\"https:\/\/www.rgvbusinessjournal.com\/wp-content\/uploads\/2025\/11\/willacycountycommissionerscourt-1024x768.jpeg 1024w, https:\/\/www.rgvbusinessjournal.com\/wp-content\/uploads\/2025\/11\/willacycountycommissionerscourt-300x225.jpeg 300w, https:\/\/www.rgvbusinessjournal.com\/wp-content\/uploads\/2025\/11\/willacycountycommissionerscourt-768x576.jpeg 768w, https:\/\/www.rgvbusinessjournal.com\/wp-content\/uploads\/2025\/11\/willacycountycommissionerscourt-1536x1152.jpeg 1536w, https:\/\/www.rgvbusinessjournal.com\/wp-content\/uploads\/2025\/11\/willacycountycommissionerscourt-2048x1536.jpeg 2048w, https:\/\/www.rgvbusinessjournal.com\/wp-content\/uploads\/2025\/11\/willacycountycommissionerscourt-1440x1080.jpeg 1440w, https:\/\/www.rgvbusinessjournal.com\/wp-content\/uploads\/2025\/11\/willacycountycommissionerscourt-647x485.jpeg 647w, https:\/\/www.rgvbusinessjournal.com\/wp-content\/uploads\/2025\/11\/willacycountycommissionerscourt-307x230.jpeg 307w\" sizes=\"auto, (max-width: 1024px) 100vw, 1024px\" \/><figcaption class=\"wp-element-caption\">Los concejales del condado de Willacy votaron a favor de una exenci\u00f3n fiscal para el proyecto del centro de datos de Soluna Holdings. Cr\u00e9dito de la foto: Kristen Mosbrucker-Garza<\/figcaption><\/figure>\n\n\n\n<p class=\"wp-block-paragraph\">Soluna prev\u00e9 crear 18 puestos de trabajo fijos en los tres primeros a\u00f1os, y la construcci\u00f3n generar\u00e1 75 puestos de trabajo.\u00a0<\/p>\n\n\n\n<p class=\"wp-block-paragraph\">\u00abContribuye a nuestra base impositiva. Lo que suelo hacer es compararlo con cu\u00e1ntas viviendas habr\u00eda que construir para compensar ese valor. As\u00ed es como yo lo veo, y se necesitar\u00edan cientos de viviendas\u00bb, afirm\u00f3 Guerra. \u00abAunque el n\u00famero de puestos de trabajo no sea especialmente elevado, nos han dicho que se trata de empleos bien remunerados\u00bb.\u00a0<\/p>\n\n\n\n<p class=\"wp-block-paragraph\">Guerra conf\u00eda en que los colegios locales y la escuela superior comunitaria puedan formar a los alumnos que, con el tiempo, podr\u00edan trabajar en esos centros de datos.\u00a0<\/p>\n\n\n\n<p class=\"wp-block-paragraph\">Seg\u00fan los registros, Soluna prometi\u00f3 formaci\u00f3n en el puesto de trabajo a 12 residentes del condado de Willacy para que se convirtieran en t\u00e9cnicos de centros de datos dentro de la operaci\u00f3n de miner\u00eda de criptomonedas.\u00a0<\/p>\n\n\n\n<p class=\"wp-block-paragraph\">Las dos primeras fases de los cl\u00fasteres de centros de datos requerir\u00edan 83 megavatios cada una, lo que supone un total de 166 megavatios. El parque e\u00f3lico de Las Majadas, propiedad de EDF Renewables North America, genera 273 megavatios de electricidad, lo que podr\u00eda abastecer de energ\u00eda a unos 100 000 hogares.\u00a0<\/p>\n\n\n\n<figure class=\"wp-block-embed alignleft is-type-video is-provider-youtube wp-block-embed-youtube wp-embed-aspect-9-16 wp-has-aspect-ratio\"><div class=\"wp-block-embed__wrapper\">\n<iframe loading=\"lazy\" title=\"John Belizaire is the CEO of a data center company Soluna building in Willacy County, Texas\" width=\"563\" height=\"1000\" src=\"https:\/\/www.youtube.com\/embed\/LoQwyhx1qWM?feature=oembed\" frameborder=\"0\" allow=\"accelerometer; autoplay; clipboard-write; encrypted-media; gyroscope; picture-in-picture; web-share\" referrerpolicy=\"strict-origin-when-cross-origin\" allowfullscreen><\/iframe>\n<\/div><\/figure>\n\n\n\n<p class=\"wp-block-paragraph\">Soluna y EDF han llegado a un acuerdo por el que Soluna compra la mayor parte de la electricidad generada por sus turbinas.\u00a0<\/p>\n\n\n\n<p class=\"wp-block-paragraph\">EDF Renewables ha indicado que el parque e\u00f3lico se construy\u00f3 en una zona en la que tambi\u00e9n operan otros siete parques e\u00f3licos, y que se conect\u00f3 a la red el\u00e9ctrica en 2021.\u00a0<\/p>\n\n\n\n<p class=\"wp-block-paragraph\">\u00abEn Texas, en estas zonas tan ventosas, el viento ha sido hist\u00f3ricamente la forma m\u00e1s barata de generar energ\u00eda\u00bb, afirm\u00f3 Gabe Messercola, director de soluciones para centros de datos de EDF Power Solutions, una filial de EDF Renewables North America. \u00abCuando este proyecto entr\u00f3 en funcionamiento, la viabilidad econ\u00f3mica era s\u00f3lida. Posteriormente, se desarrollaron muchos otros proyectos en la zona\u00bb.\u00a0<\/p>\n\n\n\n<p class=\"wp-block-paragraph\">Por ello, el precio al que vend\u00eda la electricidad en el mercado del Consejo de Fiabilidad El\u00e9ctrica de Texas (ERCOT) fue, en ocasiones, negativo aproximadamente el 30 % del tiempo debido a la competencia.\u00a0<\/p>\n\n\n\n<p class=\"wp-block-paragraph\">\u00abEs una gran cantidad de energ\u00eda desperdiciada\u00bb, afirm\u00f3 Messercola. \u00abHa habido mucha congesti\u00f3n y precios negativos, en los que la producci\u00f3n de energ\u00eda nos cuesta dinero, o incluso tenemos que paralizar el proyecto porque no resulta rentable. Por eso, busc\u00e1bamos formas creativas de aprovechar esa energ\u00eda\u00bb.\u00a0<\/p>\n\n\n\n<p class=\"wp-block-paragraph\">Esto se debe, en parte, a que no hay suficientes l\u00edneas de transmisi\u00f3n el\u00e9ctrica para llevar la energ\u00eda a las zonas de Texas donde m\u00e1s se necesita, y a que la red depende de que la energ\u00eda se genere durante los picos de demanda, lo que podr\u00eda ocurrir por la noche, cuando sopla menos viento.\u00a0<\/p>\n\n\n\n<p class=\"wp-block-paragraph\">Uno de los problemas de las l\u00edneas de transmisi\u00f3n es que el proceso de aprobaci\u00f3n puede llevar a\u00f1os, y un proyecto que podr\u00eda ponerse en marcha dentro de cinco a\u00f1os \u2014\u00abque resuelva todos tus problemas\u00bb\u2014 podr\u00eda cancelarse en cualquier momento, afirm\u00f3.\u00a0<\/p>\n\n\n\n<p class=\"wp-block-paragraph\">Aunque EDF y Soluna tienen un contrato de compra de energ\u00eda, EDF sigue estando autorizada a vender la energ\u00eda que desee a la red, y Soluna tambi\u00e9n puede comprar energ\u00eda de la red.\u00a0<\/p>\n\n\n\n<figure class=\"wp-block-image size-large\"><img loading=\"lazy\" decoding=\"async\" width=\"1024\" height=\"672\" src=\"https:\/\/www.rgvbusinessjournal.com\/wp-content\/uploads\/2025\/11\/SolunaWindDataCenterLasMajadas2-e1763151782340-1024x672.png\" alt=\"\" class=\"wp-image-4847\" srcset=\"https:\/\/www.rgvbusinessjournal.com\/wp-content\/uploads\/2025\/11\/SolunaWindDataCenterLasMajadas2-e1763151782340-1024x672.png 1024w, https:\/\/www.rgvbusinessjournal.com\/wp-content\/uploads\/2025\/11\/SolunaWindDataCenterLasMajadas2-e1763151782340-300x197.png 300w, https:\/\/www.rgvbusinessjournal.com\/wp-content\/uploads\/2025\/11\/SolunaWindDataCenterLasMajadas2-e1763151782340-768x504.png 768w, https:\/\/www.rgvbusinessjournal.com\/wp-content\/uploads\/2025\/11\/SolunaWindDataCenterLasMajadas2-e1763151782340-1536x1008.png 1536w, https:\/\/www.rgvbusinessjournal.com\/wp-content\/uploads\/2025\/11\/SolunaWindDataCenterLasMajadas2-e1763151782340-1646x1080.png 1646w, https:\/\/www.rgvbusinessjournal.com\/wp-content\/uploads\/2025\/11\/SolunaWindDataCenterLasMajadas2-e1763151782340-690x453.png 690w, https:\/\/www.rgvbusinessjournal.com\/wp-content\/uploads\/2025\/11\/SolunaWindDataCenterLasMajadas2-e1763151782340-350x230.png 350w, https:\/\/www.rgvbusinessjournal.com\/wp-content\/uploads\/2025\/11\/SolunaWindDataCenterLasMajadas2-e1763151782340.png 1817w\" sizes=\"auto, (max-width: 1024px) 100vw, 1024px\" \/><figcaption class=\"wp-element-caption\">Cortes\u00eda de | Soluna Holdings <\/figcaption><\/figure>\n\n\n\n<p class=\"wp-block-paragraph\">\u00abQueremos ser muy conscientes de esto, es decir, no vamos a desconectar esta central el\u00e9ctrica de la red\u00bb, afirm\u00f3 Messercola.\u00a0<\/p>\n\n\n\n<p class=\"wp-block-paragraph\">Soluna tambi\u00e9n explic\u00f3 que su plan no \u00absupone una carga excesiva para las centrales el\u00e9ctricas situadas aguas abajo&#8230; que abastecen a los usuarios en sus hogares para respaldar este nuevo crecimiento\u00bb.\u00a0<\/p>\n\n\n\n<p class=\"wp-block-paragraph\">La empresa dedica todos los nombres de sus centros de datos a mujeres cient\u00edficas que han tenido que luchar a lo largo de su carrera para que se les reconocieran sus logros.\u00a0\u00a0<\/p>\n\n\n\n<p class=\"wp-block-paragraph\">El proyecto del condado de Willacy, \u00abKati\u00bb, recibe su nombre en honor a la investigadora h\u00fangara y ganadora del Premio Nobel Katalin Karik\u00f3, <a href=\"https:\/\/www.nobelprize.org\/prizes\/medicine\/2023\/press-release\/\">cuyo trabajo sobre el ARNm contribuy\u00f3 al desarrollo de la vacuna contra la COVID-19<\/a>.\u00a0<\/p>\n\n\n\n<p class=\"wp-block-paragraph\">\u00abPonemos a todos nuestros proyectos el nombre de estos impulsores tan geniales porque eso es en lo que queremos convertirnos\u00bb, afirm\u00f3 Belizaire.\u00a0<\/p>\n\n\n\n<p class=\"wp-block-paragraph\">Esto se debe a que, en sus inicios, a la empresa le cost\u00f3 mucho conseguir financiaci\u00f3n de inversores para su idea. Pero ahora ha vendido lo suficiente como para seguir creciendo y satisfacer la demanda.\u00a0<\/p>\n\n\n\n<p class=\"wp-block-paragraph\">\u00abHace ocho a\u00f1os, cuando dijimos que \u00edbamos a construir centros de datos conectados a energ\u00edas renovables, todo el mundo nos mir\u00f3 con extra\u00f1eza. Pensaban: \u201c\u00bfDe qu\u00e9 est\u00e1is hablando? Los centros de datos necesitan un suministro el\u00e9ctrico continuo\u201d\u00bb, afirm\u00f3 Belizaire. \u00abLa IA ha llegado para quedarse. Y va a necesitar mucha energ\u00eda. Tenemos la responsabilidad de garantizar que todo esto se haga de forma sostenible\u00bb.\u00a0<\/p>\n","protected":false},"excerpt":{"rendered":"<p>Soluna, la empresa dedicada a los centros de datos, prev\u00e9 crear 18 puestos de trabajo fijos en los tres primeros a\u00f1os, y la construcci\u00f3n generar\u00e1 75 puestos de trabajo.<\/p>\n","protected":false},"author":9,"featured_media":18434,"comment_status":"closed","ping_status":"","sticky":false,"template":"","format":"standard","meta":{"_acf_changed":false,"apple_news_api_created_at":"","apple_news_api_id":"","apple_news_api_modified_at":"","apple_news_api_revision":"","apple_news_api_share_url":"","apple_news_cover_media_provider":"image","apple_news_coverimage":0,"apple_news_coverimage_caption":"","apple_news_cover_video_id":0,"apple_news_cover_video_url":"","apple_news_cover_embedwebvideo_url":"","apple_news_is_hidden":"","apple_news_is_paid":"","apple_news_is_preview":"","apple_news_is_sponsored":"","apple_news_maturity_rating":"","apple_news_metadata":"\"\"","apple_news_pullquote":"","apple_news_pullquote_position":"","apple_news_slug":"","apple_news_sections":[],"apple_news_suppress_video_url":false,"apple_news_use_image_component":false,"post_views_count":1,"footnotes":""},"categories":[17,2377,9,2334,107,2374],"tags":[4368,4370,3123,2558,374,2370,138,641,2483,65,642,2379,2501,3445,71,2356,70,637,68,2354,2352,2497,219,638,640],"class_list":["post-19597","post","type-post","status-publish","format-standard","has-post-thumbnail","hentry","category-economic-trends","category-energia-es","category-energy","category-inmobiliaria-es","category-real-estate","category-tendencias-economicas-es","tag-a-su-izquierda-es","tag-aerogeneradores-es","tag-centro-de-datos-es","tag-condado-de-willacy-es","tag-data-center","tag-desarrollo-economico-es","tag-economic-development","tag-electric-grid","tag-electricidad-es","tag-electricity","tag-ercot","tag-ercot-es-es","tag-parque-eolico-es","tag-red-electrica-es","tag-rgv","tag-rgv-es-es","tag-rio-grande-valley","tag-soluna","tag-south-texas","tag-sur-de-texas-es","tag-valle-del-rio-grande-es","tag-viento-es","tag-willacy-county","tag-wind","tag-wind-farm"],"acf":{"is_features_post":[],"is_sponser":[],"hide_author":[],"hide_author_biography":[]},"apple_news_notices":[],"yoast_head":"<!-- This site is optimized with the Yoast SEO Premium plugin v28.4 (Yoast SEO v28.4) - https:\/\/yoast.com\/product\/yoast-seo-premium-wordpress\/ -->\n<title>Por qu\u00e9 el primer proyecto de centro de datos de 50 millones de d\u00f3lares del condado de Willacy se alimentar\u00e1 de energ\u00eda e\u00f3lica<\/title>\n<meta name=\"robots\" content=\"index, follow, max-snippet:-1, max-image-preview:large, max-video-preview:-1\" \/>\n<link rel=\"canonical\" href=\"https:\/\/www.rgvbusinessjournal.com\/es\/news\/15\/11\/2025\/por-que-el-primer-proyecto-de-centro-de-datos-de-50-millones-de-dolares-del-condado-de-willacy-se-alimentara-de-energia-eolica\/\" \/>\n<meta property=\"og:locale\" content=\"es_ES\" \/>\n<meta property=\"og:type\" content=\"article\" \/>\n<meta property=\"og:title\" content=\"Por qu\u00e9 el primer proyecto de centro de datos de 50 millones de d\u00f3lares del condado de Willacy se alimentar\u00e1 de energ\u00eda e\u00f3lica\" \/>\n<meta property=\"og:description\" content=\"RGV Business Journal covers business news in the Rio Grande Valley of Texas and the Mexican cities of Reynosa and Matamoros.\" \/>\n<meta property=\"og:url\" content=\"https:\/\/www.rgvbusinessjournal.com\/es\/news\/15\/11\/2025\/por-que-el-primer-proyecto-de-centro-de-datos-de-50-millones-de-dolares-del-condado-de-willacy-se-alimentara-de-energia-eolica\/\" \/>\n<meta property=\"og:site_name\" content=\"Rio Grande Valley Business Journal\" \/>\n<meta property=\"article:publisher\" content=\"https:\/\/www.facebook.com\/RGVBizJournal\/\" \/>\n<meta property=\"article:published_time\" content=\"2025-11-15T22:17:57+00:00\" \/>\n<meta property=\"article:modified_time\" content=\"2026-07-15T21:04:56+00:00\" \/>\n<meta property=\"og:image\" content=\"https:\/\/www.rgvbusinessjournal.com\/wp-content\/uploads\/2025\/11\/WillacyCountyCameronCountyLineDataCenter-scaled.jpeg\" \/>\n\t<meta property=\"og:image:width\" content=\"2560\" \/>\n\t<meta property=\"og:image:height\" content=\"1920\" \/>\n\t<meta property=\"og:image:type\" content=\"image\/jpeg\" \/>\n<meta name=\"author\" content=\"Kristen Mosbrucker-Garza\" \/>\n<meta name=\"twitter:card\" content=\"summary_large_image\" \/>\n<meta name=\"twitter:creator\" content=\"@https:\/\/x.com\/k_mosbrucker\" \/>\n<meta name=\"twitter:site\" content=\"@RGVBizJournal\" \/>\n<meta name=\"twitter:label1\" content=\"Written by\" \/>\n\t<meta name=\"twitter:data1\" content=\"Kristen Mosbrucker-Garza\" \/>\n\t<meta name=\"twitter:label2\" content=\"Est. reading time\" \/>\n\t<meta name=\"twitter:data2\" content=\"8 minutes\" \/>\n<script type=\"application\/ld+json\" class=\"yoast-schema-graph\">{\"@context\":\"https:\\\/\\\/schema.org\",\"@graph\":[{\"@type\":\"NewsArticle\",\"@id\":\"https:\\\/\\\/www.rgvbusinessjournal.com\\\/es\\\/news\\\/15\\\/11\\\/2025\\\/por-que-el-primer-proyecto-de-centro-de-datos-de-50-millones-de-dolares-del-condado-de-willacy-se-alimentara-de-energia-eolica\\\/#article\",\"isPartOf\":{\"@id\":\"https:\\\/\\\/www.rgvbusinessjournal.com\\\/es\\\/news\\\/15\\\/11\\\/2025\\\/por-que-el-primer-proyecto-de-centro-de-datos-de-50-millones-de-dolares-del-condado-de-willacy-se-alimentara-de-energia-eolica\\\/\"},\"author\":{\"name\":\"Kristen Mosbrucker-Garza\",\"@id\":\"https:\\\/\\\/www.rgvbusinessjournal.com\\\/es\\\/#\\\/schema\\\/person\\\/1376cd922f977ffee643018dfd80e4fe\"},\"headline\":\"Por qu\u00e9 el primer proyecto de centro de datos de 50 millones de d\u00f3lares del condado de Willacy se alimentar\u00e1 de energ\u00eda e\u00f3lica\",\"datePublished\":\"2025-11-15T22:17:57+00:00\",\"dateModified\":\"2026-07-15T21:04:56+00:00\",\"mainEntityOfPage\":{\"@id\":\"https:\\\/\\\/www.rgvbusinessjournal.com\\\/es\\\/news\\\/15\\\/11\\\/2025\\\/por-que-el-primer-proyecto-de-centro-de-datos-de-50-millones-de-dolares-del-condado-de-willacy-se-alimentara-de-energia-eolica\\\/\"},\"wordCount\":1618,\"publisher\":{\"@id\":\"https:\\\/\\\/www.rgvbusinessjournal.com\\\/es\\\/#organization\"},\"image\":{\"@id\":\"https:\\\/\\\/www.rgvbusinessjournal.com\\\/es\\\/news\\\/15\\\/11\\\/2025\\\/por-que-el-primer-proyecto-de-centro-de-datos-de-50-millones-de-dolares-del-condado-de-willacy-se-alimentara-de-energia-eolica\\\/#primaryimage\"},\"thumbnailUrl\":\"https:\\\/\\\/www.rgvbusinessjournal.com\\\/wp-content\\\/uploads\\\/2025\\\/11\\\/WillacyCountyCameronCountyLineDataCenter-scaled.jpeg\",\"keywords\":[\"A su izquierda\",\"aerogeneradores\",\"Centro de datos\",\"Condado de Willacy\",\"Data Center\",\"desarrollo econ\u00f3mico\",\"economic development\",\"electric grid\",\"Electricidad\",\"Electricity\",\"ERCOT\",\"ERCOT (ES)\",\"parque e\u00f3lico\",\"red el\u00e9ctrica\",\"RGV\",\"RGV (ES)\",\"Rio Grande Valley\",\"Soluna\",\"South Texas\",\"Sur de Texas\",\"Valle del R\u00edo Grande\",\"viento\",\"Willacy County\",\"wind\",\"wind farm\"],\"articleSection\":[\"Economic Trends\",\"Energ\u00eda\",\"Energy\",\"Inmobiliaria\",\"Real Estate\",\"Tendencias econ\u00f3micas\"],\"inLanguage\":\"es-ES\"},{\"@type\":\"WebPage\",\"@id\":\"https:\\\/\\\/www.rgvbusinessjournal.com\\\/es\\\/news\\\/15\\\/11\\\/2025\\\/por-que-el-primer-proyecto-de-centro-de-datos-de-50-millones-de-dolares-del-condado-de-willacy-se-alimentara-de-energia-eolica\\\/\",\"url\":\"https:\\\/\\\/www.rgvbusinessjournal.com\\\/es\\\/news\\\/15\\\/11\\\/2025\\\/por-que-el-primer-proyecto-de-centro-de-datos-de-50-millones-de-dolares-del-condado-de-willacy-se-alimentara-de-energia-eolica\\\/\",\"name\":\"Por qu\u00e9 el primer proyecto de centro de datos de 50 millones de d\u00f3lares del condado de Willacy se alimentar\u00e1 de energ\u00eda e\u00f3lica\",\"isPartOf\":{\"@id\":\"https:\\\/\\\/www.rgvbusinessjournal.com\\\/es\\\/#website\"},\"primaryImageOfPage\":{\"@id\":\"https:\\\/\\\/www.rgvbusinessjournal.com\\\/es\\\/news\\\/15\\\/11\\\/2025\\\/por-que-el-primer-proyecto-de-centro-de-datos-de-50-millones-de-dolares-del-condado-de-willacy-se-alimentara-de-energia-eolica\\\/#primaryimage\"},\"image\":{\"@id\":\"https:\\\/\\\/www.rgvbusinessjournal.com\\\/es\\\/news\\\/15\\\/11\\\/2025\\\/por-que-el-primer-proyecto-de-centro-de-datos-de-50-millones-de-dolares-del-condado-de-willacy-se-alimentara-de-energia-eolica\\\/#primaryimage\"},\"thumbnailUrl\":\"https:\\\/\\\/www.rgvbusinessjournal.com\\\/wp-content\\\/uploads\\\/2025\\\/11\\\/WillacyCountyCameronCountyLineDataCenter-scaled.jpeg\",\"datePublished\":\"2025-11-15T22:17:57+00:00\",\"dateModified\":\"2026-07-15T21:04:56+00:00\",\"breadcrumb\":{\"@id\":\"https:\\\/\\\/www.rgvbusinessjournal.com\\\/es\\\/news\\\/15\\\/11\\\/2025\\\/por-que-el-primer-proyecto-de-centro-de-datos-de-50-millones-de-dolares-del-condado-de-willacy-se-alimentara-de-energia-eolica\\\/#breadcrumb\"},\"inLanguage\":\"es-ES\",\"potentialAction\":[{\"@type\":\"ReadAction\",\"target\":[\"https:\\\/\\\/www.rgvbusinessjournal.com\\\/es\\\/news\\\/15\\\/11\\\/2025\\\/por-que-el-primer-proyecto-de-centro-de-datos-de-50-millones-de-dolares-del-condado-de-willacy-se-alimentara-de-energia-eolica\\\/\"]}]},{\"@type\":\"ImageObject\",\"inLanguage\":\"es-ES\",\"@id\":\"https:\\\/\\\/www.rgvbusinessjournal.com\\\/es\\\/news\\\/15\\\/11\\\/2025\\\/por-que-el-primer-proyecto-de-centro-de-datos-de-50-millones-de-dolares-del-condado-de-willacy-se-alimentara-de-energia-eolica\\\/#primaryimage\",\"url\":\"https:\\\/\\\/www.rgvbusinessjournal.com\\\/wp-content\\\/uploads\\\/2025\\\/11\\\/WillacyCountyCameronCountyLineDataCenter-scaled.jpeg\",\"contentUrl\":\"https:\\\/\\\/www.rgvbusinessjournal.com\\\/wp-content\\\/uploads\\\/2025\\\/11\\\/WillacyCountyCameronCountyLineDataCenter-scaled.jpeg\",\"width\":2560,\"height\":1920,\"caption\":\"Un cartel se\u00f1ala el l\u00edmite del condado de Willacy, cerca de los grandes parques e\u00f3licos que suministran energ\u00eda a los proyectos de centros de datos ya existentes y previstos en el Valle del R\u00edo Grande. Cr\u00e9dito de la foto | Kristen Mosbrucker-Garza\"},{\"@type\":\"BreadcrumbList\",\"@id\":\"https:\\\/\\\/www.rgvbusinessjournal.com\\\/es\\\/news\\\/15\\\/11\\\/2025\\\/por-que-el-primer-proyecto-de-centro-de-datos-de-50-millones-de-dolares-del-condado-de-willacy-se-alimentara-de-energia-eolica\\\/#breadcrumb\",\"itemListElement\":[{\"@type\":\"ListItem\",\"position\":1,\"name\":\"Home\",\"item\":\"https:\\\/\\\/www.rgvbusinessjournal.com\\\/es\\\/inicio\\\/\"},{\"@type\":\"ListItem\",\"position\":2,\"name\":\"Por qu\u00e9 el primer proyecto de centro de datos de 50 millones de d\u00f3lares del condado de Willacy se alimentar\u00e1 de energ\u00eda e\u00f3lica\"}]},{\"@type\":\"WebSite\",\"@id\":\"https:\\\/\\\/www.rgvbusinessjournal.com\\\/es\\\/#website\",\"url\":\"https:\\\/\\\/www.rgvbusinessjournal.com\\\/es\\\/\",\"name\":\"Rio Grande Valley Business Journal\",\"description\":\"\",\"publisher\":{\"@id\":\"https:\\\/\\\/www.rgvbusinessjournal.com\\\/es\\\/#organization\"},\"potentialAction\":[{\"@type\":\"SearchAction\",\"target\":{\"@type\":\"EntryPoint\",\"urlTemplate\":\"https:\\\/\\\/www.rgvbusinessjournal.com\\\/es\\\/?s={search_term_string}\"},\"query-input\":{\"@type\":\"PropertyValueSpecification\",\"valueRequired\":true,\"valueName\":\"search_term_string\"}}],\"inLanguage\":\"es-ES\"},{\"@type\":\"Organization\",\"@id\":\"https:\\\/\\\/www.rgvbusinessjournal.com\\\/es\\\/#organization\",\"name\":\"Rio Grande Valley Business Journal\",\"alternateName\":\"RGV Business Journal\",\"url\":\"https:\\\/\\\/www.rgvbusinessjournal.com\\\/es\\\/\",\"logo\":{\"@type\":\"ImageObject\",\"inLanguage\":\"es-ES\",\"@id\":\"https:\\\/\\\/www.rgvbusinessjournal.com\\\/es\\\/#\\\/schema\\\/logo\\\/image\\\/\",\"url\":\"https:\\\/\\\/www.rgvbusinessjournal.com\\\/wp-content\\\/uploads\\\/2026\\\/01\\\/535504352_122102206586984207_2702720257970470495_n.jpg\",\"contentUrl\":\"https:\\\/\\\/www.rgvbusinessjournal.com\\\/wp-content\\\/uploads\\\/2026\\\/01\\\/535504352_122102206586984207_2702720257970470495_n.jpg\",\"width\":1000,\"height\":1000,\"caption\":\"Rio Grande Valley Business Journal\"},\"image\":{\"@id\":\"https:\\\/\\\/www.rgvbusinessjournal.com\\\/es\\\/#\\\/schema\\\/logo\\\/image\\\/\"},\"sameAs\":[\"https:\\\/\\\/www.facebook.com\\\/RGVBizJournal\\\/\",\"https:\\\/\\\/x.com\\\/RGVBizJournal\",\"https:\\\/\\\/www.linkedin.com\\\/company\\\/rio-grande-valley-business-journal\\\/\",\"https:\\\/\\\/www.youtube.com\\\/@RGVBizJournal\",\"https:\\\/\\\/www.instagram.com\\\/rgvbiznews\\\/\",\"https:\\\/\\\/www.tiktok.com\\\/@rgvbizjournal\"],\"description\":\"The Rio Grande Valley Business Journal is a digital-first newsroom focused on business, economic trends, real estate, healthcare, and regional developments in South Texas (Cameron, Hidalgo, Starr, and Willacy counties) and nearby Mexican industrial cities like Reynosa and Matamoros. It provides impartial reporting, data analyses, and insights for decision-makers in a fast-growing binational corridor home to nearly three million people and billions in annual trade.\",\"naics\":\"511110\"},{\"@type\":\"Person\",\"@id\":\"https:\\\/\\\/www.rgvbusinessjournal.com\\\/es\\\/#\\\/schema\\\/person\\\/1376cd922f977ffee643018dfd80e4fe\",\"name\":\"Kristen Mosbrucker-Garza\",\"image\":{\"@type\":\"ImageObject\",\"inLanguage\":\"es-ES\",\"@id\":\"https:\\\/\\\/secure.gravatar.com\\\/avatar\\\/0c54cb83d9e41d1f662de342b3813388e5e6f1bf42430d140f5474f4aaa4eb7c?s=96&r=g\",\"url\":\"https:\\\/\\\/secure.gravatar.com\\\/avatar\\\/0c54cb83d9e41d1f662de342b3813388e5e6f1bf42430d140f5474f4aaa4eb7c?s=96&r=g\",\"contentUrl\":\"https:\\\/\\\/secure.gravatar.com\\\/avatar\\\/0c54cb83d9e41d1f662de342b3813388e5e6f1bf42430d140f5474f4aaa4eb7c?s=96&r=g\",\"caption\":\"Kristen Mosbrucker-Garza\"},\"description\":\"Kristen Mosbrucker-Garza is a versatile multimedia news reporter who lives and works along the Texas-Mexico border in Hidalgo County. Mosbrucker-Garza is a news reporter for the Rio Grande Valley Business Journal. During her career she's worked for the McAllen Monitor, San Antonio Business Journal, The Advocate Newspaper in Louisiana, Phoenix New Times, and public media outlets in Baltimore and Philadelphia.\",\"sameAs\":[\"https:\\\/\\\/www.linkedin.com\\\/in\\\/kristen-mosbrucker-garza-0ab307137\\\/\",\"https:\\\/\\\/x.com\\\/https:\\\/\\\/x.com\\\/k_mosbrucker\"],\"url\":\"https:\\\/\\\/www.rgvbusinessjournal.com\\\/es\\\/news\\\/author\\\/kmosbrucker\\\/\"}]}<\/script>\n<!-- \/ Yoast SEO Premium plugin. -->","yoast_head_json":{"title":"Por qu\u00e9 el primer proyecto de centro de datos de 50 millones de d\u00f3lares del condado de Willacy se alimentar\u00e1 de energ\u00eda e\u00f3lica","robots":{"index":"index","follow":"follow","max-snippet":"max-snippet:-1","max-image-preview":"max-image-preview:large","max-video-preview":"max-video-preview:-1"},"canonical":"https:\/\/www.rgvbusinessjournal.com\/es\/news\/15\/11\/2025\/por-que-el-primer-proyecto-de-centro-de-datos-de-50-millones-de-dolares-del-condado-de-willacy-se-alimentara-de-energia-eolica\/","og_locale":"es_ES","og_type":"article","og_title":"Por qu\u00e9 el primer proyecto de centro de datos de 50 millones de d\u00f3lares del condado de Willacy se alimentar\u00e1 de energ\u00eda e\u00f3lica","og_description":"RGV Business Journal covers business news in the Rio Grande Valley of Texas and the Mexican cities of Reynosa and Matamoros.","og_url":"https:\/\/www.rgvbusinessjournal.com\/es\/news\/15\/11\/2025\/por-que-el-primer-proyecto-de-centro-de-datos-de-50-millones-de-dolares-del-condado-de-willacy-se-alimentara-de-energia-eolica\/","og_site_name":"Rio Grande Valley Business Journal","article_publisher":"https:\/\/www.facebook.com\/RGVBizJournal\/","article_published_time":"2025-11-15T22:17:57+00:00","article_modified_time":"2026-07-15T21:04:56+00:00","og_image":[{"width":2560,"height":1920,"url":"https:\/\/www.rgvbusinessjournal.com\/wp-content\/uploads\/2025\/11\/WillacyCountyCameronCountyLineDataCenter-scaled.jpeg","type":"image\/jpeg"}],"author":"Kristen Mosbrucker-Garza","twitter_card":"summary_large_image","twitter_creator":"@https:\/\/x.com\/k_mosbrucker","twitter_site":"@RGVBizJournal","twitter_misc":{"Written by":"Kristen Mosbrucker-Garza","Est. reading time":"8 minutes"},"schema":{"@context":"https:\/\/schema.org","@graph":[{"@type":"NewsArticle","@id":"https:\/\/www.rgvbusinessjournal.com\/es\/news\/15\/11\/2025\/por-que-el-primer-proyecto-de-centro-de-datos-de-50-millones-de-dolares-del-condado-de-willacy-se-alimentara-de-energia-eolica\/#article","isPartOf":{"@id":"https:\/\/www.rgvbusinessjournal.com\/es\/news\/15\/11\/2025\/por-que-el-primer-proyecto-de-centro-de-datos-de-50-millones-de-dolares-del-condado-de-willacy-se-alimentara-de-energia-eolica\/"},"author":{"name":"Kristen Mosbrucker-Garza","@id":"https:\/\/www.rgvbusinessjournal.com\/es\/#\/schema\/person\/1376cd922f977ffee643018dfd80e4fe"},"headline":"Por qu\u00e9 el primer proyecto de centro de datos de 50 millones de d\u00f3lares del condado de Willacy se alimentar\u00e1 de energ\u00eda e\u00f3lica","datePublished":"2025-11-15T22:17:57+00:00","dateModified":"2026-07-15T21:04:56+00:00","mainEntityOfPage":{"@id":"https:\/\/www.rgvbusinessjournal.com\/es\/news\/15\/11\/2025\/por-que-el-primer-proyecto-de-centro-de-datos-de-50-millones-de-dolares-del-condado-de-willacy-se-alimentara-de-energia-eolica\/"},"wordCount":1618,"publisher":{"@id":"https:\/\/www.rgvbusinessjournal.com\/es\/#organization"},"image":{"@id":"https:\/\/www.rgvbusinessjournal.com\/es\/news\/15\/11\/2025\/por-que-el-primer-proyecto-de-centro-de-datos-de-50-millones-de-dolares-del-condado-de-willacy-se-alimentara-de-energia-eolica\/#primaryimage"},"thumbnailUrl":"https:\/\/www.rgvbusinessjournal.com\/wp-content\/uploads\/2025\/11\/WillacyCountyCameronCountyLineDataCenter-scaled.jpeg","keywords":["A su izquierda","aerogeneradores","Centro de datos","Condado de Willacy","Data Center","desarrollo econ\u00f3mico","economic development","electric grid","Electricidad","Electricity","ERCOT","ERCOT (ES)","parque e\u00f3lico","red el\u00e9ctrica","RGV","RGV (ES)","Rio Grande Valley","Soluna","South Texas","Sur de Texas","Valle del R\u00edo Grande","viento","Willacy County","wind","wind farm"],"articleSection":["Economic Trends","Energ\u00eda","Energy","Inmobiliaria","Real Estate","Tendencias econ\u00f3micas"],"inLanguage":"es-ES"},{"@type":"WebPage","@id":"https:\/\/www.rgvbusinessjournal.com\/es\/news\/15\/11\/2025\/por-que-el-primer-proyecto-de-centro-de-datos-de-50-millones-de-dolares-del-condado-de-willacy-se-alimentara-de-energia-eolica\/","url":"https:\/\/www.rgvbusinessjournal.com\/es\/news\/15\/11\/2025\/por-que-el-primer-proyecto-de-centro-de-datos-de-50-millones-de-dolares-del-condado-de-willacy-se-alimentara-de-energia-eolica\/","name":"Por qu\u00e9 el primer proyecto de centro de datos de 50 millones de d\u00f3lares del condado de Willacy se alimentar\u00e1 de energ\u00eda e\u00f3lica","isPartOf":{"@id":"https:\/\/www.rgvbusinessjournal.com\/es\/#website"},"primaryImageOfPage":{"@id":"https:\/\/www.rgvbusinessjournal.com\/es\/news\/15\/11\/2025\/por-que-el-primer-proyecto-de-centro-de-datos-de-50-millones-de-dolares-del-condado-de-willacy-se-alimentara-de-energia-eolica\/#primaryimage"},"image":{"@id":"https:\/\/www.rgvbusinessjournal.com\/es\/news\/15\/11\/2025\/por-que-el-primer-proyecto-de-centro-de-datos-de-50-millones-de-dolares-del-condado-de-willacy-se-alimentara-de-energia-eolica\/#primaryimage"},"thumbnailUrl":"https:\/\/www.rgvbusinessjournal.com\/wp-content\/uploads\/2025\/11\/WillacyCountyCameronCountyLineDataCenter-scaled.jpeg","datePublished":"2025-11-15T22:17:57+00:00","dateModified":"2026-07-15T21:04:56+00:00","breadcrumb":{"@id":"https:\/\/www.rgvbusinessjournal.com\/es\/news\/15\/11\/2025\/por-que-el-primer-proyecto-de-centro-de-datos-de-50-millones-de-dolares-del-condado-de-willacy-se-alimentara-de-energia-eolica\/#breadcrumb"},"inLanguage":"es-ES","potentialAction":[{"@type":"ReadAction","target":["https:\/\/www.rgvbusinessjournal.com\/es\/news\/15\/11\/2025\/por-que-el-primer-proyecto-de-centro-de-datos-de-50-millones-de-dolares-del-condado-de-willacy-se-alimentara-de-energia-eolica\/"]}]},{"@type":"ImageObject","inLanguage":"es-ES","@id":"https:\/\/www.rgvbusinessjournal.com\/es\/news\/15\/11\/2025\/por-que-el-primer-proyecto-de-centro-de-datos-de-50-millones-de-dolares-del-condado-de-willacy-se-alimentara-de-energia-eolica\/#primaryimage","url":"https:\/\/www.rgvbusinessjournal.com\/wp-content\/uploads\/2025\/11\/WillacyCountyCameronCountyLineDataCenter-scaled.jpeg","contentUrl":"https:\/\/www.rgvbusinessjournal.com\/wp-content\/uploads\/2025\/11\/WillacyCountyCameronCountyLineDataCenter-scaled.jpeg","width":2560,"height":1920,"caption":"Un cartel se\u00f1ala el l\u00edmite del condado de Willacy, cerca de los grandes parques e\u00f3licos que suministran energ\u00eda a los proyectos de centros de datos ya existentes y previstos en el Valle del R\u00edo Grande. Cr\u00e9dito de la foto | Kristen Mosbrucker-Garza"},{"@type":"BreadcrumbList","@id":"https:\/\/www.rgvbusinessjournal.com\/es\/news\/15\/11\/2025\/por-que-el-primer-proyecto-de-centro-de-datos-de-50-millones-de-dolares-del-condado-de-willacy-se-alimentara-de-energia-eolica\/#breadcrumb","itemListElement":[{"@type":"ListItem","position":1,"name":"Home","item":"https:\/\/www.rgvbusinessjournal.com\/es\/inicio\/"},{"@type":"ListItem","position":2,"name":"Por qu\u00e9 el primer proyecto de centro de datos de 50 millones de d\u00f3lares del condado de Willacy se alimentar\u00e1 de energ\u00eda e\u00f3lica"}]},{"@type":"WebSite","@id":"https:\/\/www.rgvbusinessjournal.com\/es\/#website","url":"https:\/\/www.rgvbusinessjournal.com\/es\/","name":"Rio Grande Valley Business Journal","description":"","publisher":{"@id":"https:\/\/www.rgvbusinessjournal.com\/es\/#organization"},"potentialAction":[{"@type":"SearchAction","target":{"@type":"EntryPoint","urlTemplate":"https:\/\/www.rgvbusinessjournal.com\/es\/?s={search_term_string}"},"query-input":{"@type":"PropertyValueSpecification","valueRequired":true,"valueName":"search_term_string"}}],"inLanguage":"es-ES"},{"@type":"Organization","@id":"https:\/\/www.rgvbusinessjournal.com\/es\/#organization","name":"Rio Grande Valley Business Journal","alternateName":"RGV Business Journal","url":"https:\/\/www.rgvbusinessjournal.com\/es\/","logo":{"@type":"ImageObject","inLanguage":"es-ES","@id":"https:\/\/www.rgvbusinessjournal.com\/es\/#\/schema\/logo\/image\/","url":"https:\/\/www.rgvbusinessjournal.com\/wp-content\/uploads\/2026\/01\/535504352_122102206586984207_2702720257970470495_n.jpg","contentUrl":"https:\/\/www.rgvbusinessjournal.com\/wp-content\/uploads\/2026\/01\/535504352_122102206586984207_2702720257970470495_n.jpg","width":1000,"height":1000,"caption":"Rio Grande Valley Business Journal"},"image":{"@id":"https:\/\/www.rgvbusinessjournal.com\/es\/#\/schema\/logo\/image\/"},"sameAs":["https:\/\/www.facebook.com\/RGVBizJournal\/","https:\/\/x.com\/RGVBizJournal","https:\/\/www.linkedin.com\/company\/rio-grande-valley-business-journal\/","https:\/\/www.youtube.com\/@RGVBizJournal","https:\/\/www.instagram.com\/rgvbiznews\/","https:\/\/www.tiktok.com\/@rgvbizjournal"],"description":"The Rio Grande Valley Business Journal is a digital-first newsroom focused on business, economic trends, real estate, healthcare, and regional developments in South Texas (Cameron, Hidalgo, Starr, and Willacy counties) and nearby Mexican industrial cities like Reynosa and Matamoros. It provides impartial reporting, data analyses, and insights for decision-makers in a fast-growing binational corridor home to nearly three million people and billions in annual trade.","naics":"511110"},{"@type":"Person","@id":"https:\/\/www.rgvbusinessjournal.com\/es\/#\/schema\/person\/1376cd922f977ffee643018dfd80e4fe","name":"Kristen Mosbrucker-Garza","image":{"@type":"ImageObject","inLanguage":"es-ES","@id":"https:\/\/secure.gravatar.com\/avatar\/0c54cb83d9e41d1f662de342b3813388e5e6f1bf42430d140f5474f4aaa4eb7c?s=96&r=g","url":"https:\/\/secure.gravatar.com\/avatar\/0c54cb83d9e41d1f662de342b3813388e5e6f1bf42430d140f5474f4aaa4eb7c?s=96&r=g","contentUrl":"https:\/\/secure.gravatar.com\/avatar\/0c54cb83d9e41d1f662de342b3813388e5e6f1bf42430d140f5474f4aaa4eb7c?s=96&r=g","caption":"Kristen Mosbrucker-Garza"},"description":"Kristen Mosbrucker-Garza is a versatile multimedia news reporter who lives and works along the Texas-Mexico border in Hidalgo County. Mosbrucker-Garza is a news reporter for the Rio Grande Valley Business Journal. During her career she's worked for the McAllen Monitor, San Antonio Business Journal, The Advocate Newspaper in Louisiana, Phoenix New Times, and public media outlets in Baltimore and Philadelphia.","sameAs":["https:\/\/www.linkedin.com\/in\/kristen-mosbrucker-garza-0ab307137\/","https:\/\/x.com\/https:\/\/x.com\/k_mosbrucker"],"url":"https:\/\/www.rgvbusinessjournal.com\/es\/news\/author\/kmosbrucker\/"}]}},"preview_block_count":4,"is_paywalled":false,"_links":{"self":[{"href":"https:\/\/www.rgvbusinessjournal.com\/es\/wp-json\/wp\/v2\/posts\/19597","targetHints":{"allow":["GET"]}}],"collection":[{"href":"https:\/\/www.rgvbusinessjournal.com\/es\/wp-json\/wp\/v2\/posts"}],"about":[{"href":"https:\/\/www.rgvbusinessjournal.com\/es\/wp-json\/wp\/v2\/types\/post"}],"author":[{"embeddable":true,"href":"https:\/\/www.rgvbusinessjournal.com\/es\/wp-json\/wp\/v2\/users\/9"}],"replies":[{"embeddable":true,"href":"https:\/\/www.rgvbusinessjournal.com\/es\/wp-json\/wp\/v2\/comments?post=19597"}],"version-history":[{"count":1,"href":"https:\/\/www.rgvbusinessjournal.com\/es\/wp-json\/wp\/v2\/posts\/19597\/revisions"}],"predecessor-version":[{"id":20207,"href":"https:\/\/www.rgvbusinessjournal.com\/es\/wp-json\/wp\/v2\/posts\/19597\/revisions\/20207"}],"wp:featuredmedia":[{"embeddable":true,"href":"https:\/\/www.rgvbusinessjournal.com\/es\/wp-json\/wp\/v2\/media\/18434"}],"wp:attachment":[{"href":"https:\/\/www.rgvbusinessjournal.com\/es\/wp-json\/wp\/v2\/media?parent=19597"}],"wp:term":[{"taxonomy":"category","embeddable":true,"href":"https:\/\/www.rgvbusinessjournal.com\/es\/wp-json\/wp\/v2\/categories?post=19597"},{"taxonomy":"post_tag","embeddable":true,"href":"https:\/\/www.rgvbusinessjournal.com\/es\/wp-json\/wp\/v2\/tags?post=19597"}],"curies":[{"name":"wp","href":"https:\/\/api.w.org\/{rel}","templated":true}]}}