{"id":20722,"date":"2026-07-20T04:29:29","date_gmt":"2026-07-20T09:29:29","guid":{"rendered":"https:\/\/www.rgvbusinessjournal.com\/news\/20\/07\/2026\/buho-de-brownsville-se-expande-con-una-cafeteria-y-una-fundacion-sin-animo-de-lucro-a-medida-que-aumentan-las-ventas-de-la-libreria\/"},"modified":"2026-07-20T04:29:29","modified_gmt":"2026-07-20T09:29:29","slug":"buho-de-brownsville-se-expande-con-una-cafeteria-y-una-fundacion-sin-animo-de-lucro-a-medida-que-aumentan-las-ventas-de-la-libreria","status":"publish","type":"post","link":"https:\/\/www.rgvbusinessjournal.com\/es\/news\/20\/07\/2026\/buho-de-brownsville-se-expande-con-una-cafeteria-y-una-fundacion-sin-animo-de-lucro-a-medida-que-aumentan-las-ventas-de-la-libreria\/","title":{"rendered":"\u00abB\u00faho\u00bb, de Brownsville, se expande con una cafeter\u00eda y una fundaci\u00f3n sin \u00e1nimo de lucro a medida que aumentan las ventas de la librer\u00eda"},"content":{"rendered":"\n<p class=\"wp-block-paragraph\">La librer\u00eda independiente \u00abB\u00faho\u00bb de Brownsville sigue su trayectoria ascendente con su nueva cafeter\u00eda y su fundaci\u00f3n sin \u00e1nimo de lucro, lo que refuerza su papel como \u00abtercer espacio\u00bb en la comunidad.<\/p>\n\n\n\n<p class=\"wp-block-paragraph\"><a href=\"https:\/\/www.facebook.com\/buhobtx\">B\u00faho<\/a> ha inaugurado oficialmente este mes su cafeter\u00eda, teter\u00eda y bar de vinos tras unos 10 meses de obras. El proyecto se ha alargado un poco m\u00e1s de lo que esperaba el propietario, Gilbert Hern\u00e1ndez, debido al proceso de obtenci\u00f3n de permisos, pero est\u00e1 encantado de poder presentarlo por fin a la comunidad.<\/p>\n\n\n<div class=\"wp-block-image\">\n<figure class=\"alignright size-large is-resized\"><img loading=\"lazy\" decoding=\"async\" width=\"1024\" height=\"768\" src=\"https:\/\/www.rgvbusinessjournal.com\/wp-content\/uploads\/2026\/07\/EAEFBE01-D784-43DE-B239-7EE9374A28AD_1_201_a-1024x768.jpg\" alt=\"Las copas de vino grabadas con el logotipo del b\u00faho de B\u00faho est\u00e1n dispuestas en una barra dentro de la cafeter\u00eda, la teter\u00eda y la vinoteca de la librer\u00eda.\" class=\"wp-image-20654\" style=\"width:425px;height:auto\" srcset=\"https:\/\/www.rgvbusinessjournal.com\/wp-content\/uploads\/2026\/07\/EAEFBE01-D784-43DE-B239-7EE9374A28AD_1_201_a-1024x768.jpg 1024w, https:\/\/www.rgvbusinessjournal.com\/wp-content\/uploads\/2026\/07\/EAEFBE01-D784-43DE-B239-7EE9374A28AD_1_201_a-300x225.jpg 300w, https:\/\/www.rgvbusinessjournal.com\/wp-content\/uploads\/2026\/07\/EAEFBE01-D784-43DE-B239-7EE9374A28AD_1_201_a-768x576.jpg 768w, https:\/\/www.rgvbusinessjournal.com\/wp-content\/uploads\/2026\/07\/EAEFBE01-D784-43DE-B239-7EE9374A28AD_1_201_a-1536x1152.jpg 1536w, https:\/\/www.rgvbusinessjournal.com\/wp-content\/uploads\/2026\/07\/EAEFBE01-D784-43DE-B239-7EE9374A28AD_1_201_a-2048x1536.jpg 2048w, https:\/\/www.rgvbusinessjournal.com\/wp-content\/uploads\/2026\/07\/EAEFBE01-D784-43DE-B239-7EE9374A28AD_1_201_a-1067x800.jpg 1067w, https:\/\/www.rgvbusinessjournal.com\/wp-content\/uploads\/2026\/07\/EAEFBE01-D784-43DE-B239-7EE9374A28AD_1_201_a-647x485.jpg 647w, https:\/\/www.rgvbusinessjournal.com\/wp-content\/uploads\/2026\/07\/EAEFBE01-D784-43DE-B239-7EE9374A28AD_1_201_a-307x230.jpg 307w\" sizes=\"auto, (max-width: 1024px) 100vw, 1024px\" \/><figcaption class=\"wp-element-caption\">Se muestran copas de vino con el logotipo del b\u00faho de B\u00faho. <br>Cortes\u00eda de | B\u00faho<\/figcaption><\/figure>\n<\/div>\n\n\n<p class=\"wp-block-paragraph\">\u00abA la gente ya le encantaba [B\u00faho] antes, pero creo que el caf\u00e9, el t\u00e9 y el vino le aportan nuevas dimensiones\u00bb, afirm\u00f3. \u00abAhora es una experiencia completa. Combina los cinco sentidos en la librer\u00eda independiente de Brownsville. Por no hablar de que era algo que la gente llevaba esperando desde siempre\u00bb.<\/p>\n\n\n\n<p class=\"wp-block-paragraph\">La cafeter\u00eda-librer\u00eda ofrece caf\u00e9 de la empresa tostadora Grind Coffee Co., con sede en McAllen, y una selecci\u00f3n de vinos de todo el mundo, que la librer\u00eda pone en valor durante sus catas tem\u00e1ticas de vino.<\/p>\n\n\n\n<p class=\"wp-block-paragraph\">Aunque el vino ha formado parte de la experiencia de B\u00faho desde que la tienda abri\u00f3 sus puertas en 2023, ahora la cadena comercializa copas con su querido logotipo del b\u00faho.<\/p>\n\n\n\n<p class=\"wp-block-paragraph\">Hern\u00e1ndez afirm\u00f3 que siempre hab\u00eda tenido pensado abrir una cafeter\u00eda en B\u00faho, ya que muchas librer\u00edas independientes se financian gracias a fuentes de ingresos diversificadas. Sin embargo, la tienda local ya hab\u00eda alcanzado un \u00e9xito duradero antes de ampliar su modelo de negocio.<\/p>\n\n\n\n<p class=\"wp-block-paragraph\">A fecha de 13 de julio, B\u00faho registra un aumento del 27 % en las ventas desde el oto\u00f1o pasado, incluso despu\u00e9s de que el gigante minorista Barnes &amp; Noble abriera un establecimiento en Brownsville. El aumento de las ventas ayud\u00f3 a financiar la inversi\u00f3n en el local de la cafeter\u00eda, para el que Hern\u00e1ndez ten\u00eda una visi\u00f3n muy concreta.<\/p>\n\n\n<div class=\"wp-block-image\">\n<figure class=\"alignleft size-full is-resized\"><img loading=\"lazy\" decoding=\"async\" width=\"810\" height=\"608\" src=\"https:\/\/www.rgvbusinessjournal.com\/wp-content\/uploads\/2026\/07\/49795147-6640-48B3-B727-FFE16AFC4AD8_1_201_a.jpg\" alt=\"En la barra del nuevo bar de caf\u00e9, t\u00e9 y vino de B\u00faho hay caf\u00e9 caliente, t\u00e9 helado y un caf\u00e9 con leche.\" class=\"wp-image-20656\" style=\"aspect-ratio:1.3322807163335688;width:445px;height:auto\" srcset=\"https:\/\/www.rgvbusinessjournal.com\/wp-content\/uploads\/2026\/07\/49795147-6640-48B3-B727-FFE16AFC4AD8_1_201_a.jpg 810w, https:\/\/www.rgvbusinessjournal.com\/wp-content\/uploads\/2026\/07\/49795147-6640-48B3-B727-FFE16AFC4AD8_1_201_a-300x225.jpg 300w, https:\/\/www.rgvbusinessjournal.com\/wp-content\/uploads\/2026\/07\/49795147-6640-48B3-B727-FFE16AFC4AD8_1_201_a-768x576.jpg 768w, https:\/\/www.rgvbusinessjournal.com\/wp-content\/uploads\/2026\/07\/49795147-6640-48B3-B727-FFE16AFC4AD8_1_201_a-646x485.jpg 646w, https:\/\/www.rgvbusinessjournal.com\/wp-content\/uploads\/2026\/07\/49795147-6640-48B3-B727-FFE16AFC4AD8_1_201_a-306x230.jpg 306w\" sizes=\"auto, (max-width: 810px) 100vw, 810px\" \/><figcaption class=\"wp-element-caption\">El caf\u00e9 y el t\u00e9 forman ahora parte de la experiencia en B\u00faho. <br>Cortes\u00eda de | B\u00faho<\/figcaption><\/figure>\n<\/div>\n\n\n<p class=\"wp-block-paragraph\">\u00abBuscaba a los mejores dise\u00f1adores, a los mejores contratistas; buscaba vidrieras, algo que no era negociable, para que esta ampliaci\u00f3n de la librer\u00eda mereciera realmente que la gente se desviara de su camino para venir al centro de Brownsville a visitarnos\u00bb, afirm\u00f3 el propietario de B\u00faho.<\/p>\n\n\n\n<p class=\"wp-block-paragraph\">Adem\u00e1s de la cafeter\u00eda, que constituye la tercera fase del negocio, el propietario tambi\u00e9n anunci\u00f3 la cuarta fase: <a href=\"https:\/\/www.facebook.com\/profile.php?id=61591284706411\">la Fundaci\u00f3n BUHO<\/a> (Brownsville United through Humanities &amp; Outreach).\u00a0\u00a0<\/p>\n\n\n\n<p class=\"wp-block-paragraph\">La Fundaci\u00f3n BUHO es la rama sin \u00e1nimo de lucro de la librer\u00eda, que fomenta la alfabetizaci\u00f3n en Brownsville mediante el reparto gratuito de libros. Adem\u00e1s, una parte de todas las ventas de B\u00faho se destina a esta causa.<\/p>\n\n\n\n<p class=\"wp-block-paragraph\">Aunque Hern\u00e1ndez anunci\u00f3 la creaci\u00f3n de la Fundaci\u00f3n coincidiendo con la inauguraci\u00f3n de la cafeter\u00eda, B\u00faho lleva funcionando discretamente como organizaci\u00f3n sin \u00e1nimo de lucro desde 2024. El anuncio solo sirve para demostrar la viabilidad del proyecto, de modo que la Fundaci\u00f3n pueda recibir donaciones.<\/p>\n\n\n\n<p class=\"wp-block-paragraph\">En 2024, una organizaci\u00f3n concedi\u00f3 a Hern\u00e1ndez una subvenci\u00f3n destinada a la alfabetizaci\u00f3n, cuyo donante pidi\u00f3 a B\u00faho que mantuviera el anonimato.\u00a0\u00a0<\/p>\n\n\n\n<p class=\"wp-block-paragraph\">Como parte de los requisitos de la subvenci\u00f3n, B\u00faho se asoci\u00f3 con la junta directiva <a href=\"https:\/\/mitteculturaldistrict.org\/\">del Distrito Cultural de Mitte<\/a> para garantizar la responsabilidad fiscal.<\/p>\n\n\n\n<p class=\"wp-block-paragraph\">El Distrito Cultural de Mitte es la zona del centro de Brownsville, ideal para recorrer a pie, donde se encuentra B\u00faho. Est\u00e1 formado por m\u00e1s de 20 organizaciones sin \u00e1nimo de lucro que colaboran para ofrecer experiencias creativas y educativas a la comunidad.<\/p>\n\n\n\n<p class=\"wp-block-paragraph\">El Distrito se convirti\u00f3 en el patrocinador financiero del propietario de la librer\u00eda, gestionando todos los fondos de la organizaci\u00f3n sin \u00e1nimo de lucro y distribuy\u00e9ndolos a Hern\u00e1ndez seg\u00fan fuera necesario. Hern\u00e1ndez tambi\u00e9n forma parte de la junta directiva.<\/p>\n\n\n<div class=\"wp-block-image\">\n<figure class=\"alignright size-large is-resized\"><img loading=\"lazy\" decoding=\"async\" width=\"1024\" height=\"768\" src=\"https:\/\/www.rgvbusinessjournal.com\/wp-content\/uploads\/2026\/07\/23BA7AFC-2FDB-4941-AD31-2FB8F2C420C4_1_201_a-1024x768.jpg\" alt=\"En la librer\u00eda B\u00faho hay un caf\u00e9 con leche junto a una pila de libros, un tablero de Scrabble y una figurita de un b\u00faho.\" class=\"wp-image-20655\" style=\"width:497px;height:auto\" srcset=\"https:\/\/www.rgvbusinessjournal.com\/wp-content\/uploads\/2026\/07\/23BA7AFC-2FDB-4941-AD31-2FB8F2C420C4_1_201_a-1024x768.jpg 1024w, https:\/\/www.rgvbusinessjournal.com\/wp-content\/uploads\/2026\/07\/23BA7AFC-2FDB-4941-AD31-2FB8F2C420C4_1_201_a-300x225.jpg 300w, https:\/\/www.rgvbusinessjournal.com\/wp-content\/uploads\/2026\/07\/23BA7AFC-2FDB-4941-AD31-2FB8F2C420C4_1_201_a-768x576.jpg 768w, https:\/\/www.rgvbusinessjournal.com\/wp-content\/uploads\/2026\/07\/23BA7AFC-2FDB-4941-AD31-2FB8F2C420C4_1_201_a-1536x1152.jpg 1536w, https:\/\/www.rgvbusinessjournal.com\/wp-content\/uploads\/2026\/07\/23BA7AFC-2FDB-4941-AD31-2FB8F2C420C4_1_201_a-2048x1536.jpg 2048w, https:\/\/www.rgvbusinessjournal.com\/wp-content\/uploads\/2026\/07\/23BA7AFC-2FDB-4941-AD31-2FB8F2C420C4_1_201_a-1067x800.jpg 1067w, https:\/\/www.rgvbusinessjournal.com\/wp-content\/uploads\/2026\/07\/23BA7AFC-2FDB-4941-AD31-2FB8F2C420C4_1_201_a-647x485.jpg 647w, https:\/\/www.rgvbusinessjournal.com\/wp-content\/uploads\/2026\/07\/23BA7AFC-2FDB-4941-AD31-2FB8F2C420C4_1_201_a-307x230.jpg 307w\" sizes=\"auto, (max-width: 1024px) 100vw, 1024px\" \/><figcaption class=\"wp-element-caption\">El caf\u00e9, los libros y los juegos de mesa forman parte del ambiente. <br>Cortes\u00eda de | B\u00faho<\/figcaption><\/figure>\n<\/div>\n\n\n<p class=\"wp-block-paragraph\">\u00abEn realidad, lo que hacemos es actuar simplemente como agente fiscal\u00bb, afirm\u00f3 la directora ejecutiva, Daniella L\u00f3pez Valdez. \u00ab[Hern\u00e1ndez] es, en realidad, el cerebro detr\u00e1s de todo esto. \u00c9l es quien tiene la visi\u00f3n y, por nuestra parte, solo queremos ayudarle a tener \u00e9xito\u00bb.<\/p>\n\n\n\n<p class=\"wp-block-paragraph\">El director ejecutivo afirm\u00f3 que el Distrito Cultural de Mitte incorpor\u00f3 al propietario del B\u00faho a la junta directiva por su capacidad para involucrar a la comunidad y su pasi\u00f3n por mejorar Brownsville.<\/p>\n\n\n\n<p class=\"wp-block-paragraph\">\u00abLa educaci\u00f3n es muy importante y el acceso a los libros en una comunidad como la nuestra supone crecimiento, prosperidad y el fin de la pobreza\u00bb, afirm\u00f3 Valdez. \u00abSi tienes acceso a los libros, si tienes acceso a la educaci\u00f3n, tienes acceso a una mente que puede diversificarse, crecer y ver las cosas desde diferentes perspectivas\u00bb.<\/p>\n\n\n\n<p class=\"wp-block-paragraph\">Hern\u00e1ndez tambi\u00e9n aclar\u00f3 que la parte dedicada a la venta al por menor de B\u00faho no se beneficia econ\u00f3micamente de forma directa ni de la subvenci\u00f3n ni de la organizaci\u00f3n sin \u00e1nimo de lucro. Simplemente espera que el concepto atraiga la atenci\u00f3n hacia la librer\u00eda.<\/p>\n\n\n\n<p class=\"wp-block-paragraph\">\u00abLa Fundaci\u00f3n organiza eventos comunitarios, actividades que permiten al p\u00fablico enriquecerse culturalmente sin tener que pagar ni un d\u00f3lar\u00bb, afirm\u00f3. \u00abY tal y como yo lo veo, [la gente] podr\u00eda pasar todo el d\u00eda en B\u00faho\u2026 y, aunque no se haya gastado ni un solo d\u00f3lar, quienes lo hagan se lo contar\u00e1n a sus amigos y, con el tiempo, veremos el retorno de esa inversi\u00f3n en el futuro\u00bb.\u00a0<\/p>\n\n\n\n<p class=\"wp-block-paragraph\">Ahora que las fases tres y cuatro de B\u00faho ya est\u00e1n oficialmente en marcha, Hern\u00e1ndez no tiene intenci\u00f3n de bajar el ritmo. Ya tiene en marcha las fases cinco y seis, pero a\u00fan no quiere desvelar nada. El propietario de B\u00faho sonri\u00f3 y dijo que es algo m\u00e1s que la comunidad de Brownsville puede esperar con ilusi\u00f3n.<\/p>\n\n\n\n<p class=\"wp-block-paragraph\"><\/p>\n","protected":false},"excerpt":{"rendered":"<p>B\u00faho ha inaugurado un nuevo bar especializado en caf\u00e9, t\u00e9 y vino y ha presentado oficialmente su fundaci\u00f3n sin \u00e1nimo de lucro, mientras las ventas siguen creciendo a pesar de la nueva competencia en el sector minorista.<\/p>\n","protected":false},"author":24,"featured_media":20723,"comment_status":"","ping_status":"","sticky":false,"template":"","format":"standard","meta":{"_acf_changed":false,"post_views_count":93,"footnotes":""},"categories":[1132,87,1712,111,825],"tags":[4429,56,4449,4427,4431,4455,1566,4428,4432,4430],"class_list":["post-20722","post","type-post","status-publish","format-standard","has-post-thumbnail","hentry","category-business-spotlight","category-education","category-entertainment","category-retail-real-estate","category-u-s","tag-books","tag-brownsville","tag-buho-es-es","tag-buho-foundation","tag-coffee-shop","tag-distrito-cultural-de-mitte-es","tag-downtown-brownsville","tag-grind-coffee-co","tag-independent-bookstore","tag-literacy"],"acf":{"is_features_post":["yes"],"is_sponser":"","hide_author":"","hide_author_biography":""},"yoast_head":"<!-- This site is optimized with the Yoast SEO Premium plugin v28.3 (Yoast SEO v28.3) - https:\/\/yoast.com\/product\/yoast-seo-premium-wordpress\/ -->\n<title>Brownsville B\u00faho bookstore opens coffee bar, launches nonprofit foundation<\/title>\n<meta name=\"description\" content=\"B\u00faho opened a new coffee, tea, and wine bar and formally launched its nonprofit foundation as sales continue to grow despite new retail competition.\" \/>\n<meta name=\"robots\" content=\"index, follow, max-snippet:-1, max-image-preview:large, max-video-preview:-1\" \/>\n<link rel=\"canonical\" href=\"https:\/\/www.rgvbusinessjournal.com\/es\/news\/20\/07\/2026\/buho-de-brownsville-se-expande-con-una-cafeteria-y-una-fundacion-sin-animo-de-lucro-a-medida-que-aumentan-las-ventas-de-la-libreria\/\" \/>\n<meta property=\"og:locale\" content=\"es_ES\" \/>\n<meta property=\"og:type\" content=\"article\" \/>\n<meta property=\"og:title\" content=\"Brownsville\u2019s B\u00faho is growing beyond books. Here\u2019s what\u2019s next.\" \/>\n<meta property=\"og:description\" content=\"B\u00faho opened a new coffee, tea, and wine bar and formally launched its nonprofit foundation as sales continue to grow despite new retail competition.\" \/>\n<meta property=\"og:url\" content=\"https:\/\/www.rgvbusinessjournal.com\/es\/news\/20\/07\/2026\/buho-de-brownsville-se-expande-con-una-cafeteria-y-una-fundacion-sin-animo-de-lucro-a-medida-que-aumentan-las-ventas-de-la-libreria\/\" \/>\n<meta property=\"og:site_name\" content=\"Rio Grande Valley Business Journal\" \/>\n<meta property=\"article:publisher\" content=\"https:\/\/www.facebook.com\/RGVBizJournal\/\" \/>\n<meta property=\"article:published_time\" content=\"2026-07-20T09:29:29+00:00\" \/>\n<meta property=\"og:image\" content=\"https:\/\/www.rgvbusinessjournal.com\/wp-content\/uploads\/2026\/01\/613315829_122145636626984207_6700536240180555664_n.jpg\" \/>\n\t<meta property=\"og:image:width\" content=\"1202\" \/>\n\t<meta property=\"og:image:height\" content=\"675\" \/>\n\t<meta property=\"og:image:type\" content=\"image\/jpeg\" \/>\n<meta name=\"author\" content=\"Lea Juarez\" \/>\n<meta name=\"twitter:card\" content=\"summary_large_image\" \/>\n<meta name=\"twitter:title\" content=\"\u00abB\u00faho\u00bb, de Brownsville, se expande con una cafeter\u00eda y una fundaci\u00f3n sin \u00e1nimo de lucro a medida que aumentan las ventas de la librer\u00eda\" \/>\n<meta name=\"twitter:description\" content=\"RGV Business Journal covers business news in the Rio Grande Valley of Texas and the Mexican cities of Reynosa and Matamoros.\" \/>\n<meta name=\"twitter:creator\" content=\"@RGVBizJournal\" \/>\n<meta name=\"twitter:site\" content=\"@RGVBizJournal\" \/>\n<meta name=\"twitter:label1\" content=\"Written by\" \/>\n\t<meta name=\"twitter:data1\" content=\"Lea Juarez\" \/>\n\t<meta name=\"twitter:label2\" content=\"Est. reading time\" \/>\n\t<meta name=\"twitter:data2\" content=\"5 minutes\" \/>\n<script type=\"application\/ld+json\" class=\"yoast-schema-graph\">{\"@context\":\"https:\\\/\\\/schema.org\",\"@graph\":[{\"@type\":\"NewsArticle\",\"@id\":\"https:\\\/\\\/www.rgvbusinessjournal.com\\\/es\\\/news\\\/20\\\/07\\\/2026\\\/buho-de-brownsville-se-expande-con-una-cafeteria-y-una-fundacion-sin-animo-de-lucro-a-medida-que-aumentan-las-ventas-de-la-libreria\\\/#article\",\"isPartOf\":{\"@id\":\"https:\\\/\\\/www.rgvbusinessjournal.com\\\/es\\\/news\\\/20\\\/07\\\/2026\\\/buho-de-brownsville-se-expande-con-una-cafeteria-y-una-fundacion-sin-animo-de-lucro-a-medida-que-aumentan-las-ventas-de-la-libreria\\\/\"},\"author\":{\"name\":\"Lea Juarez\",\"@id\":\"https:\\\/\\\/www.rgvbusinessjournal.com\\\/es\\\/#\\\/schema\\\/person\\\/ebd8fad5c017c52b5462d600f1be5c77\"},\"headline\":\"\u00abB\u00faho\u00bb, de Brownsville, se expande con una cafeter\u00eda y una fundaci\u00f3n sin \u00e1nimo de lucro a medida que aumentan las ventas de la librer\u00eda\",\"datePublished\":\"2026-07-20T09:29:29+00:00\",\"mainEntityOfPage\":{\"@id\":\"https:\\\/\\\/www.rgvbusinessjournal.com\\\/es\\\/news\\\/20\\\/07\\\/2026\\\/buho-de-brownsville-se-expande-con-una-cafeteria-y-una-fundacion-sin-animo-de-lucro-a-medida-que-aumentan-las-ventas-de-la-libreria\\\/\"},\"wordCount\":1075,\"publisher\":{\"@id\":\"https:\\\/\\\/www.rgvbusinessjournal.com\\\/es\\\/#organization\"},\"image\":{\"@id\":\"https:\\\/\\\/www.rgvbusinessjournal.com\\\/es\\\/news\\\/20\\\/07\\\/2026\\\/buho-de-brownsville-se-expande-con-una-cafeteria-y-una-fundacion-sin-animo-de-lucro-a-medida-que-aumentan-las-ventas-de-la-libreria\\\/#primaryimage\"},\"thumbnailUrl\":\"https:\\\/\\\/www.rgvbusinessjournal.com\\\/wp-content\\\/uploads\\\/2026\\\/07\\\/9194E9BC-82A7-44B3-AF9D-C81BA44C2EC8_1_201_a-scaled.jpg\",\"keywords\":[\"books\",\"Brownsville\",\"B\u00faho (ES)\",\"BUHO Foundation\",\"coffee shop\",\"Distrito Cultural de Mitte\",\"downtown Brownsville\",\"Grind Coffee Co.\",\"independent bookstore\",\"literacy\"],\"articleSection\":[\"Business spotlight\",\"Education\",\"Entertainment\",\"Retail\",\"U.S.\"],\"inLanguage\":\"es-ES\"},{\"@type\":\"WebPage\",\"@id\":\"https:\\\/\\\/www.rgvbusinessjournal.com\\\/es\\\/news\\\/20\\\/07\\\/2026\\\/buho-de-brownsville-se-expande-con-una-cafeteria-y-una-fundacion-sin-animo-de-lucro-a-medida-que-aumentan-las-ventas-de-la-libreria\\\/\",\"url\":\"https:\\\/\\\/www.rgvbusinessjournal.com\\\/es\\\/news\\\/20\\\/07\\\/2026\\\/buho-de-brownsville-se-expande-con-una-cafeteria-y-una-fundacion-sin-animo-de-lucro-a-medida-que-aumentan-las-ventas-de-la-libreria\\\/\",\"name\":\"Brownsville B\u00faho bookstore opens coffee bar, launches nonprofit foundation\",\"isPartOf\":{\"@id\":\"https:\\\/\\\/www.rgvbusinessjournal.com\\\/es\\\/#website\"},\"primaryImageOfPage\":{\"@id\":\"https:\\\/\\\/www.rgvbusinessjournal.com\\\/es\\\/news\\\/20\\\/07\\\/2026\\\/buho-de-brownsville-se-expande-con-una-cafeteria-y-una-fundacion-sin-animo-de-lucro-a-medida-que-aumentan-las-ventas-de-la-libreria\\\/#primaryimage\"},\"image\":{\"@id\":\"https:\\\/\\\/www.rgvbusinessjournal.com\\\/es\\\/news\\\/20\\\/07\\\/2026\\\/buho-de-brownsville-se-expande-con-una-cafeteria-y-una-fundacion-sin-animo-de-lucro-a-medida-que-aumentan-las-ventas-de-la-libreria\\\/#primaryimage\"},\"thumbnailUrl\":\"https:\\\/\\\/www.rgvbusinessjournal.com\\\/wp-content\\\/uploads\\\/2026\\\/07\\\/9194E9BC-82A7-44B3-AF9D-C81BA44C2EC8_1_201_a-scaled.jpg\",\"datePublished\":\"2026-07-20T09:29:29+00:00\",\"description\":\"B\u00faho opened a new coffee, tea, and wine bar and formally launched its nonprofit foundation as sales continue to grow despite new retail competition.\",\"breadcrumb\":{\"@id\":\"https:\\\/\\\/www.rgvbusinessjournal.com\\\/es\\\/news\\\/20\\\/07\\\/2026\\\/buho-de-brownsville-se-expande-con-una-cafeteria-y-una-fundacion-sin-animo-de-lucro-a-medida-que-aumentan-las-ventas-de-la-libreria\\\/#breadcrumb\"},\"inLanguage\":\"es-ES\",\"potentialAction\":[{\"@type\":\"ReadAction\",\"target\":[\"https:\\\/\\\/www.rgvbusinessjournal.com\\\/es\\\/news\\\/20\\\/07\\\/2026\\\/buho-de-brownsville-se-expande-con-una-cafeteria-y-una-fundacion-sin-animo-de-lucro-a-medida-que-aumentan-las-ventas-de-la-libreria\\\/\"]}]},{\"@type\":\"ImageObject\",\"inLanguage\":\"es-ES\",\"@id\":\"https:\\\/\\\/www.rgvbusinessjournal.com\\\/es\\\/news\\\/20\\\/07\\\/2026\\\/buho-de-brownsville-se-expande-con-una-cafeteria-y-una-fundacion-sin-animo-de-lucro-a-medida-que-aumentan-las-ventas-de-la-libreria\\\/#primaryimage\",\"url\":\"https:\\\/\\\/www.rgvbusinessjournal.com\\\/wp-content\\\/uploads\\\/2026\\\/07\\\/9194E9BC-82A7-44B3-AF9D-C81BA44C2EC8_1_201_a-scaled.jpg\",\"contentUrl\":\"https:\\\/\\\/www.rgvbusinessjournal.com\\\/wp-content\\\/uploads\\\/2026\\\/07\\\/9194E9BC-82A7-44B3-AF9D-C81BA44C2EC8_1_201_a-scaled.jpg\",\"width\":2560,\"height\":1920,\"caption\":\"Los visitantes pueden relajarse, leer y reunirse en la ampliada librer\u00eda de B\u00faho. Cortes\u00eda de | B\u00faho\"},{\"@type\":\"BreadcrumbList\",\"@id\":\"https:\\\/\\\/www.rgvbusinessjournal.com\\\/es\\\/news\\\/20\\\/07\\\/2026\\\/buho-de-brownsville-se-expande-con-una-cafeteria-y-una-fundacion-sin-animo-de-lucro-a-medida-que-aumentan-las-ventas-de-la-libreria\\\/#breadcrumb\",\"itemListElement\":[{\"@type\":\"ListItem\",\"position\":1,\"name\":\"Home\",\"item\":\"https:\\\/\\\/www.rgvbusinessjournal.com\\\/es\\\/inicio\\\/\"},{\"@type\":\"ListItem\",\"position\":2,\"name\":\"\u00abB\u00faho\u00bb, de Brownsville, se expande con una cafeter\u00eda y una fundaci\u00f3n sin \u00e1nimo de lucro a medida que aumentan las ventas de la librer\u00eda\"}]},{\"@type\":\"WebSite\",\"@id\":\"https:\\\/\\\/www.rgvbusinessjournal.com\\\/es\\\/#website\",\"url\":\"https:\\\/\\\/www.rgvbusinessjournal.com\\\/es\\\/\",\"name\":\"Rio Grande Valley Business Journal\",\"description\":\"\",\"publisher\":{\"@id\":\"https:\\\/\\\/www.rgvbusinessjournal.com\\\/es\\\/#organization\"},\"potentialAction\":[{\"@type\":\"SearchAction\",\"target\":{\"@type\":\"EntryPoint\",\"urlTemplate\":\"https:\\\/\\\/www.rgvbusinessjournal.com\\\/es\\\/?s={search_term_string}\"},\"query-input\":{\"@type\":\"PropertyValueSpecification\",\"valueRequired\":true,\"valueName\":\"search_term_string\"}}],\"inLanguage\":\"es-ES\"},{\"@type\":\"Organization\",\"@id\":\"https:\\\/\\\/www.rgvbusinessjournal.com\\\/es\\\/#organization\",\"name\":\"Rio Grande Valley Business Journal\",\"alternateName\":\"RGV Business Journal\",\"url\":\"https:\\\/\\\/www.rgvbusinessjournal.com\\\/es\\\/\",\"logo\":{\"@type\":\"ImageObject\",\"inLanguage\":\"es-ES\",\"@id\":\"https:\\\/\\\/www.rgvbusinessjournal.com\\\/es\\\/#\\\/schema\\\/logo\\\/image\\\/\",\"url\":\"https:\\\/\\\/www.rgvbusinessjournal.com\\\/wp-content\\\/uploads\\\/2026\\\/01\\\/535504352_122102206586984207_2702720257970470495_n.jpg\",\"contentUrl\":\"https:\\\/\\\/www.rgvbusinessjournal.com\\\/wp-content\\\/uploads\\\/2026\\\/01\\\/535504352_122102206586984207_2702720257970470495_n.jpg\",\"width\":1000,\"height\":1000,\"caption\":\"Rio Grande Valley Business Journal\"},\"image\":{\"@id\":\"https:\\\/\\\/www.rgvbusinessjournal.com\\\/es\\\/#\\\/schema\\\/logo\\\/image\\\/\"},\"sameAs\":[\"https:\\\/\\\/www.facebook.com\\\/RGVBizJournal\\\/\",\"https:\\\/\\\/x.com\\\/RGVBizJournal\",\"https:\\\/\\\/www.linkedin.com\\\/company\\\/rio-grande-valley-business-journal\\\/\",\"https:\\\/\\\/www.youtube.com\\\/@RGVBizJournal\",\"https:\\\/\\\/www.instagram.com\\\/rgvbiznews\\\/\",\"https:\\\/\\\/www.tiktok.com\\\/@rgvbizjournal\"],\"description\":\"The Rio Grande Valley Business Journal is a digital-first newsroom focused on business, economic trends, real estate, healthcare, and regional developments in South Texas (Cameron, Hidalgo, Starr, and Willacy counties) and nearby Mexican industrial cities like Reynosa and Matamoros. It provides impartial reporting, data analyses, and insights for decision-makers in a fast-growing binational corridor home to nearly three million people and billions in annual trade.\",\"naics\":\"511110\"},{\"@type\":\"Person\",\"@id\":\"https:\\\/\\\/www.rgvbusinessjournal.com\\\/es\\\/#\\\/schema\\\/person\\\/ebd8fad5c017c52b5462d600f1be5c77\",\"name\":\"Lea Juarez\",\"image\":{\"@type\":\"ImageObject\",\"inLanguage\":\"es-ES\",\"@id\":\"https:\\\/\\\/secure.gravatar.com\\\/avatar\\\/4fd1ed3be10a6e7f487ee5877520a622b7dcd745fd8f93b16bcfdd1466b34866?s=96&r=g\",\"url\":\"https:\\\/\\\/secure.gravatar.com\\\/avatar\\\/4fd1ed3be10a6e7f487ee5877520a622b7dcd745fd8f93b16bcfdd1466b34866?s=96&r=g\",\"contentUrl\":\"https:\\\/\\\/secure.gravatar.com\\\/avatar\\\/4fd1ed3be10a6e7f487ee5877520a622b7dcd745fd8f93b16bcfdd1466b34866?s=96&r=g\",\"caption\":\"Lea Juarez\"},\"description\":\"Lea Juarez is a born-and-raised Valleyite. She has spent her journalism career writing about arts, life, education and local government. Previously, she was the editor of the Progress Times in Mission before taking a hiatus from news in 2016 to work in construction. During that time, she became a DIY podcaster, sharing inspiring stories from women around the world.\",\"jobTitle\":\"Author\\\/Reporter.\",\"url\":\"https:\\\/\\\/www.rgvbusinessjournal.com\\\/es\\\/news\\\/author\\\/lea-juarez\\\/\"}]}<\/script>\n<!-- \/ Yoast SEO Premium plugin. -->","yoast_head_json":{"title":"Brownsville B\u00faho bookstore opens coffee bar, launches nonprofit foundation","description":"B\u00faho opened a new coffee, tea, and wine bar and formally launched its nonprofit foundation as sales continue to grow despite new retail competition.","robots":{"index":"index","follow":"follow","max-snippet":"max-snippet:-1","max-image-preview":"max-image-preview:large","max-video-preview":"max-video-preview:-1"},"canonical":"https:\/\/www.rgvbusinessjournal.com\/es\/news\/20\/07\/2026\/buho-de-brownsville-se-expande-con-una-cafeteria-y-una-fundacion-sin-animo-de-lucro-a-medida-que-aumentan-las-ventas-de-la-libreria\/","og_locale":"es_ES","og_type":"article","og_title":"Brownsville\u2019s B\u00faho is growing beyond books. Here\u2019s what\u2019s next.","og_description":"B\u00faho opened a new coffee, tea, and wine bar and formally launched its nonprofit foundation as sales continue to grow despite new retail competition.","og_url":"https:\/\/www.rgvbusinessjournal.com\/es\/news\/20\/07\/2026\/buho-de-brownsville-se-expande-con-una-cafeteria-y-una-fundacion-sin-animo-de-lucro-a-medida-que-aumentan-las-ventas-de-la-libreria\/","og_site_name":"Rio Grande Valley Business Journal","article_publisher":"https:\/\/www.facebook.com\/RGVBizJournal\/","article_published_time":"2026-07-20T09:29:29+00:00","og_image":[{"width":1202,"height":675,"url":"https:\/\/www.rgvbusinessjournal.com\/wp-content\/uploads\/2026\/01\/613315829_122145636626984207_6700536240180555664_n.jpg","type":"image\/jpeg"}],"author":"Lea Juarez","twitter_card":"summary_large_image","twitter_title":"\u00abB\u00faho\u00bb, de Brownsville, se expande con una cafeter\u00eda y una fundaci\u00f3n sin \u00e1nimo de lucro a medida que aumentan las ventas de la librer\u00eda","twitter_description":"RGV Business Journal covers business news in the Rio Grande Valley of Texas and the Mexican cities of Reynosa and Matamoros.","twitter_creator":"@RGVBizJournal","twitter_site":"@RGVBizJournal","twitter_misc":{"Written by":"Lea Juarez","Est. reading time":"5 minutes"},"schema":{"@context":"https:\/\/schema.org","@graph":[{"@type":"NewsArticle","@id":"https:\/\/www.rgvbusinessjournal.com\/es\/news\/20\/07\/2026\/buho-de-brownsville-se-expande-con-una-cafeteria-y-una-fundacion-sin-animo-de-lucro-a-medida-que-aumentan-las-ventas-de-la-libreria\/#article","isPartOf":{"@id":"https:\/\/www.rgvbusinessjournal.com\/es\/news\/20\/07\/2026\/buho-de-brownsville-se-expande-con-una-cafeteria-y-una-fundacion-sin-animo-de-lucro-a-medida-que-aumentan-las-ventas-de-la-libreria\/"},"author":{"name":"Lea Juarez","@id":"https:\/\/www.rgvbusinessjournal.com\/es\/#\/schema\/person\/ebd8fad5c017c52b5462d600f1be5c77"},"headline":"\u00abB\u00faho\u00bb, de Brownsville, se expande con una cafeter\u00eda y una fundaci\u00f3n sin \u00e1nimo de lucro a medida que aumentan las ventas de la librer\u00eda","datePublished":"2026-07-20T09:29:29+00:00","mainEntityOfPage":{"@id":"https:\/\/www.rgvbusinessjournal.com\/es\/news\/20\/07\/2026\/buho-de-brownsville-se-expande-con-una-cafeteria-y-una-fundacion-sin-animo-de-lucro-a-medida-que-aumentan-las-ventas-de-la-libreria\/"},"wordCount":1075,"publisher":{"@id":"https:\/\/www.rgvbusinessjournal.com\/es\/#organization"},"image":{"@id":"https:\/\/www.rgvbusinessjournal.com\/es\/news\/20\/07\/2026\/buho-de-brownsville-se-expande-con-una-cafeteria-y-una-fundacion-sin-animo-de-lucro-a-medida-que-aumentan-las-ventas-de-la-libreria\/#primaryimage"},"thumbnailUrl":"https:\/\/www.rgvbusinessjournal.com\/wp-content\/uploads\/2026\/07\/9194E9BC-82A7-44B3-AF9D-C81BA44C2EC8_1_201_a-scaled.jpg","keywords":["books","Brownsville","B\u00faho (ES)","BUHO Foundation","coffee shop","Distrito Cultural de Mitte","downtown Brownsville","Grind Coffee Co.","independent bookstore","literacy"],"articleSection":["Business spotlight","Education","Entertainment","Retail","U.S."],"inLanguage":"es-ES"},{"@type":"WebPage","@id":"https:\/\/www.rgvbusinessjournal.com\/es\/news\/20\/07\/2026\/buho-de-brownsville-se-expande-con-una-cafeteria-y-una-fundacion-sin-animo-de-lucro-a-medida-que-aumentan-las-ventas-de-la-libreria\/","url":"https:\/\/www.rgvbusinessjournal.com\/es\/news\/20\/07\/2026\/buho-de-brownsville-se-expande-con-una-cafeteria-y-una-fundacion-sin-animo-de-lucro-a-medida-que-aumentan-las-ventas-de-la-libreria\/","name":"Brownsville B\u00faho bookstore opens coffee bar, launches nonprofit foundation","isPartOf":{"@id":"https:\/\/www.rgvbusinessjournal.com\/es\/#website"},"primaryImageOfPage":{"@id":"https:\/\/www.rgvbusinessjournal.com\/es\/news\/20\/07\/2026\/buho-de-brownsville-se-expande-con-una-cafeteria-y-una-fundacion-sin-animo-de-lucro-a-medida-que-aumentan-las-ventas-de-la-libreria\/#primaryimage"},"image":{"@id":"https:\/\/www.rgvbusinessjournal.com\/es\/news\/20\/07\/2026\/buho-de-brownsville-se-expande-con-una-cafeteria-y-una-fundacion-sin-animo-de-lucro-a-medida-que-aumentan-las-ventas-de-la-libreria\/#primaryimage"},"thumbnailUrl":"https:\/\/www.rgvbusinessjournal.com\/wp-content\/uploads\/2026\/07\/9194E9BC-82A7-44B3-AF9D-C81BA44C2EC8_1_201_a-scaled.jpg","datePublished":"2026-07-20T09:29:29+00:00","description":"B\u00faho opened a new coffee, tea, and wine bar and formally launched its nonprofit foundation as sales continue to grow despite new retail competition.","breadcrumb":{"@id":"https:\/\/www.rgvbusinessjournal.com\/es\/news\/20\/07\/2026\/buho-de-brownsville-se-expande-con-una-cafeteria-y-una-fundacion-sin-animo-de-lucro-a-medida-que-aumentan-las-ventas-de-la-libreria\/#breadcrumb"},"inLanguage":"es-ES","potentialAction":[{"@type":"ReadAction","target":["https:\/\/www.rgvbusinessjournal.com\/es\/news\/20\/07\/2026\/buho-de-brownsville-se-expande-con-una-cafeteria-y-una-fundacion-sin-animo-de-lucro-a-medida-que-aumentan-las-ventas-de-la-libreria\/"]}]},{"@type":"ImageObject","inLanguage":"es-ES","@id":"https:\/\/www.rgvbusinessjournal.com\/es\/news\/20\/07\/2026\/buho-de-brownsville-se-expande-con-una-cafeteria-y-una-fundacion-sin-animo-de-lucro-a-medida-que-aumentan-las-ventas-de-la-libreria\/#primaryimage","url":"https:\/\/www.rgvbusinessjournal.com\/wp-content\/uploads\/2026\/07\/9194E9BC-82A7-44B3-AF9D-C81BA44C2EC8_1_201_a-scaled.jpg","contentUrl":"https:\/\/www.rgvbusinessjournal.com\/wp-content\/uploads\/2026\/07\/9194E9BC-82A7-44B3-AF9D-C81BA44C2EC8_1_201_a-scaled.jpg","width":2560,"height":1920,"caption":"Los visitantes pueden relajarse, leer y reunirse en la ampliada librer\u00eda de B\u00faho. Cortes\u00eda de | B\u00faho"},{"@type":"BreadcrumbList","@id":"https:\/\/www.rgvbusinessjournal.com\/es\/news\/20\/07\/2026\/buho-de-brownsville-se-expande-con-una-cafeteria-y-una-fundacion-sin-animo-de-lucro-a-medida-que-aumentan-las-ventas-de-la-libreria\/#breadcrumb","itemListElement":[{"@type":"ListItem","position":1,"name":"Home","item":"https:\/\/www.rgvbusinessjournal.com\/es\/inicio\/"},{"@type":"ListItem","position":2,"name":"\u00abB\u00faho\u00bb, de Brownsville, se expande con una cafeter\u00eda y una fundaci\u00f3n sin \u00e1nimo de lucro a medida que aumentan las ventas de la librer\u00eda"}]},{"@type":"WebSite","@id":"https:\/\/www.rgvbusinessjournal.com\/es\/#website","url":"https:\/\/www.rgvbusinessjournal.com\/es\/","name":"Rio Grande Valley Business Journal","description":"","publisher":{"@id":"https:\/\/www.rgvbusinessjournal.com\/es\/#organization"},"potentialAction":[{"@type":"SearchAction","target":{"@type":"EntryPoint","urlTemplate":"https:\/\/www.rgvbusinessjournal.com\/es\/?s={search_term_string}"},"query-input":{"@type":"PropertyValueSpecification","valueRequired":true,"valueName":"search_term_string"}}],"inLanguage":"es-ES"},{"@type":"Organization","@id":"https:\/\/www.rgvbusinessjournal.com\/es\/#organization","name":"Rio Grande Valley Business Journal","alternateName":"RGV Business Journal","url":"https:\/\/www.rgvbusinessjournal.com\/es\/","logo":{"@type":"ImageObject","inLanguage":"es-ES","@id":"https:\/\/www.rgvbusinessjournal.com\/es\/#\/schema\/logo\/image\/","url":"https:\/\/www.rgvbusinessjournal.com\/wp-content\/uploads\/2026\/01\/535504352_122102206586984207_2702720257970470495_n.jpg","contentUrl":"https:\/\/www.rgvbusinessjournal.com\/wp-content\/uploads\/2026\/01\/535504352_122102206586984207_2702720257970470495_n.jpg","width":1000,"height":1000,"caption":"Rio Grande Valley Business Journal"},"image":{"@id":"https:\/\/www.rgvbusinessjournal.com\/es\/#\/schema\/logo\/image\/"},"sameAs":["https:\/\/www.facebook.com\/RGVBizJournal\/","https:\/\/x.com\/RGVBizJournal","https:\/\/www.linkedin.com\/company\/rio-grande-valley-business-journal\/","https:\/\/www.youtube.com\/@RGVBizJournal","https:\/\/www.instagram.com\/rgvbiznews\/","https:\/\/www.tiktok.com\/@rgvbizjournal"],"description":"The Rio Grande Valley Business Journal is a digital-first newsroom focused on business, economic trends, real estate, healthcare, and regional developments in South Texas (Cameron, Hidalgo, Starr, and Willacy counties) and nearby Mexican industrial cities like Reynosa and Matamoros. It provides impartial reporting, data analyses, and insights for decision-makers in a fast-growing binational corridor home to nearly three million people and billions in annual trade.","naics":"511110"},{"@type":"Person","@id":"https:\/\/www.rgvbusinessjournal.com\/es\/#\/schema\/person\/ebd8fad5c017c52b5462d600f1be5c77","name":"Lea Juarez","image":{"@type":"ImageObject","inLanguage":"es-ES","@id":"https:\/\/secure.gravatar.com\/avatar\/4fd1ed3be10a6e7f487ee5877520a622b7dcd745fd8f93b16bcfdd1466b34866?s=96&r=g","url":"https:\/\/secure.gravatar.com\/avatar\/4fd1ed3be10a6e7f487ee5877520a622b7dcd745fd8f93b16bcfdd1466b34866?s=96&r=g","contentUrl":"https:\/\/secure.gravatar.com\/avatar\/4fd1ed3be10a6e7f487ee5877520a622b7dcd745fd8f93b16bcfdd1466b34866?s=96&r=g","caption":"Lea Juarez"},"description":"Lea Juarez is a born-and-raised Valleyite. She has spent her journalism career writing about arts, life, education and local government. Previously, she was the editor of the Progress Times in Mission before taking a hiatus from news in 2016 to work in construction. During that time, she became a DIY podcaster, sharing inspiring stories from women around the world.","jobTitle":"Author\/Reporter.","url":"https:\/\/www.rgvbusinessjournal.com\/es\/news\/author\/lea-juarez\/"}]}},"preview_block_count":4,"is_paywalled":false,"_links":{"self":[{"href":"https:\/\/www.rgvbusinessjournal.com\/es\/wp-json\/wp\/v2\/posts\/20722","targetHints":{"allow":["GET"]}}],"collection":[{"href":"https:\/\/www.rgvbusinessjournal.com\/es\/wp-json\/wp\/v2\/posts"}],"about":[{"href":"https:\/\/www.rgvbusinessjournal.com\/es\/wp-json\/wp\/v2\/types\/post"}],"author":[{"embeddable":true,"href":"https:\/\/www.rgvbusinessjournal.com\/es\/wp-json\/wp\/v2\/users\/24"}],"replies":[{"embeddable":true,"href":"https:\/\/www.rgvbusinessjournal.com\/es\/wp-json\/wp\/v2\/comments?post=20722"}],"version-history":[{"count":0,"href":"https:\/\/www.rgvbusinessjournal.com\/es\/wp-json\/wp\/v2\/posts\/20722\/revisions"}],"wp:featuredmedia":[{"embeddable":true,"href":"https:\/\/www.rgvbusinessjournal.com\/es\/wp-json\/wp\/v2\/media\/20723"}],"wp:attachment":[{"href":"https:\/\/www.rgvbusinessjournal.com\/es\/wp-json\/wp\/v2\/media?parent=20722"}],"wp:term":[{"taxonomy":"category","embeddable":true,"href":"https:\/\/www.rgvbusinessjournal.com\/es\/wp-json\/wp\/v2\/categories?post=20722"},{"taxonomy":"post_tag","embeddable":true,"href":"https:\/\/www.rgvbusinessjournal.com\/es\/wp-json\/wp\/v2\/tags?post=20722"}],"curies":[{"name":"wp","href":"https:\/\/api.w.org\/{rel}","templated":true}]}}