{"id":20732,"date":"2026-07-18T23:27:54","date_gmt":"2026-07-19T04:27:54","guid":{"rendered":"https:\/\/www.rgvbusinessjournal.com\/news\/18\/07\/2026\/el-exalcalde-de-austin-will-wynn-ha-sido-designado-para-dirigir-el-campus-de-texas-am-en-mcallen\/"},"modified":"2026-07-18T23:27:54","modified_gmt":"2026-07-19T04:27:54","slug":"el-exalcalde-de-austin-will-wynn-ha-sido-designado-para-dirigir-el-campus-de-texas-am-en-mcallen","status":"publish","type":"post","link":"https:\/\/www.rgvbusinessjournal.com\/es\/news\/18\/07\/2026\/el-exalcalde-de-austin-will-wynn-ha-sido-designado-para-dirigir-el-campus-de-texas-am-en-mcallen\/","title":{"rendered":"El exalcalde de Austin, Will Wynn, ha sido designado para dirigir el campus de Texas A&amp;M en McAllen"},"content":{"rendered":"\n<p class=\"wp-block-paragraph\">Tras haber dirigido Austin durante seis a\u00f1os de r\u00e1pido crecimiento como alcalde, Will Wynn, residente en McAllen, asume ahora un nuevo cargo de liderazgo en el Valle del R\u00edo Grande.<\/p>\n\n\n<div class=\"wp-block-image\">\n<figure class=\"alignright size-large is-resized\"><img loading=\"lazy\" decoding=\"async\" width=\"616\" height=\"1024\" src=\"https:\/\/www.rgvbusinessjournal.com\/wp-content\/uploads\/2026\/07\/E26D492D-6809-4603-87CA-7C0E50FE9104_1_201_a-616x1024.jpeg\" alt=\"Will Wynn\" class=\"wp-image-20638\" style=\"aspect-ratio:0.6015773378400129;width:165px;height:auto\" srcset=\"https:\/\/www.rgvbusinessjournal.com\/wp-content\/uploads\/2026\/07\/E26D492D-6809-4603-87CA-7C0E50FE9104_1_201_a-616x1024.jpeg 616w, https:\/\/www.rgvbusinessjournal.com\/wp-content\/uploads\/2026\/07\/E26D492D-6809-4603-87CA-7C0E50FE9104_1_201_a-180x300.jpeg 180w, https:\/\/www.rgvbusinessjournal.com\/wp-content\/uploads\/2026\/07\/E26D492D-6809-4603-87CA-7C0E50FE9104_1_201_a-768x1278.jpeg 768w, https:\/\/www.rgvbusinessjournal.com\/wp-content\/uploads\/2026\/07\/E26D492D-6809-4603-87CA-7C0E50FE9104_1_201_a-923x1536.jpeg 923w, https:\/\/www.rgvbusinessjournal.com\/wp-content\/uploads\/2026\/07\/E26D492D-6809-4603-87CA-7C0E50FE9104_1_201_a-1231x2048.jpeg 1231w, https:\/\/www.rgvbusinessjournal.com\/wp-content\/uploads\/2026\/07\/E26D492D-6809-4603-87CA-7C0E50FE9104_1_201_a-481x800.jpeg 481w, https:\/\/www.rgvbusinessjournal.com\/wp-content\/uploads\/2026\/07\/E26D492D-6809-4603-87CA-7C0E50FE9104_1_201_a-292x485.jpeg 292w, https:\/\/www.rgvbusinessjournal.com\/wp-content\/uploads\/2026\/07\/E26D492D-6809-4603-87CA-7C0E50FE9104_1_201_a-138x230.jpeg 138w, https:\/\/www.rgvbusinessjournal.com\/wp-content\/uploads\/2026\/07\/E26D492D-6809-4603-87CA-7C0E50FE9104_1_201_a.jpeg 1346w\" sizes=\"auto, (max-width: 616px) 100vw, 616px\" \/><figcaption class=\"wp-element-caption\">Will Wynn<\/figcaption><\/figure>\n<\/div>\n\n\n<p class=\"wp-block-paragraph\">La Universidad de Texas A&amp;M ha nombrado a Wynn director ejecutivo del Centro de Educaci\u00f3n Superior de la Universidad de Texas A&amp;M en McAllen, donde supervisar\u00e1 las operaciones diarias, reforzar\u00e1 las colaboraciones con l\u00edderes del sector y de la comunidad, y apoyar\u00e1 el crecimiento continuo del campus.\u00a0<\/p>\n\n\n\n<p class=\"wp-block-paragraph\">Su nombramiento entr\u00f3 en vigor el 13 de julio.<\/p>\n\n\n\n<p class=\"wp-block-paragraph\">Wynn sustituye al veterano director ejecutivo Rick Margo, quien ha pasado a ocupar el cargo de director del programa de Educaci\u00f3n y Divulgaci\u00f3n Sanitaria del Valle del R\u00edo Grande de Texas A&amp;M Health, tras haber contribuido a la creaci\u00f3n y expansi\u00f3n del campus de McAllen.<\/p>\n\n\n\n<p class=\"wp-block-paragraph\">Este nombramiento supone la incorporaci\u00f3n de un reconocido cargo p\u00fablico de Texas a una de las instituciones clave de educaci\u00f3n superior del Valle, en un momento en el que esta sigue ampliando sus programas destinados a satisfacer las necesidades de mano de obra de la regi\u00f3n.<\/p>\n\n\n\n<p class=\"wp-block-paragraph\">Wynn, natural de Beaumont y que actualmente reside en McAllen, fue el 50.\u00ba alcalde de Austin entre 2003 y 2009, y contribuy\u00f3 a guiar a la capital del estado a trav\u00e9s de un periodo de importante crecimiento demogr\u00e1fico, inversi\u00f3n en infraestructuras y colaboraci\u00f3n regional.\u00a0<\/p>\n\n\n\n<p class=\"wp-block-paragraph\">Su trayectoria profesional tambi\u00e9n incluye puestos de responsabilidad en los \u00e1mbitos de la promoci\u00f3n inmobiliaria, las colaboraciones p\u00fablico-privadas, la supervisi\u00f3n de los servicios p\u00fablicos, las iniciativas de sostenibilidad y la planificaci\u00f3n estrat\u00e9gica a largo plazo.<\/p>\n\n\n<div class=\"wp-block-image\">\n<figure class=\"alignright size-full is-resized\"><img loading=\"lazy\" decoding=\"async\" width=\"438\" height=\"708\" src=\"https:\/\/www.rgvbusinessjournal.com\/wp-content\/uploads\/2026\/07\/AF978D22-DD48-4DD8-90C8-59EFE6B4C955_1_201_a.jpeg\" alt=\"Ernest \u00abErnie\u00bb Aliseda\" class=\"wp-image-20641\" style=\"width:163px;height:auto\" srcset=\"https:\/\/www.rgvbusinessjournal.com\/wp-content\/uploads\/2026\/07\/AF978D22-DD48-4DD8-90C8-59EFE6B4C955_1_201_a.jpeg 438w, https:\/\/www.rgvbusinessjournal.com\/wp-content\/uploads\/2026\/07\/AF978D22-DD48-4DD8-90C8-59EFE6B4C955_1_201_a-186x300.jpeg 186w, https:\/\/www.rgvbusinessjournal.com\/wp-content\/uploads\/2026\/07\/AF978D22-DD48-4DD8-90C8-59EFE6B4C955_1_201_a-300x485.jpeg 300w, https:\/\/www.rgvbusinessjournal.com\/wp-content\/uploads\/2026\/07\/AF978D22-DD48-4DD8-90C8-59EFE6B4C955_1_201_a-142x230.jpeg 142w\" sizes=\"auto, (max-width: 438px) 100vw, 438px\" \/><figcaption class=\"wp-element-caption\">Ernest \u00abErnie\u00bb Aliseda<\/figcaption><\/figure>\n<\/div>\n\n\n<p class=\"wp-block-paragraph\">\u201cWill Wynn brings a rare combination of executive leadership, operational judgment, public-sector experience and deep loyalty to Texas A&amp;M,\u201d Ernest \u00abErnie\u00bb Aliseda, chief operating officer and associate vice president of the Texas A&amp;M University Higher Education Center at McAllen, said in a news release last week. \u201cHe understands complex organizations, budgets, facilities, infrastructure and, most importantly, people.\u201d<\/p>\n\n\n\n<p class=\"wp-block-paragraph\">Wynn afirm\u00f3 que esta oportunidad le permite devolverle algo a la universidad que le ayud\u00f3 a forjar su carrera, al tiempo que contribuye al futuro del Valle.<\/p>\n\n\n\n<p class=\"wp-block-paragraph\">\u00abTexas A&amp;M cambi\u00f3 el rumbo de mi vida, y estoy agradecido por la oportunidad de devolverle algo a la universidad contribuyendo a impulsar su misi\u00f3n en McAllen\u00bb, afirm\u00f3 Wynn. \u00abMe encanta esta comunidad y siento un gran respeto por la gente del Valle del R\u00edo Grande. Estoy deseando trabajar con los estudiantes, el profesorado, el personal, los responsables de la universidad y los socios locales para apoyar el crecimiento y el \u00e9xito continuos del centro\u00bb.<\/p>\n\n\n\n<p class=\"wp-block-paragraph\">Fundado en 2017, el Centro de Educaci\u00f3n Superior de la Universidad de Texas A&amp;M en McAllen ofrece a los estudiantes del Valle del R\u00edo Grande la posibilidad de cursar los programas de grado de Texas A&amp;M sin necesidad de trasladarse a College Station.\u00a0<\/p>\n\n\n\n<p class=\"wp-block-paragraph\">El campus colabora con las facultades de toda la universidad para ofrecer programas de grado y posgrado centrados en sectores con gran demanda que contribuyen al desarrollo econ\u00f3mico y a la mano de obra de la regi\u00f3n.<\/p>\n\n\n\n<p class=\"wp-block-paragraph\">Wynn se licenci\u00f3 cum laude en Dise\u00f1o Medioambiental por la Universidad de Texas A&amp;M en 1984. Ha sido reconocido como \u00abAlumno Distinguido\u00bb de la Facultad de Arquitectura de dicha universidad y ha recibido el premio \u00abAustinite of the Year\u00bb de Austin Under Forty por su servicio p\u00fablico y su liderazgo c\u00edvico.<\/p>\n\n\n\n<p class=\"wp-block-paragraph\"><\/p>\n","protected":false},"excerpt":{"rendered":"<p>Este residente de McAllen aporta a su nuevo cargo d\u00e9cadas de experiencia en puestos de liderazgo en la administraci\u00f3n p\u00fablica, el desarrollo econ\u00f3mico y el sector inmobiliario.<\/p>\n","protected":false},"author":53,"featured_media":20737,"comment_status":"","ping_status":"","sticky":false,"template":"","format":"standard","meta":{"_acf_changed":false,"post_views_count":111,"footnotes":""},"categories":[87,825],"tags":[4424,559,69,4423,4421,4422,4471],"class_list":["post-20732","post","type-post","status-publish","format-standard","has-post-thumbnail","hentry","category-education","category-u-s","tag-ernest-aliseda","tag-higher-education","tag-mcallen","tag-rick-margo","tag-texas-am-university","tag-texas-am-university-higher-education-center-at-mcallen","tag-will-wynn-es-es"],"acf":{"is_features_post":"","is_sponser":"","hide_author":"","hide_author_biography":""},"yoast_head":"<!-- This site is optimized with the Yoast SEO Premium plugin v28.3 (Yoast SEO v28.3) - https:\/\/yoast.com\/product\/yoast-seo-premium-wordpress\/ -->\n<title>Former Austin mayor tapped to lead Texas A&amp;M\u2019s McAllen campus<\/title>\n<meta name=\"description\" content=\"The McAllen resident brings decades of leadership in government, economic development, and real estate to his new position.\" \/>\n<meta name=\"robots\" content=\"index, follow, max-snippet:-1, max-image-preview:large, max-video-preview:-1\" \/>\n<link rel=\"canonical\" href=\"https:\/\/www.rgvbusinessjournal.com\/es\/news\/18\/07\/2026\/el-exalcalde-de-austin-will-wynn-ha-sido-designado-para-dirigir-el-campus-de-texas-am-en-mcallen\/\" \/>\n<meta property=\"og:locale\" content=\"es_ES\" \/>\n<meta property=\"og:type\" content=\"article\" \/>\n<meta property=\"og:title\" content=\"El exalcalde de Austin, Will Wynn, ha sido designado para dirigir el campus de Texas A&amp;M en McAllen\" \/>\n<meta property=\"og:description\" content=\"RGV Business Journal covers business news in the Rio Grande Valley of Texas and the Mexican cities of Reynosa and Matamoros.\" \/>\n<meta property=\"og:url\" content=\"https:\/\/www.rgvbusinessjournal.com\/es\/news\/18\/07\/2026\/el-exalcalde-de-austin-will-wynn-ha-sido-designado-para-dirigir-el-campus-de-texas-am-en-mcallen\/\" \/>\n<meta property=\"og:site_name\" content=\"Rio Grande Valley Business Journal\" \/>\n<meta property=\"article:publisher\" content=\"https:\/\/www.facebook.com\/RGVBizJournal\/\" \/>\n<meta property=\"article:published_time\" content=\"2026-07-19T04:27:54+00:00\" \/>\n<meta property=\"og:image\" content=\"https:\/\/www.rgvbusinessjournal.com\/wp-content\/uploads\/2026\/07\/7612E7AB-BB03-4DB5-A304-E6ED649C0C4F_1_201_a.jpeg\" \/>\n\t<meta property=\"og:image:width\" content=\"1067\" \/>\n\t<meta property=\"og:image:height\" content=\"800\" \/>\n\t<meta property=\"og:image:type\" content=\"image\/jpeg\" \/>\n<meta name=\"author\" content=\"RGV Business Journal Staff\" \/>\n<meta name=\"twitter:card\" content=\"summary_large_image\" \/>\n<meta name=\"twitter:creator\" content=\"@RGVBizJournal\" \/>\n<meta name=\"twitter:site\" content=\"@RGVBizJournal\" \/>\n<meta name=\"twitter:label1\" content=\"Written by\" \/>\n\t<meta name=\"twitter:data1\" content=\"RGV Business Journal Staff\" \/>\n\t<meta name=\"twitter:label2\" content=\"Est. reading time\" \/>\n\t<meta name=\"twitter:data2\" content=\"3 minutes\" \/>\n<script type=\"application\/ld+json\" class=\"yoast-schema-graph\">{\"@context\":\"https:\\\/\\\/schema.org\",\"@graph\":[{\"@type\":\"NewsArticle\",\"@id\":\"https:\\\/\\\/www.rgvbusinessjournal.com\\\/es\\\/news\\\/18\\\/07\\\/2026\\\/el-exalcalde-de-austin-will-wynn-ha-sido-designado-para-dirigir-el-campus-de-texas-am-en-mcallen\\\/#article\",\"isPartOf\":{\"@id\":\"https:\\\/\\\/www.rgvbusinessjournal.com\\\/es\\\/news\\\/18\\\/07\\\/2026\\\/el-exalcalde-de-austin-will-wynn-ha-sido-designado-para-dirigir-el-campus-de-texas-am-en-mcallen\\\/\"},\"author\":{\"name\":\"RGV Business Journal Staff\",\"@id\":\"https:\\\/\\\/www.rgvbusinessjournal.com\\\/es\\\/#\\\/schema\\\/person\\\/c8e183cac23aaa013ebaa56c4c71cf29\"},\"headline\":\"El exalcalde de Austin, Will Wynn, ha sido designado para dirigir el campus de Texas A&amp;M en McAllen\",\"datePublished\":\"2026-07-19T04:27:54+00:00\",\"mainEntityOfPage\":{\"@id\":\"https:\\\/\\\/www.rgvbusinessjournal.com\\\/es\\\/news\\\/18\\\/07\\\/2026\\\/el-exalcalde-de-austin-will-wynn-ha-sido-designado-para-dirigir-el-campus-de-texas-am-en-mcallen\\\/\"},\"wordCount\":617,\"publisher\":{\"@id\":\"https:\\\/\\\/www.rgvbusinessjournal.com\\\/es\\\/#organization\"},\"image\":{\"@id\":\"https:\\\/\\\/www.rgvbusinessjournal.com\\\/es\\\/news\\\/18\\\/07\\\/2026\\\/el-exalcalde-de-austin-will-wynn-ha-sido-designado-para-dirigir-el-campus-de-texas-am-en-mcallen\\\/#primaryimage\"},\"thumbnailUrl\":\"https:\\\/\\\/www.rgvbusinessjournal.com\\\/wp-content\\\/uploads\\\/2026\\\/07\\\/7612E7AB-BB03-4DB5-A304-E6ED649C0C4F_1_201_a.jpeg\",\"keywords\":[\"Ernest Aliseda\",\"higher education\",\"McAllen\",\"Rick Margo\",\"Texas A&amp;M University\",\"Texas A&amp;M University Higher Education Center at McAllen\",\"Will Wynn (ES)\"],\"articleSection\":[\"Education\",\"U.S.\"],\"inLanguage\":\"es-ES\"},{\"@type\":\"WebPage\",\"@id\":\"https:\\\/\\\/www.rgvbusinessjournal.com\\\/es\\\/news\\\/18\\\/07\\\/2026\\\/el-exalcalde-de-austin-will-wynn-ha-sido-designado-para-dirigir-el-campus-de-texas-am-en-mcallen\\\/\",\"url\":\"https:\\\/\\\/www.rgvbusinessjournal.com\\\/es\\\/news\\\/18\\\/07\\\/2026\\\/el-exalcalde-de-austin-will-wynn-ha-sido-designado-para-dirigir-el-campus-de-texas-am-en-mcallen\\\/\",\"name\":\"Former Austin mayor tapped to lead Texas A&M\u2019s McAllen campus\",\"isPartOf\":{\"@id\":\"https:\\\/\\\/www.rgvbusinessjournal.com\\\/es\\\/#website\"},\"primaryImageOfPage\":{\"@id\":\"https:\\\/\\\/www.rgvbusinessjournal.com\\\/es\\\/news\\\/18\\\/07\\\/2026\\\/el-exalcalde-de-austin-will-wynn-ha-sido-designado-para-dirigir-el-campus-de-texas-am-en-mcallen\\\/#primaryimage\"},\"image\":{\"@id\":\"https:\\\/\\\/www.rgvbusinessjournal.com\\\/es\\\/news\\\/18\\\/07\\\/2026\\\/el-exalcalde-de-austin-will-wynn-ha-sido-designado-para-dirigir-el-campus-de-texas-am-en-mcallen\\\/#primaryimage\"},\"thumbnailUrl\":\"https:\\\/\\\/www.rgvbusinessjournal.com\\\/wp-content\\\/uploads\\\/2026\\\/07\\\/7612E7AB-BB03-4DB5-A304-E6ED649C0C4F_1_201_a.jpeg\",\"datePublished\":\"2026-07-19T04:27:54+00:00\",\"description\":\"The McAllen resident brings decades of leadership in government, economic development, and real estate to his new position.\",\"breadcrumb\":{\"@id\":\"https:\\\/\\\/www.rgvbusinessjournal.com\\\/es\\\/news\\\/18\\\/07\\\/2026\\\/el-exalcalde-de-austin-will-wynn-ha-sido-designado-para-dirigir-el-campus-de-texas-am-en-mcallen\\\/#breadcrumb\"},\"inLanguage\":\"es-ES\",\"potentialAction\":[{\"@type\":\"ReadAction\",\"target\":[\"https:\\\/\\\/www.rgvbusinessjournal.com\\\/es\\\/news\\\/18\\\/07\\\/2026\\\/el-exalcalde-de-austin-will-wynn-ha-sido-designado-para-dirigir-el-campus-de-texas-am-en-mcallen\\\/\"]}]},{\"@type\":\"ImageObject\",\"inLanguage\":\"es-ES\",\"@id\":\"https:\\\/\\\/www.rgvbusinessjournal.com\\\/es\\\/news\\\/18\\\/07\\\/2026\\\/el-exalcalde-de-austin-will-wynn-ha-sido-designado-para-dirigir-el-campus-de-texas-am-en-mcallen\\\/#primaryimage\",\"url\":\"https:\\\/\\\/www.rgvbusinessjournal.com\\\/wp-content\\\/uploads\\\/2026\\\/07\\\/7612E7AB-BB03-4DB5-A304-E6ED649C0C4F_1_201_a.jpeg\",\"contentUrl\":\"https:\\\/\\\/www.rgvbusinessjournal.com\\\/wp-content\\\/uploads\\\/2026\\\/07\\\/7612E7AB-BB03-4DB5-A304-E6ED649C0C4F_1_201_a.jpeg\",\"width\":1067,\"height\":800,\"caption\":\"El Centro de Educaci\u00f3n Superior de la Universidad de Texas A&amp;M; en McAllen abri\u00f3 sus puertas en 2017 con el objetivo de ampliar el acceso a los programas de grado de la Universidad de Texas A&amp;M; y satisfacer las necesidades laborales del Valle del R\u00edo Grande. Cortes\u00eda de | Universidad de Texas A&amp;M;\"},{\"@type\":\"BreadcrumbList\",\"@id\":\"https:\\\/\\\/www.rgvbusinessjournal.com\\\/es\\\/news\\\/18\\\/07\\\/2026\\\/el-exalcalde-de-austin-will-wynn-ha-sido-designado-para-dirigir-el-campus-de-texas-am-en-mcallen\\\/#breadcrumb\",\"itemListElement\":[{\"@type\":\"ListItem\",\"position\":1,\"name\":\"Home\",\"item\":\"https:\\\/\\\/www.rgvbusinessjournal.com\\\/es\\\/inicio\\\/\"},{\"@type\":\"ListItem\",\"position\":2,\"name\":\"El exalcalde de Austin, Will Wynn, ha sido designado para dirigir el campus de Texas A&amp;M en McAllen\"}]},{\"@type\":\"WebSite\",\"@id\":\"https:\\\/\\\/www.rgvbusinessjournal.com\\\/es\\\/#website\",\"url\":\"https:\\\/\\\/www.rgvbusinessjournal.com\\\/es\\\/\",\"name\":\"Rio Grande Valley Business Journal\",\"description\":\"\",\"publisher\":{\"@id\":\"https:\\\/\\\/www.rgvbusinessjournal.com\\\/es\\\/#organization\"},\"potentialAction\":[{\"@type\":\"SearchAction\",\"target\":{\"@type\":\"EntryPoint\",\"urlTemplate\":\"https:\\\/\\\/www.rgvbusinessjournal.com\\\/es\\\/?s={search_term_string}\"},\"query-input\":{\"@type\":\"PropertyValueSpecification\",\"valueRequired\":true,\"valueName\":\"search_term_string\"}}],\"inLanguage\":\"es-ES\"},{\"@type\":\"Organization\",\"@id\":\"https:\\\/\\\/www.rgvbusinessjournal.com\\\/es\\\/#organization\",\"name\":\"Rio Grande Valley Business Journal\",\"alternateName\":\"RGV Business Journal\",\"url\":\"https:\\\/\\\/www.rgvbusinessjournal.com\\\/es\\\/\",\"logo\":{\"@type\":\"ImageObject\",\"inLanguage\":\"es-ES\",\"@id\":\"https:\\\/\\\/www.rgvbusinessjournal.com\\\/es\\\/#\\\/schema\\\/logo\\\/image\\\/\",\"url\":\"https:\\\/\\\/www.rgvbusinessjournal.com\\\/wp-content\\\/uploads\\\/2026\\\/01\\\/535504352_122102206586984207_2702720257970470495_n.jpg\",\"contentUrl\":\"https:\\\/\\\/www.rgvbusinessjournal.com\\\/wp-content\\\/uploads\\\/2026\\\/01\\\/535504352_122102206586984207_2702720257970470495_n.jpg\",\"width\":1000,\"height\":1000,\"caption\":\"Rio Grande Valley Business Journal\"},\"image\":{\"@id\":\"https:\\\/\\\/www.rgvbusinessjournal.com\\\/es\\\/#\\\/schema\\\/logo\\\/image\\\/\"},\"sameAs\":[\"https:\\\/\\\/www.facebook.com\\\/RGVBizJournal\\\/\",\"https:\\\/\\\/x.com\\\/RGVBizJournal\",\"https:\\\/\\\/www.linkedin.com\\\/company\\\/rio-grande-valley-business-journal\\\/\",\"https:\\\/\\\/www.youtube.com\\\/@RGVBizJournal\",\"https:\\\/\\\/www.instagram.com\\\/rgvbiznews\\\/\",\"https:\\\/\\\/www.tiktok.com\\\/@rgvbizjournal\"],\"description\":\"The Rio Grande Valley Business Journal is a digital-first newsroom focused on business, economic trends, real estate, healthcare, and regional developments in South Texas (Cameron, Hidalgo, Starr, and Willacy counties) and nearby Mexican industrial cities like Reynosa and Matamoros. It provides impartial reporting, data analyses, and insights for decision-makers in a fast-growing binational corridor home to nearly three million people and billions in annual trade.\",\"naics\":\"511110\"},{\"@type\":\"Person\",\"@id\":\"https:\\\/\\\/www.rgvbusinessjournal.com\\\/es\\\/#\\\/schema\\\/person\\\/c8e183cac23aaa013ebaa56c4c71cf29\",\"name\":\"RGV Business Journal Staff\",\"image\":{\"@type\":\"ImageObject\",\"inLanguage\":\"es-ES\",\"@id\":\"https:\\\/\\\/secure.gravatar.com\\\/avatar\\\/2789a4be9fbaf2edbd51a42856efec9ec9c0451d9e45eb9bec6457d099662868?s=96&r=g\",\"url\":\"https:\\\/\\\/secure.gravatar.com\\\/avatar\\\/2789a4be9fbaf2edbd51a42856efec9ec9c0451d9e45eb9bec6457d099662868?s=96&r=g\",\"contentUrl\":\"https:\\\/\\\/secure.gravatar.com\\\/avatar\\\/2789a4be9fbaf2edbd51a42856efec9ec9c0451d9e45eb9bec6457d099662868?s=96&r=g\",\"caption\":\"RGV Business Journal Staff\"},\"url\":\"https:\\\/\\\/www.rgvbusinessjournal.com\\\/es\\\/news\\\/author\\\/rgv-business-journal-staff\\\/\"}]}<\/script>\n<!-- \/ Yoast SEO Premium plugin. -->","yoast_head_json":{"title":"Former Austin mayor tapped to lead Texas A&M\u2019s McAllen campus","description":"The McAllen resident brings decades of leadership in government, economic development, and real estate to his new position.","robots":{"index":"index","follow":"follow","max-snippet":"max-snippet:-1","max-image-preview":"max-image-preview:large","max-video-preview":"max-video-preview:-1"},"canonical":"https:\/\/www.rgvbusinessjournal.com\/es\/news\/18\/07\/2026\/el-exalcalde-de-austin-will-wynn-ha-sido-designado-para-dirigir-el-campus-de-texas-am-en-mcallen\/","og_locale":"es_ES","og_type":"article","og_title":"El exalcalde de Austin, Will Wynn, ha sido designado para dirigir el campus de Texas A&amp;M en McAllen","og_description":"RGV Business Journal covers business news in the Rio Grande Valley of Texas and the Mexican cities of Reynosa and Matamoros.","og_url":"https:\/\/www.rgvbusinessjournal.com\/es\/news\/18\/07\/2026\/el-exalcalde-de-austin-will-wynn-ha-sido-designado-para-dirigir-el-campus-de-texas-am-en-mcallen\/","og_site_name":"Rio Grande Valley Business Journal","article_publisher":"https:\/\/www.facebook.com\/RGVBizJournal\/","article_published_time":"2026-07-19T04:27:54+00:00","og_image":[{"width":1067,"height":800,"url":"https:\/\/www.rgvbusinessjournal.com\/wp-content\/uploads\/2026\/07\/7612E7AB-BB03-4DB5-A304-E6ED649C0C4F_1_201_a.jpeg","type":"image\/jpeg"}],"author":"RGV Business Journal Staff","twitter_card":"summary_large_image","twitter_creator":"@RGVBizJournal","twitter_site":"@RGVBizJournal","twitter_misc":{"Written by":"RGV Business Journal Staff","Est. reading time":"3 minutes"},"schema":{"@context":"https:\/\/schema.org","@graph":[{"@type":"NewsArticle","@id":"https:\/\/www.rgvbusinessjournal.com\/es\/news\/18\/07\/2026\/el-exalcalde-de-austin-will-wynn-ha-sido-designado-para-dirigir-el-campus-de-texas-am-en-mcallen\/#article","isPartOf":{"@id":"https:\/\/www.rgvbusinessjournal.com\/es\/news\/18\/07\/2026\/el-exalcalde-de-austin-will-wynn-ha-sido-designado-para-dirigir-el-campus-de-texas-am-en-mcallen\/"},"author":{"name":"RGV Business Journal Staff","@id":"https:\/\/www.rgvbusinessjournal.com\/es\/#\/schema\/person\/c8e183cac23aaa013ebaa56c4c71cf29"},"headline":"El exalcalde de Austin, Will Wynn, ha sido designado para dirigir el campus de Texas A&amp;M en McAllen","datePublished":"2026-07-19T04:27:54+00:00","mainEntityOfPage":{"@id":"https:\/\/www.rgvbusinessjournal.com\/es\/news\/18\/07\/2026\/el-exalcalde-de-austin-will-wynn-ha-sido-designado-para-dirigir-el-campus-de-texas-am-en-mcallen\/"},"wordCount":617,"publisher":{"@id":"https:\/\/www.rgvbusinessjournal.com\/es\/#organization"},"image":{"@id":"https:\/\/www.rgvbusinessjournal.com\/es\/news\/18\/07\/2026\/el-exalcalde-de-austin-will-wynn-ha-sido-designado-para-dirigir-el-campus-de-texas-am-en-mcallen\/#primaryimage"},"thumbnailUrl":"https:\/\/www.rgvbusinessjournal.com\/wp-content\/uploads\/2026\/07\/7612E7AB-BB03-4DB5-A304-E6ED649C0C4F_1_201_a.jpeg","keywords":["Ernest Aliseda","higher education","McAllen","Rick Margo","Texas A&amp;M University","Texas A&amp;M University Higher Education Center at McAllen","Will Wynn (ES)"],"articleSection":["Education","U.S."],"inLanguage":"es-ES"},{"@type":"WebPage","@id":"https:\/\/www.rgvbusinessjournal.com\/es\/news\/18\/07\/2026\/el-exalcalde-de-austin-will-wynn-ha-sido-designado-para-dirigir-el-campus-de-texas-am-en-mcallen\/","url":"https:\/\/www.rgvbusinessjournal.com\/es\/news\/18\/07\/2026\/el-exalcalde-de-austin-will-wynn-ha-sido-designado-para-dirigir-el-campus-de-texas-am-en-mcallen\/","name":"Former Austin mayor tapped to lead Texas A&M\u2019s McAllen campus","isPartOf":{"@id":"https:\/\/www.rgvbusinessjournal.com\/es\/#website"},"primaryImageOfPage":{"@id":"https:\/\/www.rgvbusinessjournal.com\/es\/news\/18\/07\/2026\/el-exalcalde-de-austin-will-wynn-ha-sido-designado-para-dirigir-el-campus-de-texas-am-en-mcallen\/#primaryimage"},"image":{"@id":"https:\/\/www.rgvbusinessjournal.com\/es\/news\/18\/07\/2026\/el-exalcalde-de-austin-will-wynn-ha-sido-designado-para-dirigir-el-campus-de-texas-am-en-mcallen\/#primaryimage"},"thumbnailUrl":"https:\/\/www.rgvbusinessjournal.com\/wp-content\/uploads\/2026\/07\/7612E7AB-BB03-4DB5-A304-E6ED649C0C4F_1_201_a.jpeg","datePublished":"2026-07-19T04:27:54+00:00","description":"The McAllen resident brings decades of leadership in government, economic development, and real estate to his new position.","breadcrumb":{"@id":"https:\/\/www.rgvbusinessjournal.com\/es\/news\/18\/07\/2026\/el-exalcalde-de-austin-will-wynn-ha-sido-designado-para-dirigir-el-campus-de-texas-am-en-mcallen\/#breadcrumb"},"inLanguage":"es-ES","potentialAction":[{"@type":"ReadAction","target":["https:\/\/www.rgvbusinessjournal.com\/es\/news\/18\/07\/2026\/el-exalcalde-de-austin-will-wynn-ha-sido-designado-para-dirigir-el-campus-de-texas-am-en-mcallen\/"]}]},{"@type":"ImageObject","inLanguage":"es-ES","@id":"https:\/\/www.rgvbusinessjournal.com\/es\/news\/18\/07\/2026\/el-exalcalde-de-austin-will-wynn-ha-sido-designado-para-dirigir-el-campus-de-texas-am-en-mcallen\/#primaryimage","url":"https:\/\/www.rgvbusinessjournal.com\/wp-content\/uploads\/2026\/07\/7612E7AB-BB03-4DB5-A304-E6ED649C0C4F_1_201_a.jpeg","contentUrl":"https:\/\/www.rgvbusinessjournal.com\/wp-content\/uploads\/2026\/07\/7612E7AB-BB03-4DB5-A304-E6ED649C0C4F_1_201_a.jpeg","width":1067,"height":800,"caption":"El Centro de Educaci\u00f3n Superior de la Universidad de Texas A&amp;M; en McAllen abri\u00f3 sus puertas en 2017 con el objetivo de ampliar el acceso a los programas de grado de la Universidad de Texas A&amp;M; y satisfacer las necesidades laborales del Valle del R\u00edo Grande. Cortes\u00eda de | Universidad de Texas A&amp;M;"},{"@type":"BreadcrumbList","@id":"https:\/\/www.rgvbusinessjournal.com\/es\/news\/18\/07\/2026\/el-exalcalde-de-austin-will-wynn-ha-sido-designado-para-dirigir-el-campus-de-texas-am-en-mcallen\/#breadcrumb","itemListElement":[{"@type":"ListItem","position":1,"name":"Home","item":"https:\/\/www.rgvbusinessjournal.com\/es\/inicio\/"},{"@type":"ListItem","position":2,"name":"El exalcalde de Austin, Will Wynn, ha sido designado para dirigir el campus de Texas A&amp;M en McAllen"}]},{"@type":"WebSite","@id":"https:\/\/www.rgvbusinessjournal.com\/es\/#website","url":"https:\/\/www.rgvbusinessjournal.com\/es\/","name":"Rio Grande Valley Business Journal","description":"","publisher":{"@id":"https:\/\/www.rgvbusinessjournal.com\/es\/#organization"},"potentialAction":[{"@type":"SearchAction","target":{"@type":"EntryPoint","urlTemplate":"https:\/\/www.rgvbusinessjournal.com\/es\/?s={search_term_string}"},"query-input":{"@type":"PropertyValueSpecification","valueRequired":true,"valueName":"search_term_string"}}],"inLanguage":"es-ES"},{"@type":"Organization","@id":"https:\/\/www.rgvbusinessjournal.com\/es\/#organization","name":"Rio Grande Valley Business Journal","alternateName":"RGV Business Journal","url":"https:\/\/www.rgvbusinessjournal.com\/es\/","logo":{"@type":"ImageObject","inLanguage":"es-ES","@id":"https:\/\/www.rgvbusinessjournal.com\/es\/#\/schema\/logo\/image\/","url":"https:\/\/www.rgvbusinessjournal.com\/wp-content\/uploads\/2026\/01\/535504352_122102206586984207_2702720257970470495_n.jpg","contentUrl":"https:\/\/www.rgvbusinessjournal.com\/wp-content\/uploads\/2026\/01\/535504352_122102206586984207_2702720257970470495_n.jpg","width":1000,"height":1000,"caption":"Rio Grande Valley Business Journal"},"image":{"@id":"https:\/\/www.rgvbusinessjournal.com\/es\/#\/schema\/logo\/image\/"},"sameAs":["https:\/\/www.facebook.com\/RGVBizJournal\/","https:\/\/x.com\/RGVBizJournal","https:\/\/www.linkedin.com\/company\/rio-grande-valley-business-journal\/","https:\/\/www.youtube.com\/@RGVBizJournal","https:\/\/www.instagram.com\/rgvbiznews\/","https:\/\/www.tiktok.com\/@rgvbizjournal"],"description":"The Rio Grande Valley Business Journal is a digital-first newsroom focused on business, economic trends, real estate, healthcare, and regional developments in South Texas (Cameron, Hidalgo, Starr, and Willacy counties) and nearby Mexican industrial cities like Reynosa and Matamoros. It provides impartial reporting, data analyses, and insights for decision-makers in a fast-growing binational corridor home to nearly three million people and billions in annual trade.","naics":"511110"},{"@type":"Person","@id":"https:\/\/www.rgvbusinessjournal.com\/es\/#\/schema\/person\/c8e183cac23aaa013ebaa56c4c71cf29","name":"RGV Business Journal Staff","image":{"@type":"ImageObject","inLanguage":"es-ES","@id":"https:\/\/secure.gravatar.com\/avatar\/2789a4be9fbaf2edbd51a42856efec9ec9c0451d9e45eb9bec6457d099662868?s=96&r=g","url":"https:\/\/secure.gravatar.com\/avatar\/2789a4be9fbaf2edbd51a42856efec9ec9c0451d9e45eb9bec6457d099662868?s=96&r=g","contentUrl":"https:\/\/secure.gravatar.com\/avatar\/2789a4be9fbaf2edbd51a42856efec9ec9c0451d9e45eb9bec6457d099662868?s=96&r=g","caption":"RGV Business Journal Staff"},"url":"https:\/\/www.rgvbusinessjournal.com\/es\/news\/author\/rgv-business-journal-staff\/"}]}},"preview_block_count":4,"is_paywalled":false,"_links":{"self":[{"href":"https:\/\/www.rgvbusinessjournal.com\/es\/wp-json\/wp\/v2\/posts\/20732","targetHints":{"allow":["GET"]}}],"collection":[{"href":"https:\/\/www.rgvbusinessjournal.com\/es\/wp-json\/wp\/v2\/posts"}],"about":[{"href":"https:\/\/www.rgvbusinessjournal.com\/es\/wp-json\/wp\/v2\/types\/post"}],"author":[{"embeddable":true,"href":"https:\/\/www.rgvbusinessjournal.com\/es\/wp-json\/wp\/v2\/users\/53"}],"replies":[{"embeddable":true,"href":"https:\/\/www.rgvbusinessjournal.com\/es\/wp-json\/wp\/v2\/comments?post=20732"}],"version-history":[{"count":0,"href":"https:\/\/www.rgvbusinessjournal.com\/es\/wp-json\/wp\/v2\/posts\/20732\/revisions"}],"wp:featuredmedia":[{"embeddable":true,"href":"https:\/\/www.rgvbusinessjournal.com\/es\/wp-json\/wp\/v2\/media\/20737"}],"wp:attachment":[{"href":"https:\/\/www.rgvbusinessjournal.com\/es\/wp-json\/wp\/v2\/media?parent=20732"}],"wp:term":[{"taxonomy":"category","embeddable":true,"href":"https:\/\/www.rgvbusinessjournal.com\/es\/wp-json\/wp\/v2\/categories?post=20732"},{"taxonomy":"post_tag","embeddable":true,"href":"https:\/\/www.rgvbusinessjournal.com\/es\/wp-json\/wp\/v2\/tags?post=20732"}],"curies":[{"name":"wp","href":"https:\/\/api.w.org\/{rel}","templated":true}]}}