{"id":20736,"date":"2026-07-16T21:07:25","date_gmt":"2026-07-17T02:07:25","guid":{"rendered":"https:\/\/www.rgvbusinessjournal.com\/news\/16\/07\/2026\/el-alcalde-de-harlingen-retira-la-carta-de-2025-en-la-que-respaldaba-el-proyecto-de-centro-de-datos-tras-reaparecer-en-internet\/"},"modified":"2026-07-16T21:07:25","modified_gmt":"2026-07-17T02:07:25","slug":"el-alcalde-de-harlingen-retira-la-carta-de-2025-en-la-que-respaldaba-el-proyecto-de-centro-de-datos-tras-reaparecer-en-internet","status":"publish","type":"post","link":"https:\/\/www.rgvbusinessjournal.com\/es\/news\/16\/07\/2026\/el-alcalde-de-harlingen-retira-la-carta-de-2025-en-la-que-respaldaba-el-proyecto-de-centro-de-datos-tras-reaparecer-en-internet\/","title":{"rendered":"El alcalde de Harlingen retira la carta de 2025 en la que respaldaba el proyecto de centro de datos tras reaparecer en Internet"},"content":{"rendered":"\n<p class=\"wp-block-paragraph\">La alcaldesa de Harlingen, Norma Sep\u00falveda, ha retirado una carta de septiembre de 2025 en la que apoyaba un proyecto de complejo de centros de datos por valor de 14 000 millones de d\u00f3lares en el condado de Cameron, despu\u00e9s de que el documento volviera a salir a la luz en las redes sociales; ha reconocido que la carta iba m\u00e1s all\u00e1 de lo que ella pretend\u00eda y ha afirmado que la firm\u00f3 sin hacer las preguntas necesarias.<\/p>\n\n\n\n<p class=\"wp-block-paragraph\">La carta, dirigida a Judith Talavera, presidenta y directora de operaciones de AEP Texas, instaba a la empresa el\u00e9ctrica a cumplir el acuerdo firmado con la promotora RGV Property Group LLC y a proporcionar la capacidad el\u00e9ctrica necesaria para que el proyecto propuesto se mantuviera dentro de los plazos previstos.\u00a0<\/p>\n\n\n\n<p class=\"wp-block-paragraph\">Describi\u00f3 este proyecto como una \u00aboportunidad \u00fanica en una generaci\u00f3n\u00bb que podr\u00eda aportar miles de millones en inversi\u00f3n privada, miles de puestos de trabajo en el sector de la construcci\u00f3n y cientos de puestos de trabajo fijos al condado de Cameron.<\/p>\n\n\n\n<p class=\"wp-block-paragraph\">En la carta tambi\u00e9n se argumentaba que el proyecto contribuir\u00eda a poner de manifiesto la necesidad de contar con la tan ansiada infraestructura de transmisi\u00f3n de 765 kilovoltios en el Valle del R\u00edo Grande.<\/p>\n\n\n\n<p class=\"wp-block-paragraph\">En un comunicado publicado el viernes, Sep\u00falveda afirm\u00f3 que los vecinos merec\u00edan que ella misma se lo explicara directamente despu\u00e9s de que la carta comenzara a circular por Internet.<\/p>\n\n\n\n<p class=\"wp-block-paragraph\">\u00abLa carta que firm\u00e9 el pasado mes de septiembre est\u00e1 circulando por las redes sociales\u00bb, escribi\u00f3. \u00abDeber\u00edas enterarte de ello directamente por m\u00ed\u00bb.<\/p>\n\n\n\n<h2 class=\"wp-block-heading\" id=\"h-mayor-says-position-on-data-centers-has-not-changed\"><strong>El alcalde afirma que su postura respecto a los centros de datos no ha cambiado<\/strong><\/h2>\n\n\n\n<p class=\"wp-block-paragraph\">Sep\u00falveda subray\u00f3 que Harlingen nunca ha estudiado formalmente un proyecto de centro de datos y que la moratoria actual de la ciudad sigue vigente.<\/p>\n\n\n<div class=\"wp-block-image\">\n<figure class=\"alignright size-full is-resized\"><img loading=\"lazy\" decoding=\"async\" width=\"323\" height=\"474\" src=\"https:\/\/www.rgvbusinessjournal.com\/wp-content\/uploads\/2026\/07\/037FA410-D18B-44A4-B7BF-CF88F598E03A_4_5005_c.jpeg\" alt=\"Norma Sep\u00falveda\" class=\"wp-image-20585\" style=\"width:179px;height:auto\" srcset=\"https:\/\/www.rgvbusinessjournal.com\/wp-content\/uploads\/2026\/07\/037FA410-D18B-44A4-B7BF-CF88F598E03A_4_5005_c.jpeg 323w, https:\/\/www.rgvbusinessjournal.com\/wp-content\/uploads\/2026\/07\/037FA410-D18B-44A4-B7BF-CF88F598E03A_4_5005_c-204x300.jpeg 204w, https:\/\/www.rgvbusinessjournal.com\/wp-content\/uploads\/2026\/07\/037FA410-D18B-44A4-B7BF-CF88F598E03A_4_5005_c-157x230.jpeg 157w\" sizes=\"auto, (max-width: 323px) 100vw, 323px\" \/><figcaption class=\"wp-element-caption\">Norma Sep\u00falveda<\/figcaption><\/figure>\n<\/div>\n\n\n<p class=\"wp-block-paragraph\">\u00abNunca se ha presentado ning\u00fan centro de datos ante la Comisi\u00f3n\u00bb, escribi\u00f3. \u00abEso era cierto cuando lo dije y sigue si\u00e9ndolo hoy. Tenemos una moratoria en vigor. No vamos a considerar la posibilidad de que se instale un centro de datos dentro de los l\u00edmites de nuestra ciudad\u00bb.<\/p>\n\n\n\n<p class=\"wp-block-paragraph\">Afirm\u00f3 que la solicitud proced\u00eda de unas autoridades que buscaban apoyo regional para una infraestructura el\u00e9ctrica relacionada con un proyecto de campus en una zona no incorporada del condado de Cameron, fuera de los l\u00edmites municipales de Harlingen.<\/p>\n\n\n\n<p class=\"wp-block-paragraph\">Seg\u00fan Sep\u00falveda, se enviaron cartas solicitando apoyo a varios cargos electos de toda la regi\u00f3n.<\/p>\n\n\n\n<p class=\"wp-block-paragraph\">Afirm\u00f3 que hab\u00eda firmado el documento a t\u00edtulo personal, en su calidad de alcaldesa, y no en nombre de la Comisi\u00f3n Municipal de Harlingen.<\/p>\n\n\n\n<p class=\"wp-block-paragraph\">\u00abNo fue una medida de la Comisi\u00f3n y no representaba a la ciudad\u00bb, afirm\u00f3.<\/p>\n\n\n\n<h2 class=\"wp-block-heading\" id=\"h-says-she-believed-she-was-supporting-transmission-infrastructure\"><strong>Afirma que cre\u00eda que estaba apoyando la infraestructura de transporte de energ\u00eda<\/strong><\/h2>\n\n\n\n<p class=\"wp-block-paragraph\">Sep\u00falveda afirm\u00f3 que su principal motivaci\u00f3n era mejorar la red el\u00e9ctrica del Valle.<\/p>\n\n\n\n<p class=\"wp-block-paragraph\">\u00abLo firm\u00e9 por una cuesti\u00f3n de energ\u00eda\u00bb, escribi\u00f3. \u00abEl Valle ha estado siempre a la zaga en materia de infraestructura el\u00e9ctrica durante toda mi vida. Necesitamos una l\u00ednea de transmisi\u00f3n de 765 kV aqu\u00ed, independientemente de que se construya o no alg\u00fan proyecto concreto\u00bb.<\/p>\n\n\n\n<p class=\"wp-block-paragraph\">A\u00f1adi\u00f3 que le hab\u00edan dicho que el campus propuesto contar\u00eda con su propia generaci\u00f3n el\u00e9ctrica, en lugar de reducir la capacidad actual de la red, y que utilizar\u00eda aguas residuales tratadas en lugar de los suministros de agua potable.<\/p>\n\n\n\n<p class=\"wp-block-paragraph\">Sin embargo, tras releer la carta, Sep\u00falveda reconoci\u00f3 que en ella se manifestaba un apoyo m\u00e1s amplio al proyecto en s\u00ed.<\/p>\n\n\n\n<p class=\"wp-block-paragraph\">\u00abAl leerla ahora, esa carta va m\u00e1s all\u00e1 de la solicitud de transmisi\u00f3n que yo misma entend\u00eda que estaba realizando\u00bb, escribi\u00f3. \u00abSi la has le\u00eddo y has pensado que estaba defendiendo el proyecto, esa es una interpretaci\u00f3n razonable de lo que figura en la p\u00e1gina. Lleva mi firma y no voy a intentar justificarlo. Sin embargo, hoy la retiro\u00bb.<\/p>\n\n\n\n<h2 class=\"wp-block-heading\" id=\"h-previous-reporting-documented-growing-concerns\"><strong>En informes anteriores se hab\u00eda puesto de manifiesto una creciente preocupaci\u00f3n<\/strong><\/h2>\n\n\n\n<p class=\"wp-block-paragraph\">Esta declaraci\u00f3n se produce en un momento en que se ha intensificado el escrutinio en torno a los proyectos de centros de datos a gran escala en todo el Valle.<\/p>\n\n\n\n<p class=\"wp-block-paragraph\">Este <em>peri\u00f3dico<\/em> ya se hab\u00eda hecho eco anteriormente del proyecto del campus del condado de Cameron y del creciente debate en torno a las infraestructuras necesarias para dar cabida a centros de datos a hiperescala, incluidas las preocupaciones sobre la demanda el\u00e9ctrica, el consumo de agua, la generaci\u00f3n de energ\u00eda de reserva y las repercusiones a largo plazo para la comunidad.<\/p>\n\n\n\n<p class=\"wp-block-paragraph\">La publicaci\u00f3n tambi\u00e9n inform\u00f3 de que Harlingen hab\u00eda aprobado una moratoria temporal sobre la construcci\u00f3n de nuevos centros de datos dentro de los l\u00edmites de la ciudad, mientras las autoridades municipales evaluaban posibles normativas y recababan m\u00e1s informaci\u00f3n sobre el impacto de este sector.<\/p>\n\n\n\n<p class=\"wp-block-paragraph\">En la declaraci\u00f3n del viernes, Sep\u00falveda reiter\u00f3 muchas de esas mismas preocupaciones.<\/p>\n\n\n\n<p class=\"wp-block-paragraph\">\u00abHe dicho p\u00fablicamente, en m\u00e1s de una ocasi\u00f3n, que estos proyectos me preocupan mucho\u00bb, escribi\u00f3. \u00abEl agua. La carga de la red el\u00e9ctrica. La calidad del aire y las emisiones de los sistemas de generaci\u00f3n de reserva. El ruido. El impacto en el terreno y en los barrios circundantes. Y si las cifras de empleo se mantendr\u00e1n dentro de diez a\u00f1os\u00bb.<\/p>\n\n\n\n<p class=\"wp-block-paragraph\">Afirm\u00f3 que esas preocupaciones eran algunas de las razones por las que el ayuntamiento hab\u00eda aprobado la moratoria.<\/p>\n\n\n\n<h2 class=\"wp-block-heading\" id=\"h-focus-shifts-to-protecting-residents\"><strong>La atenci\u00f3n se centra ahora en la protecci\u00f3n de los residentes<\/strong><\/h2>\n\n\n\n<p class=\"wp-block-paragraph\">Dado que el emplazamiento propuesto para el campus se encuentra en el condado de Cameron, que no est\u00e1 incorporado, Sep\u00falveda se\u00f1al\u00f3 que los condados de Texas carecen, por lo general, de competencia en materia de ordenaci\u00f3n territorial, lo que limita los controles locales sobre el uso del suelo.<\/p>\n\n\n\n<p class=\"wp-block-paragraph\">Afirm\u00f3 que ahora su atenci\u00f3n se centra en determinar qu\u00e9 competencias tiene Harlingen para proteger a los residentes en caso de que se construyan grandes proyectos industriales junto a la ciudad.<\/p>\n\n\n\n<p class=\"wp-block-paragraph\">\u00abLa cuesti\u00f3n en la que estoy trabajando es qu\u00e9 puede hacer realmente la ciudad para proteger nuestra agua, nuestro aire, nuestra red el\u00e9ctrica y nuestros barrios cuando se construye algo junto a nosotros que nunca hemos aprobado\u00bb, escribi\u00f3.<\/p>\n\n\n\n<p class=\"wp-block-paragraph\">Sep\u00falveda concluy\u00f3 asumiendo la responsabilidad por haber firmado la carta.<\/p>\n\n\n\n<p class=\"wp-block-paragraph\">\u00abFirm\u00e9 esa carta sin hacer antes las preguntas necesarias\u00bb, escribi\u00f3. \u00abT\u00fa s\u00ed que les preguntaste. Hiciste bien en hacerlo\u00bb.<\/p>\n\n\n\n<p class=\"wp-block-paragraph\">Adem\u00e1s, invit\u00f3 a los vecinos a debatir el tema en el pr\u00f3ximo evento \u00abUn caf\u00e9 con la alcaldesa\u00bb, y afirm\u00f3 que responder\u00eda a las preguntas sobre la carta y otras inquietudes de la comunidad.<\/p>\n","protected":false},"excerpt":{"rendered":"<p>La alcaldesa de Harlingen, Norma Sep\u00falveda, retir\u00f3 una carta de 2025 en la que apoyaba un proyecto de centro de datos en el condado de Cameron, alegando que la hab\u00eda firmado sin informarse lo suficiente.<\/p>\n","protected":false},"author":53,"featured_media":18545,"comment_status":"","ping_status":"","sticky":false,"template":"","format":"standard","meta":{"_acf_changed":false,"post_views_count":172,"footnotes":""},"categories":[9,110,107,6,825,776],"tags":[66,159,1104,138,161,308,67,1924],"class_list":["post-20736","post","type-post","status-publish","format-standard","has-post-thumbnail","hentry","category-energy","category-industrial-real-estate","category-real-estate","category-technology","category-u-s","category-water","tag-aep-texas","tag-cameron-county","tag-data-centers","tag-economic-development","tag-energy","tag-harlingen","tag-infrastructure","tag-norma-sepulveda"],"acf":{"is_features_post":["yes"],"is_sponser":"","hide_author":"","hide_author_biography":""},"yoast_head":"<!-- This site is optimized with the Yoast SEO Premium plugin v28.3 (Yoast SEO v28.3) - https:\/\/yoast.com\/product\/yoast-seo-premium-wordpress\/ -->\n<title>Harlingen mayor withdraws support letter for proposed data center<\/title>\n<meta name=\"description\" content=\"Harlingen Mayor Norma Sepulveda withdrew a 2025 letter supporting a proposed Cameron County data center, saying she signed it without asking enough questions.\" \/>\n<meta name=\"robots\" content=\"index, follow, max-snippet:-1, max-image-preview:large, max-video-preview:-1\" \/>\n<link rel=\"canonical\" href=\"https:\/\/www.rgvbusinessjournal.com\/es\/news\/16\/07\/2026\/el-alcalde-de-harlingen-retira-la-carta-de-2025-en-la-que-respaldaba-el-proyecto-de-centro-de-datos-tras-reaparecer-en-internet\/\" \/>\n<meta property=\"og:locale\" content=\"es_ES\" \/>\n<meta property=\"og:type\" content=\"article\" \/>\n<meta property=\"og:title\" content=\"El alcalde de Harlingen retira la carta de 2025 en la que respaldaba el proyecto de centro de datos tras reaparecer en Internet\" \/>\n<meta property=\"og:description\" content=\"Harlingen Mayor Norma Sepulveda withdrew a 2025 letter supporting a proposed Cameron County data center, saying she signed it without asking enough questions.\" \/>\n<meta property=\"og:url\" content=\"https:\/\/www.rgvbusinessjournal.com\/es\/news\/16\/07\/2026\/el-alcalde-de-harlingen-retira-la-carta-de-2025-en-la-que-respaldaba-el-proyecto-de-centro-de-datos-tras-reaparecer-en-internet\/\" \/>\n<meta property=\"og:site_name\" content=\"Rio Grande Valley Business Journal\" \/>\n<meta property=\"article:publisher\" content=\"https:\/\/www.facebook.com\/RGVBizJournal\/\" \/>\n<meta property=\"article:published_time\" content=\"2026-07-17T02:07:25+00:00\" \/>\n<meta property=\"og:image\" content=\"https:\/\/www.rgvbusinessjournal.com\/wp-content\/uploads\/2026\/04\/02E40578-55B4-4B1A-AD3C-B6B003174425_1_201_a.jpeg\" \/>\n\t<meta property=\"og:image:width\" content=\"1365\" \/>\n\t<meta property=\"og:image:height\" content=\"1024\" \/>\n\t<meta property=\"og:image:type\" content=\"image\/jpeg\" \/>\n<meta name=\"author\" content=\"RGV Business Journal Staff\" \/>\n<meta name=\"twitter:card\" content=\"summary_large_image\" \/>\n<meta name=\"twitter:description\" content=\"RGV Business Journal covers business news in the Rio Grande Valley of Texas and the Mexican cities of Reynosa and Matamoros.\" \/>\n<meta name=\"twitter:creator\" content=\"@RGVBizJournal\" \/>\n<meta name=\"twitter:site\" content=\"@RGVBizJournal\" \/>\n<meta name=\"twitter:label1\" content=\"Written by\" \/>\n\t<meta name=\"twitter:data1\" content=\"RGV Business Journal Staff\" \/>\n\t<meta name=\"twitter:label2\" content=\"Est. reading time\" \/>\n\t<meta name=\"twitter:data2\" content=\"4 minutes\" \/>\n<script type=\"application\/ld+json\" class=\"yoast-schema-graph\">{\"@context\":\"https:\\\/\\\/schema.org\",\"@graph\":[{\"@type\":\"NewsArticle\",\"@id\":\"https:\\\/\\\/www.rgvbusinessjournal.com\\\/es\\\/news\\\/16\\\/07\\\/2026\\\/el-alcalde-de-harlingen-retira-la-carta-de-2025-en-la-que-respaldaba-el-proyecto-de-centro-de-datos-tras-reaparecer-en-internet\\\/#article\",\"isPartOf\":{\"@id\":\"https:\\\/\\\/www.rgvbusinessjournal.com\\\/es\\\/news\\\/16\\\/07\\\/2026\\\/el-alcalde-de-harlingen-retira-la-carta-de-2025-en-la-que-respaldaba-el-proyecto-de-centro-de-datos-tras-reaparecer-en-internet\\\/\"},\"author\":{\"name\":\"RGV Business Journal Staff\",\"@id\":\"https:\\\/\\\/www.rgvbusinessjournal.com\\\/es\\\/#\\\/schema\\\/person\\\/c8e183cac23aaa013ebaa56c4c71cf29\"},\"headline\":\"El alcalde de Harlingen retira la carta de 2025 en la que respaldaba el proyecto de centro de datos tras reaparecer en Internet\",\"datePublished\":\"2026-07-17T02:07:25+00:00\",\"mainEntityOfPage\":{\"@id\":\"https:\\\/\\\/www.rgvbusinessjournal.com\\\/es\\\/news\\\/16\\\/07\\\/2026\\\/el-alcalde-de-harlingen-retira-la-carta-de-2025-en-la-que-respaldaba-el-proyecto-de-centro-de-datos-tras-reaparecer-en-internet\\\/\"},\"wordCount\":1165,\"publisher\":{\"@id\":\"https:\\\/\\\/www.rgvbusinessjournal.com\\\/es\\\/#organization\"},\"image\":{\"@id\":\"https:\\\/\\\/www.rgvbusinessjournal.com\\\/es\\\/news\\\/16\\\/07\\\/2026\\\/el-alcalde-de-harlingen-retira-la-carta-de-2025-en-la-que-respaldaba-el-proyecto-de-centro-de-datos-tras-reaparecer-en-internet\\\/#primaryimage\"},\"thumbnailUrl\":\"https:\\\/\\\/www.rgvbusinessjournal.com\\\/wp-content\\\/uploads\\\/2026\\\/04\\\/02E40578-55B4-4B1A-AD3C-B6B003174425_1_201_a.jpeg\",\"keywords\":[\"AEP Texas\",\"Cameron County\",\"data centers\",\"economic development\",\"Energy\",\"Harlingen\",\"Infrastructure\",\"Norma Sepulveda\"],\"articleSection\":[\"Energy\",\"Industrial Real Estate\",\"Real Estate\",\"Technology\",\"U.S.\",\"Water\"],\"inLanguage\":\"es-ES\"},{\"@type\":\"WebPage\",\"@id\":\"https:\\\/\\\/www.rgvbusinessjournal.com\\\/es\\\/news\\\/16\\\/07\\\/2026\\\/el-alcalde-de-harlingen-retira-la-carta-de-2025-en-la-que-respaldaba-el-proyecto-de-centro-de-datos-tras-reaparecer-en-internet\\\/\",\"url\":\"https:\\\/\\\/www.rgvbusinessjournal.com\\\/es\\\/news\\\/16\\\/07\\\/2026\\\/el-alcalde-de-harlingen-retira-la-carta-de-2025-en-la-que-respaldaba-el-proyecto-de-centro-de-datos-tras-reaparecer-en-internet\\\/\",\"name\":\"Harlingen mayor withdraws support letter for proposed data center\",\"isPartOf\":{\"@id\":\"https:\\\/\\\/www.rgvbusinessjournal.com\\\/es\\\/#website\"},\"primaryImageOfPage\":{\"@id\":\"https:\\\/\\\/www.rgvbusinessjournal.com\\\/es\\\/news\\\/16\\\/07\\\/2026\\\/el-alcalde-de-harlingen-retira-la-carta-de-2025-en-la-que-respaldaba-el-proyecto-de-centro-de-datos-tras-reaparecer-en-internet\\\/#primaryimage\"},\"image\":{\"@id\":\"https:\\\/\\\/www.rgvbusinessjournal.com\\\/es\\\/news\\\/16\\\/07\\\/2026\\\/el-alcalde-de-harlingen-retira-la-carta-de-2025-en-la-que-respaldaba-el-proyecto-de-centro-de-datos-tras-reaparecer-en-internet\\\/#primaryimage\"},\"thumbnailUrl\":\"https:\\\/\\\/www.rgvbusinessjournal.com\\\/wp-content\\\/uploads\\\/2026\\\/04\\\/02E40578-55B4-4B1A-AD3C-B6B003174425_1_201_a.jpeg\",\"datePublished\":\"2026-07-17T02:07:25+00:00\",\"description\":\"Harlingen Mayor Norma Sepulveda withdrew a 2025 letter supporting a proposed Cameron County data center, saying she signed it without asking enough questions.\",\"breadcrumb\":{\"@id\":\"https:\\\/\\\/www.rgvbusinessjournal.com\\\/es\\\/news\\\/16\\\/07\\\/2026\\\/el-alcalde-de-harlingen-retira-la-carta-de-2025-en-la-que-respaldaba-el-proyecto-de-centro-de-datos-tras-reaparecer-en-internet\\\/#breadcrumb\"},\"inLanguage\":\"es-ES\",\"potentialAction\":[{\"@type\":\"ReadAction\",\"target\":[\"https:\\\/\\\/www.rgvbusinessjournal.com\\\/es\\\/news\\\/16\\\/07\\\/2026\\\/el-alcalde-de-harlingen-retira-la-carta-de-2025-en-la-que-respaldaba-el-proyecto-de-centro-de-datos-tras-reaparecer-en-internet\\\/\"]}]},{\"@type\":\"ImageObject\",\"inLanguage\":\"es-ES\",\"@id\":\"https:\\\/\\\/www.rgvbusinessjournal.com\\\/es\\\/news\\\/16\\\/07\\\/2026\\\/el-alcalde-de-harlingen-retira-la-carta-de-2025-en-la-que-respaldaba-el-proyecto-de-centro-de-datos-tras-reaparecer-en-internet\\\/#primaryimage\",\"url\":\"https:\\\/\\\/www.rgvbusinessjournal.com\\\/wp-content\\\/uploads\\\/2026\\\/04\\\/02E40578-55B4-4B1A-AD3C-B6B003174425_1_201_a.jpeg\",\"contentUrl\":\"https:\\\/\\\/www.rgvbusinessjournal.com\\\/wp-content\\\/uploads\\\/2026\\\/04\\\/02E40578-55B4-4B1A-AD3C-B6B003174425_1_201_a.jpeg\",\"width\":1365,\"height\":1024,\"caption\":\"Las filas de servidores en el interior de un centro de datos ilustran el tipo de instalaciones de alta potencia y gran consumo de agua que est\u00e1n siendo objeto de escrutinio por parte de las autoridades locales, mientras los promotores se fijan en el Valle del R\u00edo Grande para llevar a cabo proyectos a gran escala.\"},{\"@type\":\"BreadcrumbList\",\"@id\":\"https:\\\/\\\/www.rgvbusinessjournal.com\\\/es\\\/news\\\/16\\\/07\\\/2026\\\/el-alcalde-de-harlingen-retira-la-carta-de-2025-en-la-que-respaldaba-el-proyecto-de-centro-de-datos-tras-reaparecer-en-internet\\\/#breadcrumb\",\"itemListElement\":[{\"@type\":\"ListItem\",\"position\":1,\"name\":\"Home\",\"item\":\"https:\\\/\\\/www.rgvbusinessjournal.com\\\/es\\\/inicio\\\/\"},{\"@type\":\"ListItem\",\"position\":2,\"name\":\"El alcalde de Harlingen retira la carta de 2025 en la que respaldaba el proyecto de centro de datos tras reaparecer en Internet\"}]},{\"@type\":\"WebSite\",\"@id\":\"https:\\\/\\\/www.rgvbusinessjournal.com\\\/es\\\/#website\",\"url\":\"https:\\\/\\\/www.rgvbusinessjournal.com\\\/es\\\/\",\"name\":\"Rio Grande Valley Business Journal\",\"description\":\"\",\"publisher\":{\"@id\":\"https:\\\/\\\/www.rgvbusinessjournal.com\\\/es\\\/#organization\"},\"potentialAction\":[{\"@type\":\"SearchAction\",\"target\":{\"@type\":\"EntryPoint\",\"urlTemplate\":\"https:\\\/\\\/www.rgvbusinessjournal.com\\\/es\\\/?s={search_term_string}\"},\"query-input\":{\"@type\":\"PropertyValueSpecification\",\"valueRequired\":true,\"valueName\":\"search_term_string\"}}],\"inLanguage\":\"es-ES\"},{\"@type\":\"Organization\",\"@id\":\"https:\\\/\\\/www.rgvbusinessjournal.com\\\/es\\\/#organization\",\"name\":\"Rio Grande Valley Business Journal\",\"alternateName\":\"RGV Business Journal\",\"url\":\"https:\\\/\\\/www.rgvbusinessjournal.com\\\/es\\\/\",\"logo\":{\"@type\":\"ImageObject\",\"inLanguage\":\"es-ES\",\"@id\":\"https:\\\/\\\/www.rgvbusinessjournal.com\\\/es\\\/#\\\/schema\\\/logo\\\/image\\\/\",\"url\":\"https:\\\/\\\/www.rgvbusinessjournal.com\\\/wp-content\\\/uploads\\\/2026\\\/01\\\/535504352_122102206586984207_2702720257970470495_n.jpg\",\"contentUrl\":\"https:\\\/\\\/www.rgvbusinessjournal.com\\\/wp-content\\\/uploads\\\/2026\\\/01\\\/535504352_122102206586984207_2702720257970470495_n.jpg\",\"width\":1000,\"height\":1000,\"caption\":\"Rio Grande Valley Business Journal\"},\"image\":{\"@id\":\"https:\\\/\\\/www.rgvbusinessjournal.com\\\/es\\\/#\\\/schema\\\/logo\\\/image\\\/\"},\"sameAs\":[\"https:\\\/\\\/www.facebook.com\\\/RGVBizJournal\\\/\",\"https:\\\/\\\/x.com\\\/RGVBizJournal\",\"https:\\\/\\\/www.linkedin.com\\\/company\\\/rio-grande-valley-business-journal\\\/\",\"https:\\\/\\\/www.youtube.com\\\/@RGVBizJournal\",\"https:\\\/\\\/www.instagram.com\\\/rgvbiznews\\\/\",\"https:\\\/\\\/www.tiktok.com\\\/@rgvbizjournal\"],\"description\":\"The Rio Grande Valley Business Journal is a digital-first newsroom focused on business, economic trends, real estate, healthcare, and regional developments in South Texas (Cameron, Hidalgo, Starr, and Willacy counties) and nearby Mexican industrial cities like Reynosa and Matamoros. It provides impartial reporting, data analyses, and insights for decision-makers in a fast-growing binational corridor home to nearly three million people and billions in annual trade.\",\"naics\":\"511110\"},{\"@type\":\"Person\",\"@id\":\"https:\\\/\\\/www.rgvbusinessjournal.com\\\/es\\\/#\\\/schema\\\/person\\\/c8e183cac23aaa013ebaa56c4c71cf29\",\"name\":\"RGV Business Journal Staff\",\"image\":{\"@type\":\"ImageObject\",\"inLanguage\":\"es-ES\",\"@id\":\"https:\\\/\\\/secure.gravatar.com\\\/avatar\\\/2789a4be9fbaf2edbd51a42856efec9ec9c0451d9e45eb9bec6457d099662868?s=96&r=g\",\"url\":\"https:\\\/\\\/secure.gravatar.com\\\/avatar\\\/2789a4be9fbaf2edbd51a42856efec9ec9c0451d9e45eb9bec6457d099662868?s=96&r=g\",\"contentUrl\":\"https:\\\/\\\/secure.gravatar.com\\\/avatar\\\/2789a4be9fbaf2edbd51a42856efec9ec9c0451d9e45eb9bec6457d099662868?s=96&r=g\",\"caption\":\"RGV Business Journal Staff\"},\"url\":\"https:\\\/\\\/www.rgvbusinessjournal.com\\\/es\\\/news\\\/author\\\/rgv-business-journal-staff\\\/\"}]}<\/script>\n<!-- \/ Yoast SEO Premium plugin. -->","yoast_head_json":{"title":"Harlingen mayor withdraws support letter for proposed data center","description":"Harlingen Mayor Norma Sepulveda withdrew a 2025 letter supporting a proposed Cameron County data center, saying she signed it without asking enough questions.","robots":{"index":"index","follow":"follow","max-snippet":"max-snippet:-1","max-image-preview":"max-image-preview:large","max-video-preview":"max-video-preview:-1"},"canonical":"https:\/\/www.rgvbusinessjournal.com\/es\/news\/16\/07\/2026\/el-alcalde-de-harlingen-retira-la-carta-de-2025-en-la-que-respaldaba-el-proyecto-de-centro-de-datos-tras-reaparecer-en-internet\/","og_locale":"es_ES","og_type":"article","og_title":"El alcalde de Harlingen retira la carta de 2025 en la que respaldaba el proyecto de centro de datos tras reaparecer en Internet","og_description":"Harlingen Mayor Norma Sepulveda withdrew a 2025 letter supporting a proposed Cameron County data center, saying she signed it without asking enough questions.","og_url":"https:\/\/www.rgvbusinessjournal.com\/es\/news\/16\/07\/2026\/el-alcalde-de-harlingen-retira-la-carta-de-2025-en-la-que-respaldaba-el-proyecto-de-centro-de-datos-tras-reaparecer-en-internet\/","og_site_name":"Rio Grande Valley Business Journal","article_publisher":"https:\/\/www.facebook.com\/RGVBizJournal\/","article_published_time":"2026-07-17T02:07:25+00:00","og_image":[{"width":1365,"height":1024,"url":"https:\/\/www.rgvbusinessjournal.com\/wp-content\/uploads\/2026\/04\/02E40578-55B4-4B1A-AD3C-B6B003174425_1_201_a.jpeg","type":"image\/jpeg"}],"author":"RGV Business Journal Staff","twitter_card":"summary_large_image","twitter_description":"RGV Business Journal covers business news in the Rio Grande Valley of Texas and the Mexican cities of Reynosa and Matamoros.","twitter_creator":"@RGVBizJournal","twitter_site":"@RGVBizJournal","twitter_misc":{"Written by":"RGV Business Journal Staff","Est. reading time":"4 minutes"},"schema":{"@context":"https:\/\/schema.org","@graph":[{"@type":"NewsArticle","@id":"https:\/\/www.rgvbusinessjournal.com\/es\/news\/16\/07\/2026\/el-alcalde-de-harlingen-retira-la-carta-de-2025-en-la-que-respaldaba-el-proyecto-de-centro-de-datos-tras-reaparecer-en-internet\/#article","isPartOf":{"@id":"https:\/\/www.rgvbusinessjournal.com\/es\/news\/16\/07\/2026\/el-alcalde-de-harlingen-retira-la-carta-de-2025-en-la-que-respaldaba-el-proyecto-de-centro-de-datos-tras-reaparecer-en-internet\/"},"author":{"name":"RGV Business Journal Staff","@id":"https:\/\/www.rgvbusinessjournal.com\/es\/#\/schema\/person\/c8e183cac23aaa013ebaa56c4c71cf29"},"headline":"El alcalde de Harlingen retira la carta de 2025 en la que respaldaba el proyecto de centro de datos tras reaparecer en Internet","datePublished":"2026-07-17T02:07:25+00:00","mainEntityOfPage":{"@id":"https:\/\/www.rgvbusinessjournal.com\/es\/news\/16\/07\/2026\/el-alcalde-de-harlingen-retira-la-carta-de-2025-en-la-que-respaldaba-el-proyecto-de-centro-de-datos-tras-reaparecer-en-internet\/"},"wordCount":1165,"publisher":{"@id":"https:\/\/www.rgvbusinessjournal.com\/es\/#organization"},"image":{"@id":"https:\/\/www.rgvbusinessjournal.com\/es\/news\/16\/07\/2026\/el-alcalde-de-harlingen-retira-la-carta-de-2025-en-la-que-respaldaba-el-proyecto-de-centro-de-datos-tras-reaparecer-en-internet\/#primaryimage"},"thumbnailUrl":"https:\/\/www.rgvbusinessjournal.com\/wp-content\/uploads\/2026\/04\/02E40578-55B4-4B1A-AD3C-B6B003174425_1_201_a.jpeg","keywords":["AEP Texas","Cameron County","data centers","economic development","Energy","Harlingen","Infrastructure","Norma Sepulveda"],"articleSection":["Energy","Industrial Real Estate","Real Estate","Technology","U.S.","Water"],"inLanguage":"es-ES"},{"@type":"WebPage","@id":"https:\/\/www.rgvbusinessjournal.com\/es\/news\/16\/07\/2026\/el-alcalde-de-harlingen-retira-la-carta-de-2025-en-la-que-respaldaba-el-proyecto-de-centro-de-datos-tras-reaparecer-en-internet\/","url":"https:\/\/www.rgvbusinessjournal.com\/es\/news\/16\/07\/2026\/el-alcalde-de-harlingen-retira-la-carta-de-2025-en-la-que-respaldaba-el-proyecto-de-centro-de-datos-tras-reaparecer-en-internet\/","name":"Harlingen mayor withdraws support letter for proposed data center","isPartOf":{"@id":"https:\/\/www.rgvbusinessjournal.com\/es\/#website"},"primaryImageOfPage":{"@id":"https:\/\/www.rgvbusinessjournal.com\/es\/news\/16\/07\/2026\/el-alcalde-de-harlingen-retira-la-carta-de-2025-en-la-que-respaldaba-el-proyecto-de-centro-de-datos-tras-reaparecer-en-internet\/#primaryimage"},"image":{"@id":"https:\/\/www.rgvbusinessjournal.com\/es\/news\/16\/07\/2026\/el-alcalde-de-harlingen-retira-la-carta-de-2025-en-la-que-respaldaba-el-proyecto-de-centro-de-datos-tras-reaparecer-en-internet\/#primaryimage"},"thumbnailUrl":"https:\/\/www.rgvbusinessjournal.com\/wp-content\/uploads\/2026\/04\/02E40578-55B4-4B1A-AD3C-B6B003174425_1_201_a.jpeg","datePublished":"2026-07-17T02:07:25+00:00","description":"Harlingen Mayor Norma Sepulveda withdrew a 2025 letter supporting a proposed Cameron County data center, saying she signed it without asking enough questions.","breadcrumb":{"@id":"https:\/\/www.rgvbusinessjournal.com\/es\/news\/16\/07\/2026\/el-alcalde-de-harlingen-retira-la-carta-de-2025-en-la-que-respaldaba-el-proyecto-de-centro-de-datos-tras-reaparecer-en-internet\/#breadcrumb"},"inLanguage":"es-ES","potentialAction":[{"@type":"ReadAction","target":["https:\/\/www.rgvbusinessjournal.com\/es\/news\/16\/07\/2026\/el-alcalde-de-harlingen-retira-la-carta-de-2025-en-la-que-respaldaba-el-proyecto-de-centro-de-datos-tras-reaparecer-en-internet\/"]}]},{"@type":"ImageObject","inLanguage":"es-ES","@id":"https:\/\/www.rgvbusinessjournal.com\/es\/news\/16\/07\/2026\/el-alcalde-de-harlingen-retira-la-carta-de-2025-en-la-que-respaldaba-el-proyecto-de-centro-de-datos-tras-reaparecer-en-internet\/#primaryimage","url":"https:\/\/www.rgvbusinessjournal.com\/wp-content\/uploads\/2026\/04\/02E40578-55B4-4B1A-AD3C-B6B003174425_1_201_a.jpeg","contentUrl":"https:\/\/www.rgvbusinessjournal.com\/wp-content\/uploads\/2026\/04\/02E40578-55B4-4B1A-AD3C-B6B003174425_1_201_a.jpeg","width":1365,"height":1024,"caption":"Las filas de servidores en el interior de un centro de datos ilustran el tipo de instalaciones de alta potencia y gran consumo de agua que est\u00e1n siendo objeto de escrutinio por parte de las autoridades locales, mientras los promotores se fijan en el Valle del R\u00edo Grande para llevar a cabo proyectos a gran escala."},{"@type":"BreadcrumbList","@id":"https:\/\/www.rgvbusinessjournal.com\/es\/news\/16\/07\/2026\/el-alcalde-de-harlingen-retira-la-carta-de-2025-en-la-que-respaldaba-el-proyecto-de-centro-de-datos-tras-reaparecer-en-internet\/#breadcrumb","itemListElement":[{"@type":"ListItem","position":1,"name":"Home","item":"https:\/\/www.rgvbusinessjournal.com\/es\/inicio\/"},{"@type":"ListItem","position":2,"name":"El alcalde de Harlingen retira la carta de 2025 en la que respaldaba el proyecto de centro de datos tras reaparecer en Internet"}]},{"@type":"WebSite","@id":"https:\/\/www.rgvbusinessjournal.com\/es\/#website","url":"https:\/\/www.rgvbusinessjournal.com\/es\/","name":"Rio Grande Valley Business Journal","description":"","publisher":{"@id":"https:\/\/www.rgvbusinessjournal.com\/es\/#organization"},"potentialAction":[{"@type":"SearchAction","target":{"@type":"EntryPoint","urlTemplate":"https:\/\/www.rgvbusinessjournal.com\/es\/?s={search_term_string}"},"query-input":{"@type":"PropertyValueSpecification","valueRequired":true,"valueName":"search_term_string"}}],"inLanguage":"es-ES"},{"@type":"Organization","@id":"https:\/\/www.rgvbusinessjournal.com\/es\/#organization","name":"Rio Grande Valley Business Journal","alternateName":"RGV Business Journal","url":"https:\/\/www.rgvbusinessjournal.com\/es\/","logo":{"@type":"ImageObject","inLanguage":"es-ES","@id":"https:\/\/www.rgvbusinessjournal.com\/es\/#\/schema\/logo\/image\/","url":"https:\/\/www.rgvbusinessjournal.com\/wp-content\/uploads\/2026\/01\/535504352_122102206586984207_2702720257970470495_n.jpg","contentUrl":"https:\/\/www.rgvbusinessjournal.com\/wp-content\/uploads\/2026\/01\/535504352_122102206586984207_2702720257970470495_n.jpg","width":1000,"height":1000,"caption":"Rio Grande Valley Business Journal"},"image":{"@id":"https:\/\/www.rgvbusinessjournal.com\/es\/#\/schema\/logo\/image\/"},"sameAs":["https:\/\/www.facebook.com\/RGVBizJournal\/","https:\/\/x.com\/RGVBizJournal","https:\/\/www.linkedin.com\/company\/rio-grande-valley-business-journal\/","https:\/\/www.youtube.com\/@RGVBizJournal","https:\/\/www.instagram.com\/rgvbiznews\/","https:\/\/www.tiktok.com\/@rgvbizjournal"],"description":"The Rio Grande Valley Business Journal is a digital-first newsroom focused on business, economic trends, real estate, healthcare, and regional developments in South Texas (Cameron, Hidalgo, Starr, and Willacy counties) and nearby Mexican industrial cities like Reynosa and Matamoros. It provides impartial reporting, data analyses, and insights for decision-makers in a fast-growing binational corridor home to nearly three million people and billions in annual trade.","naics":"511110"},{"@type":"Person","@id":"https:\/\/www.rgvbusinessjournal.com\/es\/#\/schema\/person\/c8e183cac23aaa013ebaa56c4c71cf29","name":"RGV Business Journal Staff","image":{"@type":"ImageObject","inLanguage":"es-ES","@id":"https:\/\/secure.gravatar.com\/avatar\/2789a4be9fbaf2edbd51a42856efec9ec9c0451d9e45eb9bec6457d099662868?s=96&r=g","url":"https:\/\/secure.gravatar.com\/avatar\/2789a4be9fbaf2edbd51a42856efec9ec9c0451d9e45eb9bec6457d099662868?s=96&r=g","contentUrl":"https:\/\/secure.gravatar.com\/avatar\/2789a4be9fbaf2edbd51a42856efec9ec9c0451d9e45eb9bec6457d099662868?s=96&r=g","caption":"RGV Business Journal Staff"},"url":"https:\/\/www.rgvbusinessjournal.com\/es\/news\/author\/rgv-business-journal-staff\/"}]}},"preview_block_count":4,"is_paywalled":false,"_links":{"self":[{"href":"https:\/\/www.rgvbusinessjournal.com\/es\/wp-json\/wp\/v2\/posts\/20736","targetHints":{"allow":["GET"]}}],"collection":[{"href":"https:\/\/www.rgvbusinessjournal.com\/es\/wp-json\/wp\/v2\/posts"}],"about":[{"href":"https:\/\/www.rgvbusinessjournal.com\/es\/wp-json\/wp\/v2\/types\/post"}],"author":[{"embeddable":true,"href":"https:\/\/www.rgvbusinessjournal.com\/es\/wp-json\/wp\/v2\/users\/53"}],"replies":[{"embeddable":true,"href":"https:\/\/www.rgvbusinessjournal.com\/es\/wp-json\/wp\/v2\/comments?post=20736"}],"version-history":[{"count":0,"href":"https:\/\/www.rgvbusinessjournal.com\/es\/wp-json\/wp\/v2\/posts\/20736\/revisions"}],"wp:featuredmedia":[{"embeddable":true,"href":"https:\/\/www.rgvbusinessjournal.com\/es\/wp-json\/wp\/v2\/media\/18545"}],"wp:attachment":[{"href":"https:\/\/www.rgvbusinessjournal.com\/es\/wp-json\/wp\/v2\/media?parent=20736"}],"wp:term":[{"taxonomy":"category","embeddable":true,"href":"https:\/\/www.rgvbusinessjournal.com\/es\/wp-json\/wp\/v2\/categories?post=20736"},{"taxonomy":"post_tag","embeddable":true,"href":"https:\/\/www.rgvbusinessjournal.com\/es\/wp-json\/wp\/v2\/tags?post=20736"}],"curies":[{"name":"wp","href":"https:\/\/api.w.org\/{rel}","templated":true}]}}