{"id":20742,"date":"2026-07-20T20:51:53","date_gmt":"2026-07-21T01:51:53","guid":{"rendered":"https:\/\/www.rgvbusinessjournal.com\/news\/20\/07\/2026\/pharr-es-la-unica-ciudad-del-pais-que-opta-a-un-importante-premio-federal-a-la-gestion\/"},"modified":"2026-07-20T20:51:53","modified_gmt":"2026-07-21T01:51:53","slug":"pharr-es-la-unica-ciudad-del-pais-que-opta-a-un-importante-premio-federal-a-la-gestion","status":"publish","type":"post","link":"https:\/\/www.rgvbusinessjournal.com\/es\/news\/20\/07\/2026\/pharr-es-la-unica-ciudad-del-pais-que-opta-a-un-importante-premio-federal-a-la-gestion\/","title":{"rendered":"Pharr es la \u00fanica ciudad del pa\u00eds que opta a un importante premio federal a la gesti\u00f3n"},"content":{"rendered":"\n<p class=\"wp-block-paragraph\">La ciudad de Pharr se ha convertido en la \u00fanica ciudad de Estados Unidos seleccionada como finalista del Premio Nacional de Calidad Malcolm Baldrige 2026, lo que la sit\u00faa entre las 13 organizaciones de todo el pa\u00eds que compiten por el m\u00e1ximo reconocimiento del Gobierno federal a la excelencia en el rendimiento organizativo.<\/p>\n\n\n\n<p class=\"wp-block-paragraph\">El Premio Nacional de Calidad Malcolm Baldrige, otorgado en nombre del Departamento de Comercio de los Estados Unidos, reconoce a aquellas organizaciones que demuestran excelencia en liderazgo, estrategia, orientaci\u00f3n al cliente, desarrollo del personal, operaciones y resultados cuantificables.\u00a0<\/p>\n\n\n\n<p class=\"wp-block-paragraph\">El programa est\u00e1 supervisado por el Instituto Nacional de Est\u00e1ndares y Tecnolog\u00eda y gestionado por la Alianza para la Excelencia en el Rendimiento.<\/p>\n\n\n<div class=\"wp-block-image\">\n<figure class=\"alignright size-full is-resized\"><img loading=\"lazy\" decoding=\"async\" width=\"109\" height=\"170\" src=\"https:\/\/www.rgvbusinessjournal.com\/wp-content\/uploads\/2026\/04\/1D7AB054-2AAD-414C-AEF2-9747B258D501_4_5005_c.jpeg\" alt=\"Ambrosio Hern\u00e1ndez\" class=\"wp-image-12031\" style=\"width:145px;height:auto\" \/><figcaption class=\"wp-element-caption\">Ambrosio Hern\u00e1ndez<\/figcaption><\/figure>\n<\/div>\n\n\n<p class=\"wp-block-paragraph\">Para Pharr, este reconocimiento no se debe tanto a un logro concreto como a la forma en que la ciudad gestiona sus actividades.<\/p>\n\n\n\n<p class=\"wp-block-paragraph\">\u201cBeing selected as a national finalist places the City of Pharr among the nation\u2019s highest-performing organizations and is a tremendous honor for our entire community,\u201d Pharr Mayor Ambrosio Hern\u00e1ndez said in a news release Monday.&nbsp;<\/p>\n\n\n\n<p class=\"wp-block-paragraph\">La evaluaci\u00f3n Baldrige analiza si las organizaciones cuentan con sistemas para mejorar de forma constante su rendimiento, utilizan los datos para orientar sus decisiones y obtienen resultados cuantificables a lo largo del tiempo. Dichas normas se aplican en diversos sectores, desde la sanidad y las organizaciones sin \u00e1nimo de lucro hasta la industria manufacturera, las peque\u00f1as empresas y las administraciones locales.<\/p>\n\n\n\n<p class=\"wp-block-paragraph\">\u00abAl ser la \u00fanica ciudad del pa\u00eds seleccionada este a\u00f1o para recibir una visita de evaluaci\u00f3n en el marco del Premio Nacional de Calidad Malcolm Baldrige, este reconocimiento refleja nuestro compromiso con la \u00abExcelencia cada d\u00eda\u00bb y es testimonio del esfuerzo, la dedicaci\u00f3n y la pasi\u00f3n de todos y cada uno de los empleados municipales que se esfuerzan por atender a nuestros residentes con una atenci\u00f3n y un servicio de la m\u00e1xima calidad\u00bb, afirm\u00f3 Hern\u00e1ndez.\u00a0<\/p>\n\n\n\n<p class=\"wp-block-paragraph\">Esta distinci\u00f3n se suma al reconocimiento anterior de Pharr como finalista nacional en 2024 y refleja el esfuerzo constante de la ciudad por aplicar un enfoque basado en datos para la gesti\u00f3n de los servicios municipales.<\/p>\n\n\n\n<p class=\"wp-block-paragraph\">Seg\u00fan el Ayuntamiento, los departamentos miden peri\u00f3dicamente su rendimiento, analizan los datos operativos e identifican oportunidades de mejora a trav\u00e9s de su Oficina de Excelencia Estrat\u00e9gica. El proceso involucra a todos los departamentos municipales y tiene como objetivo mejorar la prestaci\u00f3n de servicios y la rendici\u00f3n de cuentas.<\/p>\n\n\n<div class=\"wp-block-image\">\n<figure class=\"alignright size-full is-resized\"><img loading=\"lazy\" decoding=\"async\" width=\"163\" height=\"260\" src=\"https:\/\/www.rgvbusinessjournal.com\/wp-content\/uploads\/2026\/07\/E62062D8-7645-4DFD-ADFE-9932AE45EE6A_4_5005_c.jpeg\" alt=\"Jonathan Flores\" class=\"wp-image-20708\" style=\"width:142px;height:auto\" srcset=\"https:\/\/www.rgvbusinessjournal.com\/wp-content\/uploads\/2026\/07\/E62062D8-7645-4DFD-ADFE-9932AE45EE6A_4_5005_c.jpeg 163w, https:\/\/www.rgvbusinessjournal.com\/wp-content\/uploads\/2026\/07\/E62062D8-7645-4DFD-ADFE-9932AE45EE6A_4_5005_c-144x230.jpeg 144w\" sizes=\"auto, (max-width: 163px) 100vw, 163px\" \/><figcaption class=\"wp-element-caption\">Jonathan Flores<\/figcaption><\/figure>\n<\/div>\n\n\n<p class=\"wp-block-paragraph\">\u00abEste es el resultado de a\u00f1os de trabajo decidido para crear una organizaci\u00f3n de alto rendimiento\u00bb, afirm\u00f3 Jonathan Flores, administrador municipal de Pharr, en el comunicado. \u00abNo nos limitamos a decir que ofrecemos un servicio excepcional; lo demostramos mediante datos de rendimiento, resultados cuantificables y un compromiso con la mejora continua\u00bb.<\/p>\n\n\n\n<p class=\"wp-block-paragraph\">Este reconocimiento tambi\u00e9n reviste importancia para las empresas que operan en Pharr o que est\u00e1n considerando invertir en la ciudad. El marco Baldrige hace hincapi\u00e9 en la eficiencia operativa, la planificaci\u00f3n estrat\u00e9gica y la mejora continua, factores que pueden contribuir a que los servicios municipales y el rendimiento de la administraci\u00f3n sean m\u00e1s predecibles.<\/p>\n\n\n\n<p class=\"wp-block-paragraph\">Como parte del proceso de selecci\u00f3n de finalistas, un equipo de evaluadores nacionales del premio Baldrige visitar\u00e1 Pharr a finales de este oto\u00f1o para validar la candidatura de la ciudad. Durante la visita in situ, los evaluadores entrevistar\u00e1n a los empleados, observar\u00e1n las operaciones y examinar\u00e1n las pruebas que respaldan los resultados presentados por la ciudad.<\/p>\n\n\n\n<p class=\"wp-block-paragraph\">La evaluaci\u00f3n servir\u00e1 para determinar qui\u00e9nes ser\u00e1n los galardonados con los premios nacionales de este a\u00f1o y, al mismo tiempo, proporcionar\u00e1 informaci\u00f3n que ayudar\u00e1 a la ciudad a seguir mejorando su funcionamiento.<\/p>\n\n\n\n<p class=\"wp-block-paragraph\">Seg\u00fan el ayuntamiento, solo un municipio de Texas ha recibido hasta ahora el Premio Nacional de Calidad Malcolm Baldrige. Si resultara seleccionada, Pharr se convertir\u00eda en la segunda ciudad del estado en obtener este galard\u00f3n.<\/p>\n\n\n\n<p class=\"wp-block-paragraph\"><\/p>\n","protected":false},"excerpt":{"rendered":"<p>La ciudad figura entre los 13 finalistas del Premio Nacional de Calidad Malcolm Baldrige 2026, que reconoce la excelencia en el rendimiento organizativo.<\/p>\n","protected":false},"author":53,"featured_media":20746,"comment_status":"","ping_status":"","sticky":false,"template":"","format":"standard","meta":{"_acf_changed":false,"post_views_count":4,"footnotes":""},"categories":[825],"tags":[4443,4476,4480,4447,4446,4445,237],"class_list":["post-20742","post","type-post","status-publish","format-standard","has-post-thumbnail","hentry","category-u-s","tag-alliance-for-performance-excellence","tag-ciudad-de-pharr-es","tag-departamento-de-comercio-de-ee-uu-es","tag-malcolm-baldrige-national-quality-award","tag-national-institute-of-standards-and-technology","tag-nist","tag-pharr"],"acf":{"is_features_post":"","is_sponser":"","hide_author":"","hide_author_biography":""},"yoast_head":"<!-- This site is optimized with the Yoast SEO Premium plugin v28.3 (Yoast SEO v28.3) - https:\/\/yoast.com\/product\/yoast-seo-premium-wordpress\/ -->\n<title>Pharr is nation\u2019s only city competing for top management award<\/title>\n<meta name=\"description\" content=\"The city is among 13 finalists for the 2026 Malcolm Baldrige National Quality Award, which recognizes excellence in organizational performance.\" \/>\n<meta name=\"robots\" content=\"index, follow, max-snippet:-1, max-image-preview:large, max-video-preview:-1\" \/>\n<link rel=\"canonical\" href=\"https:\/\/www.rgvbusinessjournal.com\/es\/news\/20\/07\/2026\/pharr-es-la-unica-ciudad-del-pais-que-opta-a-un-importante-premio-federal-a-la-gestion\/\" \/>\n<meta property=\"og:locale\" content=\"es_ES\" \/>\n<meta property=\"og:type\" content=\"article\" \/>\n<meta property=\"og:title\" content=\"Pharr is the nation\u2019s only city competing for top federal management award\" \/>\n<meta property=\"og:description\" content=\"The city is among 13 finalists for the 2026 Malcolm Baldrige National Quality Award, which recognizes excellence in organizational performance.\" \/>\n<meta property=\"og:url\" content=\"https:\/\/www.rgvbusinessjournal.com\/es\/news\/20\/07\/2026\/pharr-es-la-unica-ciudad-del-pais-que-opta-a-un-importante-premio-federal-a-la-gestion\/\" \/>\n<meta property=\"og:site_name\" content=\"Rio Grande Valley Business Journal\" \/>\n<meta property=\"article:publisher\" content=\"https:\/\/www.facebook.com\/RGVBizJournal\/\" \/>\n<meta property=\"article:published_time\" content=\"2026-07-21T01:51:53+00:00\" \/>\n<meta property=\"og:image\" content=\"https:\/\/www.rgvbusinessjournal.com\/wp-content\/uploads\/2026\/07\/Pharr-City-Hall-1024x768.png\" \/>\n\t<meta property=\"og:image:width\" content=\"1024\" \/>\n\t<meta property=\"og:image:height\" content=\"768\" \/>\n\t<meta property=\"og:image:type\" content=\"image\/png\" \/>\n<meta name=\"author\" content=\"RGV Business Journal Staff\" \/>\n<meta name=\"twitter:card\" content=\"summary_large_image\" \/>\n<meta name=\"twitter:title\" content=\"Pharr es la \u00fanica ciudad del pa\u00eds que opta a un importante premio federal a la gesti\u00f3n\" \/>\n<meta name=\"twitter:description\" content=\"RGV Business Journal covers business news in the Rio Grande Valley of Texas and the Mexican cities of Reynosa and Matamoros.\" \/>\n<meta name=\"twitter:creator\" content=\"@RGVBizJournal\" \/>\n<meta name=\"twitter:site\" content=\"@RGVBizJournal\" \/>\n<meta name=\"twitter:label1\" content=\"Written by\" \/>\n\t<meta name=\"twitter:data1\" content=\"RGV Business Journal Staff\" \/>\n\t<meta name=\"twitter:label2\" content=\"Est. reading time\" \/>\n\t<meta name=\"twitter:data2\" content=\"3 minutes\" \/>\n<script type=\"application\/ld+json\" class=\"yoast-schema-graph\">{\"@context\":\"https:\\\/\\\/schema.org\",\"@graph\":[{\"@type\":\"NewsArticle\",\"@id\":\"https:\\\/\\\/www.rgvbusinessjournal.com\\\/es\\\/news\\\/20\\\/07\\\/2026\\\/pharr-es-la-unica-ciudad-del-pais-que-opta-a-un-importante-premio-federal-a-la-gestion\\\/#article\",\"isPartOf\":{\"@id\":\"https:\\\/\\\/www.rgvbusinessjournal.com\\\/es\\\/news\\\/20\\\/07\\\/2026\\\/pharr-es-la-unica-ciudad-del-pais-que-opta-a-un-importante-premio-federal-a-la-gestion\\\/\"},\"author\":{\"name\":\"RGV Business Journal Staff\",\"@id\":\"https:\\\/\\\/www.rgvbusinessjournal.com\\\/es\\\/#\\\/schema\\\/person\\\/c8e183cac23aaa013ebaa56c4c71cf29\"},\"headline\":\"Pharr es la \u00fanica ciudad del pa\u00eds que opta a un importante premio federal a la gesti\u00f3n\",\"datePublished\":\"2026-07-21T01:51:53+00:00\",\"mainEntityOfPage\":{\"@id\":\"https:\\\/\\\/www.rgvbusinessjournal.com\\\/es\\\/news\\\/20\\\/07\\\/2026\\\/pharr-es-la-unica-ciudad-del-pais-que-opta-a-un-importante-premio-federal-a-la-gestion\\\/\"},\"wordCount\":690,\"publisher\":{\"@id\":\"https:\\\/\\\/www.rgvbusinessjournal.com\\\/es\\\/#organization\"},\"image\":{\"@id\":\"https:\\\/\\\/www.rgvbusinessjournal.com\\\/es\\\/news\\\/20\\\/07\\\/2026\\\/pharr-es-la-unica-ciudad-del-pais-que-opta-a-un-importante-premio-federal-a-la-gestion\\\/#primaryimage\"},\"thumbnailUrl\":\"https:\\\/\\\/www.rgvbusinessjournal.com\\\/wp-content\\\/uploads\\\/2026\\\/07\\\/Pharr-City-Hall.png\",\"keywords\":[\"Alliance for Performance Excellence\",\"Ciudad de Pharr\",\"Departamento de Comercio de EE. UU.\",\"Malcolm Baldrige National Quality Award\",\"National Institute of Standards and Technology\",\"NIST\",\"Pharr\"],\"articleSection\":[\"U.S.\"],\"inLanguage\":\"es-ES\"},{\"@type\":\"WebPage\",\"@id\":\"https:\\\/\\\/www.rgvbusinessjournal.com\\\/es\\\/news\\\/20\\\/07\\\/2026\\\/pharr-es-la-unica-ciudad-del-pais-que-opta-a-un-importante-premio-federal-a-la-gestion\\\/\",\"url\":\"https:\\\/\\\/www.rgvbusinessjournal.com\\\/es\\\/news\\\/20\\\/07\\\/2026\\\/pharr-es-la-unica-ciudad-del-pais-que-opta-a-un-importante-premio-federal-a-la-gestion\\\/\",\"name\":\"Pharr is nation\u2019s only city competing for top management award\",\"isPartOf\":{\"@id\":\"https:\\\/\\\/www.rgvbusinessjournal.com\\\/es\\\/#website\"},\"primaryImageOfPage\":{\"@id\":\"https:\\\/\\\/www.rgvbusinessjournal.com\\\/es\\\/news\\\/20\\\/07\\\/2026\\\/pharr-es-la-unica-ciudad-del-pais-que-opta-a-un-importante-premio-federal-a-la-gestion\\\/#primaryimage\"},\"image\":{\"@id\":\"https:\\\/\\\/www.rgvbusinessjournal.com\\\/es\\\/news\\\/20\\\/07\\\/2026\\\/pharr-es-la-unica-ciudad-del-pais-que-opta-a-un-importante-premio-federal-a-la-gestion\\\/#primaryimage\"},\"thumbnailUrl\":\"https:\\\/\\\/www.rgvbusinessjournal.com\\\/wp-content\\\/uploads\\\/2026\\\/07\\\/Pharr-City-Hall.png\",\"datePublished\":\"2026-07-21T01:51:53+00:00\",\"description\":\"The city is among 13 finalists for the 2026 Malcolm Baldrige National Quality Award, which recognizes excellence in organizational performance.\",\"breadcrumb\":{\"@id\":\"https:\\\/\\\/www.rgvbusinessjournal.com\\\/es\\\/news\\\/20\\\/07\\\/2026\\\/pharr-es-la-unica-ciudad-del-pais-que-opta-a-un-importante-premio-federal-a-la-gestion\\\/#breadcrumb\"},\"inLanguage\":\"es-ES\",\"potentialAction\":[{\"@type\":\"ReadAction\",\"target\":[\"https:\\\/\\\/www.rgvbusinessjournal.com\\\/es\\\/news\\\/20\\\/07\\\/2026\\\/pharr-es-la-unica-ciudad-del-pais-que-opta-a-un-importante-premio-federal-a-la-gestion\\\/\"]}]},{\"@type\":\"ImageObject\",\"inLanguage\":\"es-ES\",\"@id\":\"https:\\\/\\\/www.rgvbusinessjournal.com\\\/es\\\/news\\\/20\\\/07\\\/2026\\\/pharr-es-la-unica-ciudad-del-pais-que-opta-a-un-importante-premio-federal-a-la-gestion\\\/#primaryimage\",\"url\":\"https:\\\/\\\/www.rgvbusinessjournal.com\\\/wp-content\\\/uploads\\\/2026\\\/07\\\/Pharr-City-Hall.png\",\"contentUrl\":\"https:\\\/\\\/www.rgvbusinessjournal.com\\\/wp-content\\\/uploads\\\/2026\\\/07\\\/Pharr-City-Hall.png\",\"width\":1448,\"height\":1086,\"caption\":\"Pharr es la \u00fanica ciudad del pa\u00eds seleccionada como finalista para el Premio Nacional de Calidad Malcolm Baldrige 2026, el m\u00e1ximo reconocimiento del Gobierno federal a la excelencia en el rendimiento organizativo. Cortes\u00eda de | Ayuntamiento de Pharr\"},{\"@type\":\"BreadcrumbList\",\"@id\":\"https:\\\/\\\/www.rgvbusinessjournal.com\\\/es\\\/news\\\/20\\\/07\\\/2026\\\/pharr-es-la-unica-ciudad-del-pais-que-opta-a-un-importante-premio-federal-a-la-gestion\\\/#breadcrumb\",\"itemListElement\":[{\"@type\":\"ListItem\",\"position\":1,\"name\":\"Home\",\"item\":\"https:\\\/\\\/www.rgvbusinessjournal.com\\\/es\\\/inicio\\\/\"},{\"@type\":\"ListItem\",\"position\":2,\"name\":\"Pharr es la \u00fanica ciudad del pa\u00eds que opta a un importante premio federal a la gesti\u00f3n\"}]},{\"@type\":\"WebSite\",\"@id\":\"https:\\\/\\\/www.rgvbusinessjournal.com\\\/es\\\/#website\",\"url\":\"https:\\\/\\\/www.rgvbusinessjournal.com\\\/es\\\/\",\"name\":\"Rio Grande Valley Business Journal\",\"description\":\"\",\"publisher\":{\"@id\":\"https:\\\/\\\/www.rgvbusinessjournal.com\\\/es\\\/#organization\"},\"potentialAction\":[{\"@type\":\"SearchAction\",\"target\":{\"@type\":\"EntryPoint\",\"urlTemplate\":\"https:\\\/\\\/www.rgvbusinessjournal.com\\\/es\\\/?s={search_term_string}\"},\"query-input\":{\"@type\":\"PropertyValueSpecification\",\"valueRequired\":true,\"valueName\":\"search_term_string\"}}],\"inLanguage\":\"es-ES\"},{\"@type\":\"Organization\",\"@id\":\"https:\\\/\\\/www.rgvbusinessjournal.com\\\/es\\\/#organization\",\"name\":\"Rio Grande Valley Business Journal\",\"alternateName\":\"RGV Business Journal\",\"url\":\"https:\\\/\\\/www.rgvbusinessjournal.com\\\/es\\\/\",\"logo\":{\"@type\":\"ImageObject\",\"inLanguage\":\"es-ES\",\"@id\":\"https:\\\/\\\/www.rgvbusinessjournal.com\\\/es\\\/#\\\/schema\\\/logo\\\/image\\\/\",\"url\":\"https:\\\/\\\/www.rgvbusinessjournal.com\\\/wp-content\\\/uploads\\\/2026\\\/01\\\/535504352_122102206586984207_2702720257970470495_n.jpg\",\"contentUrl\":\"https:\\\/\\\/www.rgvbusinessjournal.com\\\/wp-content\\\/uploads\\\/2026\\\/01\\\/535504352_122102206586984207_2702720257970470495_n.jpg\",\"width\":1000,\"height\":1000,\"caption\":\"Rio Grande Valley Business Journal\"},\"image\":{\"@id\":\"https:\\\/\\\/www.rgvbusinessjournal.com\\\/es\\\/#\\\/schema\\\/logo\\\/image\\\/\"},\"sameAs\":[\"https:\\\/\\\/www.facebook.com\\\/RGVBizJournal\\\/\",\"https:\\\/\\\/x.com\\\/RGVBizJournal\",\"https:\\\/\\\/www.linkedin.com\\\/company\\\/rio-grande-valley-business-journal\\\/\",\"https:\\\/\\\/www.youtube.com\\\/@RGVBizJournal\",\"https:\\\/\\\/www.instagram.com\\\/rgvbiznews\\\/\",\"https:\\\/\\\/www.tiktok.com\\\/@rgvbizjournal\"],\"description\":\"The Rio Grande Valley Business Journal is a digital-first newsroom focused on business, economic trends, real estate, healthcare, and regional developments in South Texas (Cameron, Hidalgo, Starr, and Willacy counties) and nearby Mexican industrial cities like Reynosa and Matamoros. It provides impartial reporting, data analyses, and insights for decision-makers in a fast-growing binational corridor home to nearly three million people and billions in annual trade.\",\"naics\":\"511110\"},{\"@type\":\"Person\",\"@id\":\"https:\\\/\\\/www.rgvbusinessjournal.com\\\/es\\\/#\\\/schema\\\/person\\\/c8e183cac23aaa013ebaa56c4c71cf29\",\"name\":\"RGV Business Journal Staff\",\"image\":{\"@type\":\"ImageObject\",\"inLanguage\":\"es-ES\",\"@id\":\"https:\\\/\\\/secure.gravatar.com\\\/avatar\\\/2789a4be9fbaf2edbd51a42856efec9ec9c0451d9e45eb9bec6457d099662868?s=96&r=g\",\"url\":\"https:\\\/\\\/secure.gravatar.com\\\/avatar\\\/2789a4be9fbaf2edbd51a42856efec9ec9c0451d9e45eb9bec6457d099662868?s=96&r=g\",\"contentUrl\":\"https:\\\/\\\/secure.gravatar.com\\\/avatar\\\/2789a4be9fbaf2edbd51a42856efec9ec9c0451d9e45eb9bec6457d099662868?s=96&r=g\",\"caption\":\"RGV Business Journal Staff\"},\"url\":\"https:\\\/\\\/www.rgvbusinessjournal.com\\\/es\\\/news\\\/author\\\/rgv-business-journal-staff\\\/\"}]}<\/script>\n<!-- \/ Yoast SEO Premium plugin. -->","yoast_head_json":{"title":"Pharr is nation\u2019s only city competing for top management award","description":"The city is among 13 finalists for the 2026 Malcolm Baldrige National Quality Award, which recognizes excellence in organizational performance.","robots":{"index":"index","follow":"follow","max-snippet":"max-snippet:-1","max-image-preview":"max-image-preview:large","max-video-preview":"max-video-preview:-1"},"canonical":"https:\/\/www.rgvbusinessjournal.com\/es\/news\/20\/07\/2026\/pharr-es-la-unica-ciudad-del-pais-que-opta-a-un-importante-premio-federal-a-la-gestion\/","og_locale":"es_ES","og_type":"article","og_title":"Pharr is the nation\u2019s only city competing for top federal management award","og_description":"The city is among 13 finalists for the 2026 Malcolm Baldrige National Quality Award, which recognizes excellence in organizational performance.","og_url":"https:\/\/www.rgvbusinessjournal.com\/es\/news\/20\/07\/2026\/pharr-es-la-unica-ciudad-del-pais-que-opta-a-un-importante-premio-federal-a-la-gestion\/","og_site_name":"Rio Grande Valley Business Journal","article_publisher":"https:\/\/www.facebook.com\/RGVBizJournal\/","article_published_time":"2026-07-21T01:51:53+00:00","og_image":[{"width":1024,"height":768,"url":"https:\/\/www.rgvbusinessjournal.com\/wp-content\/uploads\/2026\/07\/Pharr-City-Hall-1024x768.png","type":"image\/png"}],"author":"RGV Business Journal Staff","twitter_card":"summary_large_image","twitter_title":"Pharr es la \u00fanica ciudad del pa\u00eds que opta a un importante premio federal a la gesti\u00f3n","twitter_description":"RGV Business Journal covers business news in the Rio Grande Valley of Texas and the Mexican cities of Reynosa and Matamoros.","twitter_creator":"@RGVBizJournal","twitter_site":"@RGVBizJournal","twitter_misc":{"Written by":"RGV Business Journal Staff","Est. reading time":"3 minutes"},"schema":{"@context":"https:\/\/schema.org","@graph":[{"@type":"NewsArticle","@id":"https:\/\/www.rgvbusinessjournal.com\/es\/news\/20\/07\/2026\/pharr-es-la-unica-ciudad-del-pais-que-opta-a-un-importante-premio-federal-a-la-gestion\/#article","isPartOf":{"@id":"https:\/\/www.rgvbusinessjournal.com\/es\/news\/20\/07\/2026\/pharr-es-la-unica-ciudad-del-pais-que-opta-a-un-importante-premio-federal-a-la-gestion\/"},"author":{"name":"RGV Business Journal Staff","@id":"https:\/\/www.rgvbusinessjournal.com\/es\/#\/schema\/person\/c8e183cac23aaa013ebaa56c4c71cf29"},"headline":"Pharr es la \u00fanica ciudad del pa\u00eds que opta a un importante premio federal a la gesti\u00f3n","datePublished":"2026-07-21T01:51:53+00:00","mainEntityOfPage":{"@id":"https:\/\/www.rgvbusinessjournal.com\/es\/news\/20\/07\/2026\/pharr-es-la-unica-ciudad-del-pais-que-opta-a-un-importante-premio-federal-a-la-gestion\/"},"wordCount":690,"publisher":{"@id":"https:\/\/www.rgvbusinessjournal.com\/es\/#organization"},"image":{"@id":"https:\/\/www.rgvbusinessjournal.com\/es\/news\/20\/07\/2026\/pharr-es-la-unica-ciudad-del-pais-que-opta-a-un-importante-premio-federal-a-la-gestion\/#primaryimage"},"thumbnailUrl":"https:\/\/www.rgvbusinessjournal.com\/wp-content\/uploads\/2026\/07\/Pharr-City-Hall.png","keywords":["Alliance for Performance Excellence","Ciudad de Pharr","Departamento de Comercio de EE. UU.","Malcolm Baldrige National Quality Award","National Institute of Standards and Technology","NIST","Pharr"],"articleSection":["U.S."],"inLanguage":"es-ES"},{"@type":"WebPage","@id":"https:\/\/www.rgvbusinessjournal.com\/es\/news\/20\/07\/2026\/pharr-es-la-unica-ciudad-del-pais-que-opta-a-un-importante-premio-federal-a-la-gestion\/","url":"https:\/\/www.rgvbusinessjournal.com\/es\/news\/20\/07\/2026\/pharr-es-la-unica-ciudad-del-pais-que-opta-a-un-importante-premio-federal-a-la-gestion\/","name":"Pharr is nation\u2019s only city competing for top management award","isPartOf":{"@id":"https:\/\/www.rgvbusinessjournal.com\/es\/#website"},"primaryImageOfPage":{"@id":"https:\/\/www.rgvbusinessjournal.com\/es\/news\/20\/07\/2026\/pharr-es-la-unica-ciudad-del-pais-que-opta-a-un-importante-premio-federal-a-la-gestion\/#primaryimage"},"image":{"@id":"https:\/\/www.rgvbusinessjournal.com\/es\/news\/20\/07\/2026\/pharr-es-la-unica-ciudad-del-pais-que-opta-a-un-importante-premio-federal-a-la-gestion\/#primaryimage"},"thumbnailUrl":"https:\/\/www.rgvbusinessjournal.com\/wp-content\/uploads\/2026\/07\/Pharr-City-Hall.png","datePublished":"2026-07-21T01:51:53+00:00","description":"The city is among 13 finalists for the 2026 Malcolm Baldrige National Quality Award, which recognizes excellence in organizational performance.","breadcrumb":{"@id":"https:\/\/www.rgvbusinessjournal.com\/es\/news\/20\/07\/2026\/pharr-es-la-unica-ciudad-del-pais-que-opta-a-un-importante-premio-federal-a-la-gestion\/#breadcrumb"},"inLanguage":"es-ES","potentialAction":[{"@type":"ReadAction","target":["https:\/\/www.rgvbusinessjournal.com\/es\/news\/20\/07\/2026\/pharr-es-la-unica-ciudad-del-pais-que-opta-a-un-importante-premio-federal-a-la-gestion\/"]}]},{"@type":"ImageObject","inLanguage":"es-ES","@id":"https:\/\/www.rgvbusinessjournal.com\/es\/news\/20\/07\/2026\/pharr-es-la-unica-ciudad-del-pais-que-opta-a-un-importante-premio-federal-a-la-gestion\/#primaryimage","url":"https:\/\/www.rgvbusinessjournal.com\/wp-content\/uploads\/2026\/07\/Pharr-City-Hall.png","contentUrl":"https:\/\/www.rgvbusinessjournal.com\/wp-content\/uploads\/2026\/07\/Pharr-City-Hall.png","width":1448,"height":1086,"caption":"Pharr es la \u00fanica ciudad del pa\u00eds seleccionada como finalista para el Premio Nacional de Calidad Malcolm Baldrige 2026, el m\u00e1ximo reconocimiento del Gobierno federal a la excelencia en el rendimiento organizativo. Cortes\u00eda de | Ayuntamiento de Pharr"},{"@type":"BreadcrumbList","@id":"https:\/\/www.rgvbusinessjournal.com\/es\/news\/20\/07\/2026\/pharr-es-la-unica-ciudad-del-pais-que-opta-a-un-importante-premio-federal-a-la-gestion\/#breadcrumb","itemListElement":[{"@type":"ListItem","position":1,"name":"Home","item":"https:\/\/www.rgvbusinessjournal.com\/es\/inicio\/"},{"@type":"ListItem","position":2,"name":"Pharr es la \u00fanica ciudad del pa\u00eds que opta a un importante premio federal a la gesti\u00f3n"}]},{"@type":"WebSite","@id":"https:\/\/www.rgvbusinessjournal.com\/es\/#website","url":"https:\/\/www.rgvbusinessjournal.com\/es\/","name":"Rio Grande Valley Business Journal","description":"","publisher":{"@id":"https:\/\/www.rgvbusinessjournal.com\/es\/#organization"},"potentialAction":[{"@type":"SearchAction","target":{"@type":"EntryPoint","urlTemplate":"https:\/\/www.rgvbusinessjournal.com\/es\/?s={search_term_string}"},"query-input":{"@type":"PropertyValueSpecification","valueRequired":true,"valueName":"search_term_string"}}],"inLanguage":"es-ES"},{"@type":"Organization","@id":"https:\/\/www.rgvbusinessjournal.com\/es\/#organization","name":"Rio Grande Valley Business Journal","alternateName":"RGV Business Journal","url":"https:\/\/www.rgvbusinessjournal.com\/es\/","logo":{"@type":"ImageObject","inLanguage":"es-ES","@id":"https:\/\/www.rgvbusinessjournal.com\/es\/#\/schema\/logo\/image\/","url":"https:\/\/www.rgvbusinessjournal.com\/wp-content\/uploads\/2026\/01\/535504352_122102206586984207_2702720257970470495_n.jpg","contentUrl":"https:\/\/www.rgvbusinessjournal.com\/wp-content\/uploads\/2026\/01\/535504352_122102206586984207_2702720257970470495_n.jpg","width":1000,"height":1000,"caption":"Rio Grande Valley Business Journal"},"image":{"@id":"https:\/\/www.rgvbusinessjournal.com\/es\/#\/schema\/logo\/image\/"},"sameAs":["https:\/\/www.facebook.com\/RGVBizJournal\/","https:\/\/x.com\/RGVBizJournal","https:\/\/www.linkedin.com\/company\/rio-grande-valley-business-journal\/","https:\/\/www.youtube.com\/@RGVBizJournal","https:\/\/www.instagram.com\/rgvbiznews\/","https:\/\/www.tiktok.com\/@rgvbizjournal"],"description":"The Rio Grande Valley Business Journal is a digital-first newsroom focused on business, economic trends, real estate, healthcare, and regional developments in South Texas (Cameron, Hidalgo, Starr, and Willacy counties) and nearby Mexican industrial cities like Reynosa and Matamoros. It provides impartial reporting, data analyses, and insights for decision-makers in a fast-growing binational corridor home to nearly three million people and billions in annual trade.","naics":"511110"},{"@type":"Person","@id":"https:\/\/www.rgvbusinessjournal.com\/es\/#\/schema\/person\/c8e183cac23aaa013ebaa56c4c71cf29","name":"RGV Business Journal Staff","image":{"@type":"ImageObject","inLanguage":"es-ES","@id":"https:\/\/secure.gravatar.com\/avatar\/2789a4be9fbaf2edbd51a42856efec9ec9c0451d9e45eb9bec6457d099662868?s=96&r=g","url":"https:\/\/secure.gravatar.com\/avatar\/2789a4be9fbaf2edbd51a42856efec9ec9c0451d9e45eb9bec6457d099662868?s=96&r=g","contentUrl":"https:\/\/secure.gravatar.com\/avatar\/2789a4be9fbaf2edbd51a42856efec9ec9c0451d9e45eb9bec6457d099662868?s=96&r=g","caption":"RGV Business Journal Staff"},"url":"https:\/\/www.rgvbusinessjournal.com\/es\/news\/author\/rgv-business-journal-staff\/"}]}},"preview_block_count":4,"is_paywalled":false,"_links":{"self":[{"href":"https:\/\/www.rgvbusinessjournal.com\/es\/wp-json\/wp\/v2\/posts\/20742","targetHints":{"allow":["GET"]}}],"collection":[{"href":"https:\/\/www.rgvbusinessjournal.com\/es\/wp-json\/wp\/v2\/posts"}],"about":[{"href":"https:\/\/www.rgvbusinessjournal.com\/es\/wp-json\/wp\/v2\/types\/post"}],"author":[{"embeddable":true,"href":"https:\/\/www.rgvbusinessjournal.com\/es\/wp-json\/wp\/v2\/users\/53"}],"replies":[{"embeddable":true,"href":"https:\/\/www.rgvbusinessjournal.com\/es\/wp-json\/wp\/v2\/comments?post=20742"}],"version-history":[{"count":0,"href":"https:\/\/www.rgvbusinessjournal.com\/es\/wp-json\/wp\/v2\/posts\/20742\/revisions"}],"wp:featuredmedia":[{"embeddable":true,"href":"https:\/\/www.rgvbusinessjournal.com\/es\/wp-json\/wp\/v2\/media\/20746"}],"wp:attachment":[{"href":"https:\/\/www.rgvbusinessjournal.com\/es\/wp-json\/wp\/v2\/media?parent=20742"}],"wp:term":[{"taxonomy":"category","embeddable":true,"href":"https:\/\/www.rgvbusinessjournal.com\/es\/wp-json\/wp\/v2\/categories?post=20742"},{"taxonomy":"post_tag","embeddable":true,"href":"https:\/\/www.rgvbusinessjournal.com\/es\/wp-json\/wp\/v2\/tags?post=20742"}],"curies":[{"name":"wp","href":"https:\/\/api.w.org\/{rel}","templated":true}]}}