{"id":21265,"date":"2026-07-30T13:21:33","date_gmt":"2026-07-30T18:21:33","guid":{"rendered":"https:\/\/www.rgvbusinessjournal.com\/news\/30\/07\/2026\/se-preve-la-apertura-de-una-cafeteria-starbucks-dentro-de-macys-en-el-centro-comercial-la-plaza-mall-en-el-marco-de-una-reforma-de-600-000-dolares\/"},"modified":"2026-07-30T13:21:33","modified_gmt":"2026-07-30T18:21:33","slug":"se-preve-la-apertura-de-una-cafeteria-starbucks-dentro-de-macys-en-el-centro-comercial-la-plaza-mall-en-el-marco-de-una-reforma-de-600-000-dolares","status":"publish","type":"post","link":"https:\/\/www.rgvbusinessjournal.com\/es\/news\/30\/07\/2026\/se-preve-la-apertura-de-una-cafeteria-starbucks-dentro-de-macys-en-el-centro-comercial-la-plaza-mall-en-el-marco-de-una-reforma-de-600-000-dolares\/","title":{"rendered":"Se prev\u00e9 la apertura de una cafeter\u00eda Starbucks dentro de Macy\u2019s, en el centro comercial La Plaza Mall, en el marco de una reforma de 600 000 d\u00f3lares"},"content":{"rendered":"\n<p class=\"wp-block-paragraph\">Est\u00e1 previsto abrir una nueva cafeter\u00eda Starbucks dentro de los grandes almacenes Macy\u2019s, en el centro comercial La Plaza Mall de McAllen, como parte de un proyecto de renovaci\u00f3n de 600 000 d\u00f3lares presentado ante el Departamento de Licencias y Regulaci\u00f3n de Texas.<\/p>\n\n\n\n<p class=\"wp-block-paragraph\">El proyecto, registrado el jueves, prev\u00e9 la realizaci\u00f3n de obras de acondicionamiento interior para crear una nueva cafeter\u00eda Starbucks de 300 pies cuadrados dentro de la tienda actual de Macy\u2019s situada en el n\u00famero 2100 de la calle 10 Sur, seg\u00fan los registros estatales.<\/p>\n\n\n\n<p class=\"wp-block-paragraph\">Est\u00e1 previsto que las obras comiencen el 12 de octubre y finalicen el 4 de diciembre, si se cumple el calendario esbozado en la documentaci\u00f3n presentada.<\/p>\n\n\n\n<p class=\"wp-block-paragraph\">En la solicitud se describe la obra como una reforma interior para una nueva cafeter\u00eda Starbucks, que incluye mejoras en los sistemas mec\u00e1nicos, el\u00e9ctricos y de fontaner\u00eda. No se prev\u00e9n obras en el exterior ni modificaciones estructurales.<\/p>\n\n\n\n<p class=\"wp-block-paragraph\">Seg\u00fan la documentaci\u00f3n presentada, el proyecto cuenta con financiaci\u00f3n privada y correr\u00e1 a cargo de Macy\u2019s Inc. En el registro a\u00fan no figura ning\u00fan inquilino.<\/p>\n\n\n\n<p class=\"wp-block-paragraph\">Architecture 359 Inc., un estudio de dise\u00f1o con sede en Ohio que ha trabajado en proyectos comerciales en todo el pa\u00eds, figura como responsable del dise\u00f1o del proyecto. Marc Frame es el especialista certificado en accesibilidad que supervisa el cumplimiento de la Ley de Barreras Arquitect\u00f3nicas de Texas.<\/p>\n\n\n\n<p class=\"wp-block-paragraph\">La renovaci\u00f3n supone una nueva inversi\u00f3n en La Plaza Mall, el centro comercial m\u00e1s grande del Valle del R\u00edo Grande, que sigue atrayendo a nuevas cadenas minoristas, nuevos conceptos de restauraci\u00f3n y mejoras en las tiendas, gracias a que el gasto de los consumidores se mantiene fuerte en la regi\u00f3n.<\/p>\n\n\n\n<p class=\"wp-block-paragraph\">Aunque Starbucks ya cuenta con varias cafeter\u00edas independientes y locales con licencia repartidos por todo McAllen, el proyecto a\u00f1adir\u00eda otro local dentro de uno de los grandes almacenes principales del centro comercial, lo que ofrecer\u00eda a los clientes una nueva opci\u00f3n sin tener que salir de Macy\u2019s.<\/p>\n\n\n\n<p class=\"wp-block-paragraph\">En el momento de la publicaci\u00f3n, ni Macy\u2019s ni Starbucks hab\u00edan anunciado p\u00fablicamente el proyecto ni hab\u00edan facilitado m\u00e1s detalles sobre la fecha prevista de apertura de la cafeter\u00eda. La solicitud presentada ante la TDLR se refiere a un proyecto de construcci\u00f3n previsto y no garantiza que este se complete en el plazo propuesto.<\/p>\n","protected":false},"excerpt":{"rendered":"<p>La nueva cafeter\u00eda de la tienda supondr\u00eda el regreso de Starbucks a uno de los grandes almacenes m\u00e1s concurridos de McAllen, en un momento en el que Macy\u2019s est\u00e1 invirtiendo en mejoras en el interior del establecimiento.<\/p>\n","protected":false},"author":53,"featured_media":21273,"comment_status":"","ping_status":"","sticky":false,"template":"","format":"standard","meta":{"_acf_changed":false,"post_views_count":108,"footnotes":""},"categories":[4,107,111,84,825],"tags":[184,193,455,4544,69,196,260,4600],"class_list":["post-21265","post","type-post","status-publish","format-standard","has-post-thumbnail","hentry","category-commercial-real-estate","category-real-estate","category-retail-real-estate","category-tourism","category-u-s","tag-commercial-real-estate","tag-construction","tag-la-plaza-mall","tag-macys","tag-mcallen","tag-retail","tag-retail-development","tag-starbucks-es-es"],"acf":{"is_features_post":"","is_sponser":"","hide_author":"","hide_author_biography":""},"yoast_head":"<!-- This site is optimized with the Yoast SEO Premium plugin v28.3 (Yoast SEO v28.3) - https:\/\/yoast.com\/product\/yoast-seo-premium-wordpress\/ -->\n<title>Starbucks caf\u00e9 planned inside Macy\u2019s at La Plaza Mall<\/title>\n<meta name=\"description\" content=\"The new in-store caf\u00e9 would bring Starbucks back to one of McAllen\u2019s busiest department stores as Macy\u2019s invests in interior upgrades.\" \/>\n<meta name=\"robots\" content=\"index, follow, max-snippet:-1, max-image-preview:large, max-video-preview:-1\" \/>\n<link rel=\"canonical\" href=\"https:\/\/www.rgvbusinessjournal.com\/es\/news\/30\/07\/2026\/se-preve-la-apertura-de-una-cafeteria-starbucks-dentro-de-macys-en-el-centro-comercial-la-plaza-mall-en-el-marco-de-una-reforma-de-600-000-dolares\/\" \/>\n<meta property=\"og:locale\" content=\"es_ES\" \/>\n<meta property=\"og:type\" content=\"article\" \/>\n<meta property=\"og:title\" content=\"Se prev\u00e9 la apertura de una cafeter\u00eda Starbucks dentro de Macy\u2019s, en el centro comercial La Plaza Mall, en el marco de una reforma de 600 000 d\u00f3lares\" \/>\n<meta property=\"og:description\" content=\"The new in-store caf\u00e9 would bring Starbucks back to one of McAllen\u2019s busiest department stores as Macy\u2019s invests in interior upgrades.\" \/>\n<meta property=\"og:url\" content=\"https:\/\/www.rgvbusinessjournal.com\/es\/news\/30\/07\/2026\/se-preve-la-apertura-de-una-cafeteria-starbucks-dentro-de-macys-en-el-centro-comercial-la-plaza-mall-en-el-marco-de-una-reforma-de-600-000-dolares\/\" \/>\n<meta property=\"og:site_name\" content=\"Rio Grande Valley Business Journal\" \/>\n<meta property=\"article:publisher\" content=\"https:\/\/www.facebook.com\/RGVBizJournal\/\" \/>\n<meta property=\"article:published_time\" content=\"2026-07-30T18:21:33+00:00\" \/>\n<meta property=\"og:image\" content=\"https:\/\/www.rgvbusinessjournal.com\/wp-content\/uploads\/2026\/07\/6B6BCEB3-DA40-4B84-8F07-AF1CD20867E9_1_201_a.jpeg\" \/>\n\t<meta property=\"og:image:width\" content=\"1365\" \/>\n\t<meta property=\"og:image:height\" content=\"1024\" \/>\n\t<meta property=\"og:image:type\" content=\"image\/jpeg\" \/>\n<meta name=\"author\" content=\"RGV Business Journal Staff\" \/>\n<meta name=\"twitter:card\" content=\"summary_large_image\" \/>\n<meta name=\"twitter:description\" content=\"RGV Business Journal covers business news in the Rio Grande Valley of Texas and the Mexican cities of Reynosa and Matamoros.\" \/>\n<meta name=\"twitter:creator\" content=\"@RGVBizJournal\" \/>\n<meta name=\"twitter:site\" content=\"@RGVBizJournal\" \/>\n<meta name=\"twitter:label1\" content=\"Written by\" \/>\n\t<meta name=\"twitter:data1\" content=\"RGV Business Journal Staff\" \/>\n\t<meta name=\"twitter:label2\" content=\"Est. reading time\" \/>\n\t<meta name=\"twitter:data2\" content=\"2 minutes\" \/>\n<script type=\"application\/ld+json\" class=\"yoast-schema-graph\">{\"@context\":\"https:\\\/\\\/schema.org\",\"@graph\":[{\"@type\":\"NewsArticle\",\"@id\":\"https:\\\/\\\/www.rgvbusinessjournal.com\\\/es\\\/news\\\/30\\\/07\\\/2026\\\/se-preve-la-apertura-de-una-cafeteria-starbucks-dentro-de-macys-en-el-centro-comercial-la-plaza-mall-en-el-marco-de-una-reforma-de-600-000-dolares\\\/#article\",\"isPartOf\":{\"@id\":\"https:\\\/\\\/www.rgvbusinessjournal.com\\\/es\\\/news\\\/30\\\/07\\\/2026\\\/se-preve-la-apertura-de-una-cafeteria-starbucks-dentro-de-macys-en-el-centro-comercial-la-plaza-mall-en-el-marco-de-una-reforma-de-600-000-dolares\\\/\"},\"author\":{\"name\":\"RGV Business Journal Staff\",\"@id\":\"https:\\\/\\\/www.rgvbusinessjournal.com\\\/es\\\/#\\\/schema\\\/person\\\/c8e183cac23aaa013ebaa56c4c71cf29\"},\"headline\":\"Se prev\u00e9 la apertura de una cafeter\u00eda Starbucks dentro de Macy\u2019s, en el centro comercial La Plaza Mall, en el marco de una reforma de 600 000 d\u00f3lares\",\"datePublished\":\"2026-07-30T18:21:33+00:00\",\"mainEntityOfPage\":{\"@id\":\"https:\\\/\\\/www.rgvbusinessjournal.com\\\/es\\\/news\\\/30\\\/07\\\/2026\\\/se-preve-la-apertura-de-una-cafeteria-starbucks-dentro-de-macys-en-el-centro-comercial-la-plaza-mall-en-el-marco-de-una-reforma-de-600-000-dolares\\\/\"},\"wordCount\":441,\"publisher\":{\"@id\":\"https:\\\/\\\/www.rgvbusinessjournal.com\\\/es\\\/#organization\"},\"image\":{\"@id\":\"https:\\\/\\\/www.rgvbusinessjournal.com\\\/es\\\/news\\\/30\\\/07\\\/2026\\\/se-preve-la-apertura-de-una-cafeteria-starbucks-dentro-de-macys-en-el-centro-comercial-la-plaza-mall-en-el-marco-de-una-reforma-de-600-000-dolares\\\/#primaryimage\"},\"thumbnailUrl\":\"https:\\\/\\\/www.rgvbusinessjournal.com\\\/wp-content\\\/uploads\\\/2026\\\/07\\\/6B6BCEB3-DA40-4B84-8F07-AF1CD20867E9_1_201_a.jpeg\",\"keywords\":[\"commercial real estate\",\"Construction\",\"La Plaza Mall\",\"Macy\u2019s\",\"McAllen\",\"retail\",\"retail development\",\"Starbucks (ES)\"],\"articleSection\":[\"Commercial Real Estate\",\"Real Estate\",\"Retail\",\"Tourism\",\"U.S.\"],\"inLanguage\":\"es-ES\"},{\"@type\":\"WebPage\",\"@id\":\"https:\\\/\\\/www.rgvbusinessjournal.com\\\/es\\\/news\\\/30\\\/07\\\/2026\\\/se-preve-la-apertura-de-una-cafeteria-starbucks-dentro-de-macys-en-el-centro-comercial-la-plaza-mall-en-el-marco-de-una-reforma-de-600-000-dolares\\\/\",\"url\":\"https:\\\/\\\/www.rgvbusinessjournal.com\\\/es\\\/news\\\/30\\\/07\\\/2026\\\/se-preve-la-apertura-de-una-cafeteria-starbucks-dentro-de-macys-en-el-centro-comercial-la-plaza-mall-en-el-marco-de-una-reforma-de-600-000-dolares\\\/\",\"name\":\"Starbucks caf\u00e9 planned inside Macy\u2019s at La Plaza Mall\",\"isPartOf\":{\"@id\":\"https:\\\/\\\/www.rgvbusinessjournal.com\\\/es\\\/#website\"},\"primaryImageOfPage\":{\"@id\":\"https:\\\/\\\/www.rgvbusinessjournal.com\\\/es\\\/news\\\/30\\\/07\\\/2026\\\/se-preve-la-apertura-de-una-cafeteria-starbucks-dentro-de-macys-en-el-centro-comercial-la-plaza-mall-en-el-marco-de-una-reforma-de-600-000-dolares\\\/#primaryimage\"},\"image\":{\"@id\":\"https:\\\/\\\/www.rgvbusinessjournal.com\\\/es\\\/news\\\/30\\\/07\\\/2026\\\/se-preve-la-apertura-de-una-cafeteria-starbucks-dentro-de-macys-en-el-centro-comercial-la-plaza-mall-en-el-marco-de-una-reforma-de-600-000-dolares\\\/#primaryimage\"},\"thumbnailUrl\":\"https:\\\/\\\/www.rgvbusinessjournal.com\\\/wp-content\\\/uploads\\\/2026\\\/07\\\/6B6BCEB3-DA40-4B84-8F07-AF1CD20867E9_1_201_a.jpeg\",\"datePublished\":\"2026-07-30T18:21:33+00:00\",\"description\":\"The new in-store caf\u00e9 would bring Starbucks back to one of McAllen\u2019s busiest department stores as Macy\u2019s invests in interior upgrades.\",\"breadcrumb\":{\"@id\":\"https:\\\/\\\/www.rgvbusinessjournal.com\\\/es\\\/news\\\/30\\\/07\\\/2026\\\/se-preve-la-apertura-de-una-cafeteria-starbucks-dentro-de-macys-en-el-centro-comercial-la-plaza-mall-en-el-marco-de-una-reforma-de-600-000-dolares\\\/#breadcrumb\"},\"inLanguage\":\"es-ES\",\"potentialAction\":[{\"@type\":\"ReadAction\",\"target\":[\"https:\\\/\\\/www.rgvbusinessjournal.com\\\/es\\\/news\\\/30\\\/07\\\/2026\\\/se-preve-la-apertura-de-una-cafeteria-starbucks-dentro-de-macys-en-el-centro-comercial-la-plaza-mall-en-el-marco-de-una-reforma-de-600-000-dolares\\\/\"]}]},{\"@type\":\"ImageObject\",\"inLanguage\":\"es-ES\",\"@id\":\"https:\\\/\\\/www.rgvbusinessjournal.com\\\/es\\\/news\\\/30\\\/07\\\/2026\\\/se-preve-la-apertura-de-una-cafeteria-starbucks-dentro-de-macys-en-el-centro-comercial-la-plaza-mall-en-el-marco-de-una-reforma-de-600-000-dolares\\\/#primaryimage\",\"url\":\"https:\\\/\\\/www.rgvbusinessjournal.com\\\/wp-content\\\/uploads\\\/2026\\\/07\\\/6B6BCEB3-DA40-4B84-8F07-AF1CD20867E9_1_201_a.jpeg\",\"contentUrl\":\"https:\\\/\\\/www.rgvbusinessjournal.com\\\/wp-content\\\/uploads\\\/2026\\\/07\\\/6B6BCEB3-DA40-4B84-8F07-AF1CD20867E9_1_201_a.jpeg\",\"width\":1365,\"height\":1024,\"caption\":\"Ilustraci\u00f3n de una taza de caf\u00e9 de Starbucks y el escaparate de Macy\u2019s, que representa la cafeter\u00eda de Starbucks que se va a abrir dentro de Macy\u2019s, en el centro comercial La Plaza Mall de McAllen.\"},{\"@type\":\"BreadcrumbList\",\"@id\":\"https:\\\/\\\/www.rgvbusinessjournal.com\\\/es\\\/news\\\/30\\\/07\\\/2026\\\/se-preve-la-apertura-de-una-cafeteria-starbucks-dentro-de-macys-en-el-centro-comercial-la-plaza-mall-en-el-marco-de-una-reforma-de-600-000-dolares\\\/#breadcrumb\",\"itemListElement\":[{\"@type\":\"ListItem\",\"position\":1,\"name\":\"Home\",\"item\":\"https:\\\/\\\/www.rgvbusinessjournal.com\\\/es\\\/inicio\\\/\"},{\"@type\":\"ListItem\",\"position\":2,\"name\":\"Se prev\u00e9 la apertura de una cafeter\u00eda Starbucks dentro de Macy\u2019s, en el centro comercial La Plaza Mall, en el marco de una reforma de 600 000 d\u00f3lares\"}]},{\"@type\":\"WebSite\",\"@id\":\"https:\\\/\\\/www.rgvbusinessjournal.com\\\/es\\\/#website\",\"url\":\"https:\\\/\\\/www.rgvbusinessjournal.com\\\/es\\\/\",\"name\":\"Rio Grande Valley Business Journal\",\"description\":\"\",\"publisher\":{\"@id\":\"https:\\\/\\\/www.rgvbusinessjournal.com\\\/es\\\/#organization\"},\"potentialAction\":[{\"@type\":\"SearchAction\",\"target\":{\"@type\":\"EntryPoint\",\"urlTemplate\":\"https:\\\/\\\/www.rgvbusinessjournal.com\\\/es\\\/?s={search_term_string}\"},\"query-input\":{\"@type\":\"PropertyValueSpecification\",\"valueRequired\":true,\"valueName\":\"search_term_string\"}}],\"inLanguage\":\"es-ES\"},{\"@type\":\"Organization\",\"@id\":\"https:\\\/\\\/www.rgvbusinessjournal.com\\\/es\\\/#organization\",\"name\":\"Rio Grande Valley Business Journal\",\"alternateName\":\"RGV Business Journal\",\"url\":\"https:\\\/\\\/www.rgvbusinessjournal.com\\\/es\\\/\",\"logo\":{\"@type\":\"ImageObject\",\"inLanguage\":\"es-ES\",\"@id\":\"https:\\\/\\\/www.rgvbusinessjournal.com\\\/es\\\/#\\\/schema\\\/logo\\\/image\\\/\",\"url\":\"https:\\\/\\\/www.rgvbusinessjournal.com\\\/wp-content\\\/uploads\\\/2026\\\/01\\\/535504352_122102206586984207_2702720257970470495_n.jpg\",\"contentUrl\":\"https:\\\/\\\/www.rgvbusinessjournal.com\\\/wp-content\\\/uploads\\\/2026\\\/01\\\/535504352_122102206586984207_2702720257970470495_n.jpg\",\"width\":1000,\"height\":1000,\"caption\":\"Rio Grande Valley Business Journal\"},\"image\":{\"@id\":\"https:\\\/\\\/www.rgvbusinessjournal.com\\\/es\\\/#\\\/schema\\\/logo\\\/image\\\/\"},\"sameAs\":[\"https:\\\/\\\/www.facebook.com\\\/RGVBizJournal\\\/\",\"https:\\\/\\\/x.com\\\/RGVBizJournal\",\"https:\\\/\\\/www.linkedin.com\\\/company\\\/rio-grande-valley-business-journal\\\/\",\"https:\\\/\\\/www.youtube.com\\\/@RGVBizJournal\",\"https:\\\/\\\/www.instagram.com\\\/rgvbiznews\\\/\",\"https:\\\/\\\/www.tiktok.com\\\/@rgvbizjournal\"],\"description\":\"The Rio Grande Valley Business Journal is a digital-first newsroom focused on business, economic trends, real estate, healthcare, and regional developments in South Texas (Cameron, Hidalgo, Starr, and Willacy counties) and nearby Mexican industrial cities like Reynosa and Matamoros. It provides impartial reporting, data analyses, and insights for decision-makers in a fast-growing binational corridor home to nearly three million people and billions in annual trade.\",\"naics\":\"511110\"},{\"@type\":\"Person\",\"@id\":\"https:\\\/\\\/www.rgvbusinessjournal.com\\\/es\\\/#\\\/schema\\\/person\\\/c8e183cac23aaa013ebaa56c4c71cf29\",\"name\":\"RGV Business Journal Staff\",\"image\":{\"@type\":\"ImageObject\",\"inLanguage\":\"es-ES\",\"@id\":\"https:\\\/\\\/secure.gravatar.com\\\/avatar\\\/2789a4be9fbaf2edbd51a42856efec9ec9c0451d9e45eb9bec6457d099662868?s=96&r=g\",\"url\":\"https:\\\/\\\/secure.gravatar.com\\\/avatar\\\/2789a4be9fbaf2edbd51a42856efec9ec9c0451d9e45eb9bec6457d099662868?s=96&r=g\",\"contentUrl\":\"https:\\\/\\\/secure.gravatar.com\\\/avatar\\\/2789a4be9fbaf2edbd51a42856efec9ec9c0451d9e45eb9bec6457d099662868?s=96&r=g\",\"caption\":\"RGV Business Journal Staff\"},\"url\":\"https:\\\/\\\/www.rgvbusinessjournal.com\\\/es\\\/news\\\/author\\\/rgv-business-journal-staff\\\/\"}]}<\/script>\n<!-- \/ Yoast SEO Premium plugin. -->","yoast_head_json":{"title":"Starbucks caf\u00e9 planned inside Macy\u2019s at La Plaza Mall","description":"The new in-store caf\u00e9 would bring Starbucks back to one of McAllen\u2019s busiest department stores as Macy\u2019s invests in interior upgrades.","robots":{"index":"index","follow":"follow","max-snippet":"max-snippet:-1","max-image-preview":"max-image-preview:large","max-video-preview":"max-video-preview:-1"},"canonical":"https:\/\/www.rgvbusinessjournal.com\/es\/news\/30\/07\/2026\/se-preve-la-apertura-de-una-cafeteria-starbucks-dentro-de-macys-en-el-centro-comercial-la-plaza-mall-en-el-marco-de-una-reforma-de-600-000-dolares\/","og_locale":"es_ES","og_type":"article","og_title":"Se prev\u00e9 la apertura de una cafeter\u00eda Starbucks dentro de Macy\u2019s, en el centro comercial La Plaza Mall, en el marco de una reforma de 600 000 d\u00f3lares","og_description":"The new in-store caf\u00e9 would bring Starbucks back to one of McAllen\u2019s busiest department stores as Macy\u2019s invests in interior upgrades.","og_url":"https:\/\/www.rgvbusinessjournal.com\/es\/news\/30\/07\/2026\/se-preve-la-apertura-de-una-cafeteria-starbucks-dentro-de-macys-en-el-centro-comercial-la-plaza-mall-en-el-marco-de-una-reforma-de-600-000-dolares\/","og_site_name":"Rio Grande Valley Business Journal","article_publisher":"https:\/\/www.facebook.com\/RGVBizJournal\/","article_published_time":"2026-07-30T18:21:33+00:00","og_image":[{"width":1365,"height":1024,"url":"https:\/\/www.rgvbusinessjournal.com\/wp-content\/uploads\/2026\/07\/6B6BCEB3-DA40-4B84-8F07-AF1CD20867E9_1_201_a.jpeg","type":"image\/jpeg"}],"author":"RGV Business Journal Staff","twitter_card":"summary_large_image","twitter_description":"RGV Business Journal covers business news in the Rio Grande Valley of Texas and the Mexican cities of Reynosa and Matamoros.","twitter_creator":"@RGVBizJournal","twitter_site":"@RGVBizJournal","twitter_misc":{"Written by":"RGV Business Journal Staff","Est. reading time":"2 minutes"},"schema":{"@context":"https:\/\/schema.org","@graph":[{"@type":"NewsArticle","@id":"https:\/\/www.rgvbusinessjournal.com\/es\/news\/30\/07\/2026\/se-preve-la-apertura-de-una-cafeteria-starbucks-dentro-de-macys-en-el-centro-comercial-la-plaza-mall-en-el-marco-de-una-reforma-de-600-000-dolares\/#article","isPartOf":{"@id":"https:\/\/www.rgvbusinessjournal.com\/es\/news\/30\/07\/2026\/se-preve-la-apertura-de-una-cafeteria-starbucks-dentro-de-macys-en-el-centro-comercial-la-plaza-mall-en-el-marco-de-una-reforma-de-600-000-dolares\/"},"author":{"name":"RGV Business Journal Staff","@id":"https:\/\/www.rgvbusinessjournal.com\/es\/#\/schema\/person\/c8e183cac23aaa013ebaa56c4c71cf29"},"headline":"Se prev\u00e9 la apertura de una cafeter\u00eda Starbucks dentro de Macy\u2019s, en el centro comercial La Plaza Mall, en el marco de una reforma de 600 000 d\u00f3lares","datePublished":"2026-07-30T18:21:33+00:00","mainEntityOfPage":{"@id":"https:\/\/www.rgvbusinessjournal.com\/es\/news\/30\/07\/2026\/se-preve-la-apertura-de-una-cafeteria-starbucks-dentro-de-macys-en-el-centro-comercial-la-plaza-mall-en-el-marco-de-una-reforma-de-600-000-dolares\/"},"wordCount":441,"publisher":{"@id":"https:\/\/www.rgvbusinessjournal.com\/es\/#organization"},"image":{"@id":"https:\/\/www.rgvbusinessjournal.com\/es\/news\/30\/07\/2026\/se-preve-la-apertura-de-una-cafeteria-starbucks-dentro-de-macys-en-el-centro-comercial-la-plaza-mall-en-el-marco-de-una-reforma-de-600-000-dolares\/#primaryimage"},"thumbnailUrl":"https:\/\/www.rgvbusinessjournal.com\/wp-content\/uploads\/2026\/07\/6B6BCEB3-DA40-4B84-8F07-AF1CD20867E9_1_201_a.jpeg","keywords":["commercial real estate","Construction","La Plaza Mall","Macy\u2019s","McAllen","retail","retail development","Starbucks (ES)"],"articleSection":["Commercial Real Estate","Real Estate","Retail","Tourism","U.S."],"inLanguage":"es-ES"},{"@type":"WebPage","@id":"https:\/\/www.rgvbusinessjournal.com\/es\/news\/30\/07\/2026\/se-preve-la-apertura-de-una-cafeteria-starbucks-dentro-de-macys-en-el-centro-comercial-la-plaza-mall-en-el-marco-de-una-reforma-de-600-000-dolares\/","url":"https:\/\/www.rgvbusinessjournal.com\/es\/news\/30\/07\/2026\/se-preve-la-apertura-de-una-cafeteria-starbucks-dentro-de-macys-en-el-centro-comercial-la-plaza-mall-en-el-marco-de-una-reforma-de-600-000-dolares\/","name":"Starbucks caf\u00e9 planned inside Macy\u2019s at La Plaza Mall","isPartOf":{"@id":"https:\/\/www.rgvbusinessjournal.com\/es\/#website"},"primaryImageOfPage":{"@id":"https:\/\/www.rgvbusinessjournal.com\/es\/news\/30\/07\/2026\/se-preve-la-apertura-de-una-cafeteria-starbucks-dentro-de-macys-en-el-centro-comercial-la-plaza-mall-en-el-marco-de-una-reforma-de-600-000-dolares\/#primaryimage"},"image":{"@id":"https:\/\/www.rgvbusinessjournal.com\/es\/news\/30\/07\/2026\/se-preve-la-apertura-de-una-cafeteria-starbucks-dentro-de-macys-en-el-centro-comercial-la-plaza-mall-en-el-marco-de-una-reforma-de-600-000-dolares\/#primaryimage"},"thumbnailUrl":"https:\/\/www.rgvbusinessjournal.com\/wp-content\/uploads\/2026\/07\/6B6BCEB3-DA40-4B84-8F07-AF1CD20867E9_1_201_a.jpeg","datePublished":"2026-07-30T18:21:33+00:00","description":"The new in-store caf\u00e9 would bring Starbucks back to one of McAllen\u2019s busiest department stores as Macy\u2019s invests in interior upgrades.","breadcrumb":{"@id":"https:\/\/www.rgvbusinessjournal.com\/es\/news\/30\/07\/2026\/se-preve-la-apertura-de-una-cafeteria-starbucks-dentro-de-macys-en-el-centro-comercial-la-plaza-mall-en-el-marco-de-una-reforma-de-600-000-dolares\/#breadcrumb"},"inLanguage":"es-ES","potentialAction":[{"@type":"ReadAction","target":["https:\/\/www.rgvbusinessjournal.com\/es\/news\/30\/07\/2026\/se-preve-la-apertura-de-una-cafeteria-starbucks-dentro-de-macys-en-el-centro-comercial-la-plaza-mall-en-el-marco-de-una-reforma-de-600-000-dolares\/"]}]},{"@type":"ImageObject","inLanguage":"es-ES","@id":"https:\/\/www.rgvbusinessjournal.com\/es\/news\/30\/07\/2026\/se-preve-la-apertura-de-una-cafeteria-starbucks-dentro-de-macys-en-el-centro-comercial-la-plaza-mall-en-el-marco-de-una-reforma-de-600-000-dolares\/#primaryimage","url":"https:\/\/www.rgvbusinessjournal.com\/wp-content\/uploads\/2026\/07\/6B6BCEB3-DA40-4B84-8F07-AF1CD20867E9_1_201_a.jpeg","contentUrl":"https:\/\/www.rgvbusinessjournal.com\/wp-content\/uploads\/2026\/07\/6B6BCEB3-DA40-4B84-8F07-AF1CD20867E9_1_201_a.jpeg","width":1365,"height":1024,"caption":"Ilustraci\u00f3n de una taza de caf\u00e9 de Starbucks y el escaparate de Macy\u2019s, que representa la cafeter\u00eda de Starbucks que se va a abrir dentro de Macy\u2019s, en el centro comercial La Plaza Mall de McAllen."},{"@type":"BreadcrumbList","@id":"https:\/\/www.rgvbusinessjournal.com\/es\/news\/30\/07\/2026\/se-preve-la-apertura-de-una-cafeteria-starbucks-dentro-de-macys-en-el-centro-comercial-la-plaza-mall-en-el-marco-de-una-reforma-de-600-000-dolares\/#breadcrumb","itemListElement":[{"@type":"ListItem","position":1,"name":"Home","item":"https:\/\/www.rgvbusinessjournal.com\/es\/inicio\/"},{"@type":"ListItem","position":2,"name":"Se prev\u00e9 la apertura de una cafeter\u00eda Starbucks dentro de Macy\u2019s, en el centro comercial La Plaza Mall, en el marco de una reforma de 600 000 d\u00f3lares"}]},{"@type":"WebSite","@id":"https:\/\/www.rgvbusinessjournal.com\/es\/#website","url":"https:\/\/www.rgvbusinessjournal.com\/es\/","name":"Rio Grande Valley Business Journal","description":"","publisher":{"@id":"https:\/\/www.rgvbusinessjournal.com\/es\/#organization"},"potentialAction":[{"@type":"SearchAction","target":{"@type":"EntryPoint","urlTemplate":"https:\/\/www.rgvbusinessjournal.com\/es\/?s={search_term_string}"},"query-input":{"@type":"PropertyValueSpecification","valueRequired":true,"valueName":"search_term_string"}}],"inLanguage":"es-ES"},{"@type":"Organization","@id":"https:\/\/www.rgvbusinessjournal.com\/es\/#organization","name":"Rio Grande Valley Business Journal","alternateName":"RGV Business Journal","url":"https:\/\/www.rgvbusinessjournal.com\/es\/","logo":{"@type":"ImageObject","inLanguage":"es-ES","@id":"https:\/\/www.rgvbusinessjournal.com\/es\/#\/schema\/logo\/image\/","url":"https:\/\/www.rgvbusinessjournal.com\/wp-content\/uploads\/2026\/01\/535504352_122102206586984207_2702720257970470495_n.jpg","contentUrl":"https:\/\/www.rgvbusinessjournal.com\/wp-content\/uploads\/2026\/01\/535504352_122102206586984207_2702720257970470495_n.jpg","width":1000,"height":1000,"caption":"Rio Grande Valley Business Journal"},"image":{"@id":"https:\/\/www.rgvbusinessjournal.com\/es\/#\/schema\/logo\/image\/"},"sameAs":["https:\/\/www.facebook.com\/RGVBizJournal\/","https:\/\/x.com\/RGVBizJournal","https:\/\/www.linkedin.com\/company\/rio-grande-valley-business-journal\/","https:\/\/www.youtube.com\/@RGVBizJournal","https:\/\/www.instagram.com\/rgvbiznews\/","https:\/\/www.tiktok.com\/@rgvbizjournal"],"description":"The Rio Grande Valley Business Journal is a digital-first newsroom focused on business, economic trends, real estate, healthcare, and regional developments in South Texas (Cameron, Hidalgo, Starr, and Willacy counties) and nearby Mexican industrial cities like Reynosa and Matamoros. It provides impartial reporting, data analyses, and insights for decision-makers in a fast-growing binational corridor home to nearly three million people and billions in annual trade.","naics":"511110"},{"@type":"Person","@id":"https:\/\/www.rgvbusinessjournal.com\/es\/#\/schema\/person\/c8e183cac23aaa013ebaa56c4c71cf29","name":"RGV Business Journal Staff","image":{"@type":"ImageObject","inLanguage":"es-ES","@id":"https:\/\/secure.gravatar.com\/avatar\/2789a4be9fbaf2edbd51a42856efec9ec9c0451d9e45eb9bec6457d099662868?s=96&r=g","url":"https:\/\/secure.gravatar.com\/avatar\/2789a4be9fbaf2edbd51a42856efec9ec9c0451d9e45eb9bec6457d099662868?s=96&r=g","contentUrl":"https:\/\/secure.gravatar.com\/avatar\/2789a4be9fbaf2edbd51a42856efec9ec9c0451d9e45eb9bec6457d099662868?s=96&r=g","caption":"RGV Business Journal Staff"},"url":"https:\/\/www.rgvbusinessjournal.com\/es\/news\/author\/rgv-business-journal-staff\/"}]}},"preview_block_count":4,"is_paywalled":false,"_links":{"self":[{"href":"https:\/\/www.rgvbusinessjournal.com\/es\/wp-json\/wp\/v2\/posts\/21265","targetHints":{"allow":["GET"]}}],"collection":[{"href":"https:\/\/www.rgvbusinessjournal.com\/es\/wp-json\/wp\/v2\/posts"}],"about":[{"href":"https:\/\/www.rgvbusinessjournal.com\/es\/wp-json\/wp\/v2\/types\/post"}],"author":[{"embeddable":true,"href":"https:\/\/www.rgvbusinessjournal.com\/es\/wp-json\/wp\/v2\/users\/53"}],"replies":[{"embeddable":true,"href":"https:\/\/www.rgvbusinessjournal.com\/es\/wp-json\/wp\/v2\/comments?post=21265"}],"version-history":[{"count":0,"href":"https:\/\/www.rgvbusinessjournal.com\/es\/wp-json\/wp\/v2\/posts\/21265\/revisions"}],"wp:featuredmedia":[{"embeddable":true,"href":"https:\/\/www.rgvbusinessjournal.com\/es\/wp-json\/wp\/v2\/media\/21273"}],"wp:attachment":[{"href":"https:\/\/www.rgvbusinessjournal.com\/es\/wp-json\/wp\/v2\/media?parent=21265"}],"wp:term":[{"taxonomy":"category","embeddable":true,"href":"https:\/\/www.rgvbusinessjournal.com\/es\/wp-json\/wp\/v2\/categories?post=21265"},{"taxonomy":"post_tag","embeddable":true,"href":"https:\/\/www.rgvbusinessjournal.com\/es\/wp-json\/wp\/v2\/tags?post=21265"}],"curies":[{"name":"wp","href":"https:\/\/api.w.org\/{rel}","templated":true}]}}