{"id":21278,"date":"2026-07-27T04:26:13","date_gmt":"2026-07-27T09:26:13","guid":{"rendered":"https:\/\/www.rgvbusinessjournal.com\/news\/27\/07\/2026\/la-sobrecarga-de-la-red-electrica-de-reynosa-esta-aumentando-los-costes-para-las-empresas-y-poniendo-en-peligro-la-inversion\/"},"modified":"2026-07-27T04:26:13","modified_gmt":"2026-07-27T09:26:13","slug":"la-sobrecarga-de-la-red-electrica-de-reynosa-esta-aumentando-los-costes-para-las-empresas-y-poniendo-en-peligro-la-inversion","status":"publish","type":"post","link":"https:\/\/www.rgvbusinessjournal.com\/es\/news\/27\/07\/2026\/la-sobrecarga-de-la-red-electrica-de-reynosa-esta-aumentando-los-costes-para-las-empresas-y-poniendo-en-peligro-la-inversion\/","title":{"rendered":"La sobrecarga de la red el\u00e9ctrica de Reynosa est\u00e1 aumentando los costes para las empresas y poniendo en peligro la inversi\u00f3n"},"content":{"rendered":"\n<p class=\"wp-block-paragraph\">REYNOSA, Tamaulipas \u2014 La anticuada red el\u00e9ctrica de Reynosa se est\u00e1 convirtiendo en un obst\u00e1culo cada vez mayor para el crecimiento empresarial y est\u00e1 obligando a las empresas a invertir en costosos sistemas de respaldo, al tiempo que limita la capacidad de la ciudad para atraer nuevos proyectos, seg\u00fan l\u00edderes empresariales y responsables gubernamentales.<\/p>\n\n\n\n<p class=\"wp-block-paragraph\">La C\u00e1mara Nacional de Comercio, Servicios y Turismo de Reynosa, o CANACO SERVYTUR Reynosa, calcula que un corte de electricidad en toda la ciudad podr\u00eda suponer un coste de 5,38 millones de pesos, es decir, unos 305 700 d\u00f3lares, por hora para el sector comercial y de servicios de la ciudad.\u00a0<\/p>\n\n\n\n<p class=\"wp-block-paragraph\">Mientras tanto, algunas empresas est\u00e1n invirtiendo millones de pesos en generadores de reserva solo para poder seguir funcionando durante los cortes de suministro.<\/p>\n\n\n\n<p class=\"wp-block-paragraph\">La CANACO de Reynosa ha se\u00f1alado que los cortes de electricidad, las interrupciones intermitentes del servicio y las fluctuaciones de tensi\u00f3n han afectado a las empresas y a miles de familias, adem\u00e1s de provocar trastornos en los hospitales, los sistemas de bombeo de agua potable, los equipos el\u00e9ctricos y otros servicios esenciales.<\/p>\n\n\n\n<h2 class=\"wp-block-heading\" id=\"h-the-problem-isn-t-electricity-it-s-delivering-it\">El problema no es la electricidad, sino su distribuci\u00f3n<\/h2>\n\n\n\n<p class=\"wp-block-paragraph\">Las autoridades estatales y locales afirman que Reynosa dispone de suficiente electricidad para satisfacer la demanda.<\/p>\n\n\n\n<p class=\"wp-block-paragraph\">El problema, seg\u00fan afirman, es que las instalaciones que suministran energ\u00eda \u2014incluidos los transformadores y las subestaciones\u2014 est\u00e1n sobrecargadas y ya no dan abasto, sobre todo durante el verano, cuando el consumo el\u00e9ctrico alcanza su punto \u00e1lgido.<\/p>\n\n\n<div class=\"wp-block-image\">\n<figure class=\"alignright size-full is-resized\"><img loading=\"lazy\" decoding=\"async\" width=\"171\" height=\"260\" src=\"https:\/\/www.rgvbusinessjournal.com\/wp-content\/uploads\/2026\/07\/DDCC3271-FBEB-40B8-9074-A79477EC23EA_4_5005_c.jpeg\" alt=\"Walter Juli\u00e1n \u00c1ngel Jim\u00e9nez\" class=\"wp-image-20857\" style=\"width:168px;height:auto\" srcset=\"https:\/\/www.rgvbusinessjournal.com\/wp-content\/uploads\/2026\/07\/DDCC3271-FBEB-40B8-9074-A79477EC23EA_4_5005_c.jpeg 171w, https:\/\/www.rgvbusinessjournal.com\/wp-content\/uploads\/2026\/07\/DDCC3271-FBEB-40B8-9074-A79477EC23EA_4_5005_c-151x230.jpeg 151w\" sizes=\"auto, (max-width: 171px) 100vw, 171px\" \/><figcaption class=\"wp-element-caption\">Walter Juli\u00e1n \u00c1ngel Jim\u00e9nez<\/figcaption><\/figure>\n<\/div>\n\n\n<p class=\"wp-block-paragraph\">El secretario de Desarrollo Energ\u00e9tico de Tamaulipas, Walter Juli\u00e1n \u00c1ngel Jim\u00e9nez, ha se\u00f1alado que Reynosa es uno de los municipios que registra un mayor n\u00famero de cortes de electricidad.<\/p>\n\n\n\n<p class=\"wp-block-paragraph\">\u00abLa energ\u00eda no es el problema; no lo ha sido en los \u00faltimos diez a\u00f1os\u00bb, afirm\u00f3 Jim\u00e9nez. \u00abEl problema es la red de distribuci\u00f3n y la transformaci\u00f3n\u00bb.<\/p>\n\n\n\n<p class=\"wp-block-paragraph\">Jim\u00e9nez afirm\u00f3 que los transformadores y las subestaciones sobrecargados se han convertido en los puntos m\u00e1s d\u00e9biles del sistema a medida que aumenta la demanda de electricidad durante los meses de verano.<\/p>\n\n\n\n<p class=\"wp-block-paragraph\">Para abordar este problema, se\u00f1al\u00f3 que la Comisi\u00f3n Federal de Electricidad (CFE) de M\u00e9xico est\u00e1 llevando a cabo un programa de modernizaci\u00f3n de la red el\u00e9ctrica en todo el estado de Tamaulipas, con un presupuesto de 1.2 mil millones de pesos, lo que equivale a unos 68,2 millones de d\u00f3lares. De esa cantidad, ya se est\u00e1n invirtiendo 560 millones de pesos \u2014unos 31,8 millones de d\u00f3lares\u2014 para sustituir transformadores, recalibrar circuitos el\u00e9ctricos y reforzar el sistema de distribuci\u00f3n el\u00e9ctrica del estado.<\/p>\n\n\n\n<p class=\"wp-block-paragraph\">Aun as\u00ed, Jim\u00e9nez afirm\u00f3 que estas medidas solo supondr\u00e1n un alivio temporal.<\/p>\n\n\n\n<p class=\"wp-block-paragraph\">\u00abLas medidas que se est\u00e1n tomando hoy servir\u00e1n para resolver temporalmente los problemas de suministro el\u00e9ctrico a corto plazo, pero, lamentablemente, no ser\u00e1n suficientes\u00bb, afirm\u00f3 Jim\u00e9nez.<\/p>\n\n\n\n<p class=\"wp-block-paragraph\">El secretario de Obras P\u00fablicas de Reynosa, Eduardo L\u00f3pez Arias, afirm\u00f3 que la red el\u00e9ctrica se ha convertido en uno de los mayores retos en materia de infraestructuras de la ciudad, en su esfuerzo por mantener su competitividad y atraer nuevas inversiones.<\/p>\n\n\n<div class=\"wp-block-image\">\n<figure class=\"alignright size-large is-resized\"><img loading=\"lazy\" decoding=\"async\" width=\"659\" height=\"1024\" src=\"https:\/\/www.rgvbusinessjournal.com\/wp-content\/uploads\/2026\/07\/EE0F49F9-83C2-4019-A1C3-250A130D33F2_1_201_a-659x1024.jpeg\" alt=\"Eduardo L\u00f3pez Arias\" class=\"wp-image-20855\" style=\"aspect-ratio:0.6435559850223457;width:165px;height:auto\" srcset=\"https:\/\/www.rgvbusinessjournal.com\/wp-content\/uploads\/2026\/07\/EE0F49F9-83C2-4019-A1C3-250A130D33F2_1_201_a-659x1024.jpeg 659w, https:\/\/www.rgvbusinessjournal.com\/wp-content\/uploads\/2026\/07\/EE0F49F9-83C2-4019-A1C3-250A130D33F2_1_201_a-193x300.jpeg 193w, https:\/\/www.rgvbusinessjournal.com\/wp-content\/uploads\/2026\/07\/EE0F49F9-83C2-4019-A1C3-250A130D33F2_1_201_a-768x1193.jpeg 768w, https:\/\/www.rgvbusinessjournal.com\/wp-content\/uploads\/2026\/07\/EE0F49F9-83C2-4019-A1C3-250A130D33F2_1_201_a-989x1536.jpeg 989w, https:\/\/www.rgvbusinessjournal.com\/wp-content\/uploads\/2026\/07\/EE0F49F9-83C2-4019-A1C3-250A130D33F2_1_201_a-1319x2048.jpeg 1319w, https:\/\/www.rgvbusinessjournal.com\/wp-content\/uploads\/2026\/07\/EE0F49F9-83C2-4019-A1C3-250A130D33F2_1_201_a-515x800.jpeg 515w, https:\/\/www.rgvbusinessjournal.com\/wp-content\/uploads\/2026\/07\/EE0F49F9-83C2-4019-A1C3-250A130D33F2_1_201_a-312x485.jpeg 312w, https:\/\/www.rgvbusinessjournal.com\/wp-content\/uploads\/2026\/07\/EE0F49F9-83C2-4019-A1C3-250A130D33F2_1_201_a-148x230.jpeg 148w, https:\/\/www.rgvbusinessjournal.com\/wp-content\/uploads\/2026\/07\/EE0F49F9-83C2-4019-A1C3-250A130D33F2_1_201_a-scaled.jpeg 1648w\" sizes=\"auto, (max-width: 659px) 100vw, 659px\" \/><figcaption class=\"wp-element-caption\">Eduardo L\u00f3pez Arias<\/figcaption><\/figure>\n<\/div>\n\n\n<p class=\"wp-block-paragraph\">Aunque Reynosa cuenta con suficiente capacidad de generaci\u00f3n el\u00e9ctrica, L\u00f3pez Arias se\u00f1al\u00f3 que carece de suficientes transformadores y subestaciones para distribuir esa energ\u00eda de forma fiable.<\/p>\n\n\n\n<p class=\"wp-block-paragraph\">\u00abTenemos electricidad. Lo que no tenemos es transformaci\u00f3n\u00bb, afirm\u00f3 L\u00f3pez Arias.<\/p>\n\n\n\n<p class=\"wp-block-paragraph\">Afirm\u00f3 que muchos de los transformadores de la ciudad ya est\u00e1n funcionando al l\u00edmite de su capacidad o casi.<\/p>\n\n\n\n<p class=\"wp-block-paragraph\">\u00abLos transformadores que tenemos repartidos por toda la ciudad tambi\u00e9n est\u00e1n saturados debido a las sobrecargas y a la baja tensi\u00f3n, y todo ello tiene un impacto significativo\u00bb, afirm\u00f3.<\/p>\n\n\n\n<p class=\"wp-block-paragraph\">Esas limitaciones, afirm\u00f3, ya est\u00e1n afectando a las oportunidades de desarrollo.<\/p>\n\n\n\n<p class=\"wp-block-paragraph\">\u00abHay parques industriales que dicen: \u201cQueremos desarrollar un parque industrial, pero no tenemos agua ni electricidad\u201d\u00bb, afirm\u00f3 L\u00f3pez Arias.<\/p>\n\n\n\n<h2 class=\"wp-block-heading\" id=\"h-businesses-invest-to-stay-open\">Las empresas invierten para seguir abiertas<\/h2>\n\n\n\n<p class=\"wp-block-paragraph\">Mientras las agencias gubernamentales trabajan para mejorar la red el\u00e9ctrica, algunas empresas est\u00e1n tomando cartas en el asunto por su cuenta.<\/p>\n\n\n<div class=\"wp-block-image\">\n<figure class=\"alignright size-large is-resized\"><img loading=\"lazy\" decoding=\"async\" width=\"625\" height=\"1024\" src=\"https:\/\/www.rgvbusinessjournal.com\/wp-content\/uploads\/2026\/07\/6AF60867-CDFB-47BF-9251-051A7BF7C5BB_1_201_a-625x1024.jpeg\" alt=\"Bernardo Santos\" class=\"wp-image-20856\" style=\"aspect-ratio:0.6103519881046992;width:178px;height:auto\" srcset=\"https:\/\/www.rgvbusinessjournal.com\/wp-content\/uploads\/2026\/07\/6AF60867-CDFB-47BF-9251-051A7BF7C5BB_1_201_a-625x1024.jpeg 625w, https:\/\/www.rgvbusinessjournal.com\/wp-content\/uploads\/2026\/07\/6AF60867-CDFB-47BF-9251-051A7BF7C5BB_1_201_a-183x300.jpeg 183w, https:\/\/www.rgvbusinessjournal.com\/wp-content\/uploads\/2026\/07\/6AF60867-CDFB-47BF-9251-051A7BF7C5BB_1_201_a-768x1258.jpeg 768w, https:\/\/www.rgvbusinessjournal.com\/wp-content\/uploads\/2026\/07\/6AF60867-CDFB-47BF-9251-051A7BF7C5BB_1_201_a-938x1536.jpeg 938w, https:\/\/www.rgvbusinessjournal.com\/wp-content\/uploads\/2026\/07\/6AF60867-CDFB-47BF-9251-051A7BF7C5BB_1_201_a-1251x2048.jpeg 1251w, https:\/\/www.rgvbusinessjournal.com\/wp-content\/uploads\/2026\/07\/6AF60867-CDFB-47BF-9251-051A7BF7C5BB_1_201_a-488x800.jpeg 488w, https:\/\/www.rgvbusinessjournal.com\/wp-content\/uploads\/2026\/07\/6AF60867-CDFB-47BF-9251-051A7BF7C5BB_1_201_a-296x485.jpeg 296w, https:\/\/www.rgvbusinessjournal.com\/wp-content\/uploads\/2026\/07\/6AF60867-CDFB-47BF-9251-051A7BF7C5BB_1_201_a-140x230.jpeg 140w, https:\/\/www.rgvbusinessjournal.com\/wp-content\/uploads\/2026\/07\/6AF60867-CDFB-47BF-9251-051A7BF7C5BB_1_201_a-scaled.jpeg 1563w\" sizes=\"auto, (max-width: 625px) 100vw, 625px\" \/><figcaption class=\"wp-element-caption\">Bernardo Santos<\/figcaption><\/figure>\n<\/div>\n\n\n<p class=\"wp-block-paragraph\">Su Bodega Longoria instal\u00f3 un generador de emergencia hace unos dos a\u00f1os, con un coste de entre 2 y 3 millones de pesos, es decir, entre unos 114 000 y 170 000 d\u00f3lares, seg\u00fan el subdirector Bernardo Santos.<\/p>\n\n\n\n<p class=\"wp-block-paragraph\">El generador se pone en marcha autom\u00e1ticamente en menos de un minuto cada vez que se produce un corte de corriente.<\/p>\n\n\n\n<p class=\"wp-block-paragraph\">\u00abSin un generador, el funcionamiento de la tienda se paralizar\u00eda pr\u00e1cticamente por completo\u00bb, afirm\u00f3 Santos.<\/p>\n\n\n\n<p class=\"wp-block-paragraph\">Santos calcul\u00f3 que la tienda perder\u00eda entre 400 000 y 500 000 pesos, es decir, entre unos 22 700 y 28 400 d\u00f3lares, en ventas si se quedara sin electricidad durante todo un d\u00eda.<\/p>\n\n\n\n<p class=\"wp-block-paragraph\">Incluso con el generador de reserva, las fluctuaciones de tensi\u00f3n siguen suponiendo un riesgo importante.<\/p>\n\n\n\n<p class=\"wp-block-paragraph\">\u00abLas ca\u00eddas de tensi\u00f3n son lo que m\u00e1s afecta a nuestros equipos. Un compresor puede llegar a quemarse\u00bb, afirm\u00f3 Santos, refiri\u00e9ndose a los sistemas de refrigeraci\u00f3n y aire acondicionado de la tienda.<\/p>\n\n\n\n<p class=\"wp-block-paragraph\">Antes de instalar el generador, Santos explic\u00f3 que la tienda sol\u00eda tener que cerrar entre dos y tres horas cada vez que se produc\u00edan cortes de electricidad durante los periodos de m\u00e1xima demanda el\u00e9ctrica.<\/p>\n\n\n\n<h2 class=\"wp-block-heading\" id=\"h-a-growing-business-concern\">Una preocupaci\u00f3n empresarial cada vez mayor<\/h2>\n\n\n\n<p class=\"wp-block-paragraph\">Seg\u00fan el An\u00e1lisis de Vulnerabilidad Energ\u00e9tica de la CANACO, el 77,9 % del impacto econ\u00f3mico de un corte de suministro el\u00e9ctrico provendr\u00eda de la p\u00e9rdida de ventas. Otro 16,9 % se deber\u00eda a la merma de mercanc\u00edas y a las interrupciones en la cadena de fr\u00edo, mientras que el 5,2 % provendr\u00eda de los salarios pagados durante las interrupciones de la actividad empresarial.<\/p>\n\n\n\n<p class=\"wp-block-paragraph\">Para Gildardo L\u00f3pez Hinojosa, presidente de CANACO SERVYTUR Reynosa, un servicio el\u00e9ctrico fiable se ha convertido en algo esencial para el futuro econ\u00f3mico de la ciudad.<\/p>\n\n\n\n<p class=\"wp-block-paragraph\">\u00abLa electricidad ha dejado de ser un mero servicio p\u00fablico; hoy en d\u00eda es un factor estrat\u00e9gico para la competitividad, la inversi\u00f3n, la creaci\u00f3n de empleo y la calidad de vida de nuestros ciudadanos\u00bb, afirm\u00f3 L\u00f3pez Hinojosa.<\/p>\n\n\n\n<p class=\"wp-block-paragraph\">La organizaci\u00f3n empresarial inst\u00f3 a las autoridades a modernizar las subestaciones, ampliar la capacidad de distribuci\u00f3n el\u00e9ctrica de la ciudad y reforzar el mantenimiento preventivo en toda la red el\u00e9ctrica.<\/p>\n\n\n\n<p class=\"wp-block-paragraph\">L\u00f3pez Hinojosa afirm\u00f3 que la infraestructura de Reynosa debe evolucionar al mismo ritmo que su econom\u00eda.<\/p>\n\n\n\n<p class=\"wp-block-paragraph\">\u00abReynosa necesita una infraestructura energ\u00e9tica que se adapte a su perfil industrial, comercial y de servicios\u00bb, afirm\u00f3 L\u00f3pez Hinojosa.<\/p>\n","protected":false},"excerpt":{"rendered":"<p>Los l\u00edderes empresariales calculan que un corte de electricidad en toda la ciudad podr\u00eda suponer un coste de m\u00e1s de 305 000 d\u00f3lares por hora para el sector comercial y de servicios de Reynosa.<\/p>\n","protected":false},"author":16,"featured_media":21280,"comment_status":"","ping_status":"","sticky":false,"template":"","format":"standard","meta":{"_acf_changed":false,"post_views_count":256,"footnotes":""},"categories":[4,9,110,789,759,1280,816,107,16],"tags":[141,2099,715,138,65,67,441,125,1153,169,185],"class_list":["post-21278","post","type-post","status-publish","format-standard","has-post-thumbnail","hentry","category-commercial-real-estate","category-energy","category-industrial-real-estate","category-infrastructure","category-international-trade","category-manufacturing","category-mexico","category-real-estate","category-residential-real-estate","tag-business","tag-canaco-reynosa","tag-cfe","tag-economic-development","tag-electricity","tag-infrastructure","tag-manufacturing","tag-mexico","tag-power-grid","tag-reynosa","tag-tamaulipas"],"acf":{"is_features_post":["yes"],"is_sponser":"","hide_author":"","hide_author_biography":""},"yoast_head":"<!-- This site is optimized with the Yoast SEO Premium plugin v28.3 (Yoast SEO v28.3) - https:\/\/yoast.com\/product\/yoast-seo-premium-wordpress\/ -->\n<title>Reynosa\u2019s aging power grid raises business costs, threatens future investment<\/title>\n<meta name=\"description\" content=\"Business leaders estimate a citywide power outage could cost Reynosa\u2019s commerce and services sector more than $305,000 per hour.\" \/>\n<meta name=\"robots\" content=\"index, follow, max-snippet:-1, max-image-preview:large, max-video-preview:-1\" \/>\n<link rel=\"canonical\" href=\"https:\/\/www.rgvbusinessjournal.com\/es\/news\/27\/07\/2026\/la-sobrecarga-de-la-red-electrica-de-reynosa-esta-aumentando-los-costes-para-las-empresas-y-poniendo-en-peligro-la-inversion\/\" \/>\n<meta property=\"og:locale\" content=\"es_ES\" \/>\n<meta property=\"og:type\" content=\"article\" \/>\n<meta property=\"og:title\" content=\"Reynosa\u2019s aging power grid raises business costs, threatens future investment\" \/>\n<meta property=\"og:description\" content=\"Business leaders estimate a citywide power outage could cost Reynosa\u2019s commerce and services sector more than $305,000 per hour.\" \/>\n<meta property=\"og:url\" content=\"https:\/\/www.rgvbusinessjournal.com\/es\/news\/27\/07\/2026\/la-sobrecarga-de-la-red-electrica-de-reynosa-esta-aumentando-los-costes-para-las-empresas-y-poniendo-en-peligro-la-inversion\/\" \/>\n<meta property=\"og:site_name\" content=\"Rio Grande Valley Business Journal\" \/>\n<meta property=\"article:publisher\" content=\"https:\/\/www.facebook.com\/RGVBizJournal\/\" \/>\n<meta property=\"article:published_time\" content=\"2026-07-27T09:26:13+00:00\" \/>\n<meta property=\"og:image\" content=\"https:\/\/www.rgvbusinessjournal.com\/wp-content\/uploads\/2026\/07\/96F2D083-B2AB-4B4C-B3A3-E2F38478016D_1_201_a.jpeg\" \/>\n\t<meta property=\"og:image:width\" content=\"1251\" \/>\n\t<meta property=\"og:image:height\" content=\"938\" \/>\n\t<meta property=\"og:image:type\" content=\"image\/jpeg\" \/>\n<meta name=\"author\" content=\"Anayancy Ulloa\" \/>\n<meta name=\"twitter:card\" content=\"summary_large_image\" \/>\n<meta name=\"twitter:title\" content=\"La sobrecarga de la red el\u00e9ctrica de Reynosa est\u00e1 aumentando los costes para las empresas y poniendo en peligro la inversi\u00f3n\" \/>\n<meta name=\"twitter:description\" content=\"RGV Business Journal covers business news in the Rio Grande Valley of Texas and the Mexican cities of Reynosa and Matamoros.\" \/>\n<meta name=\"twitter:creator\" content=\"@RGVBizJournal\" \/>\n<meta name=\"twitter:site\" content=\"@RGVBizJournal\" \/>\n<meta name=\"twitter:label1\" content=\"Written by\" \/>\n\t<meta name=\"twitter:data1\" content=\"Anayancy Ulloa\" \/>\n\t<meta name=\"twitter:label2\" content=\"Est. reading time\" \/>\n\t<meta name=\"twitter:data2\" content=\"5 minutes\" \/>\n<script type=\"application\/ld+json\" class=\"yoast-schema-graph\">{\"@context\":\"https:\\\/\\\/schema.org\",\"@graph\":[{\"@type\":\"NewsArticle\",\"@id\":\"https:\\\/\\\/www.rgvbusinessjournal.com\\\/es\\\/news\\\/27\\\/07\\\/2026\\\/la-sobrecarga-de-la-red-electrica-de-reynosa-esta-aumentando-los-costes-para-las-empresas-y-poniendo-en-peligro-la-inversion\\\/#article\",\"isPartOf\":{\"@id\":\"https:\\\/\\\/www.rgvbusinessjournal.com\\\/es\\\/news\\\/27\\\/07\\\/2026\\\/la-sobrecarga-de-la-red-electrica-de-reynosa-esta-aumentando-los-costes-para-las-empresas-y-poniendo-en-peligro-la-inversion\\\/\"},\"author\":{\"name\":\"Anayancy Ulloa\",\"@id\":\"https:\\\/\\\/www.rgvbusinessjournal.com\\\/es\\\/#\\\/schema\\\/person\\\/6916ceff833bba09c2845843d50459ed\"},\"headline\":\"La sobrecarga de la red el\u00e9ctrica de Reynosa est\u00e1 aumentando los costes para las empresas y poniendo en peligro la inversi\u00f3n\",\"datePublished\":\"2026-07-27T09:26:13+00:00\",\"mainEntityOfPage\":{\"@id\":\"https:\\\/\\\/www.rgvbusinessjournal.com\\\/es\\\/news\\\/27\\\/07\\\/2026\\\/la-sobrecarga-de-la-red-electrica-de-reynosa-esta-aumentando-los-costes-para-las-empresas-y-poniendo-en-peligro-la-inversion\\\/\"},\"wordCount\":1141,\"publisher\":{\"@id\":\"https:\\\/\\\/www.rgvbusinessjournal.com\\\/es\\\/#organization\"},\"image\":{\"@id\":\"https:\\\/\\\/www.rgvbusinessjournal.com\\\/es\\\/news\\\/27\\\/07\\\/2026\\\/la-sobrecarga-de-la-red-electrica-de-reynosa-esta-aumentando-los-costes-para-las-empresas-y-poniendo-en-peligro-la-inversion\\\/#primaryimage\"},\"thumbnailUrl\":\"https:\\\/\\\/www.rgvbusinessjournal.com\\\/wp-content\\\/uploads\\\/2026\\\/07\\\/96F2D083-B2AB-4B4C-B3A3-E2F38478016D_1_201_a.jpeg\",\"keywords\":[\"Business\",\"Canaco Reynosa\",\"CFE\",\"economic development\",\"Electricity\",\"Infrastructure\",\"manufacturing\",\"Mexico\",\"power grid\",\"Reynosa\",\"Tamaulipas\"],\"articleSection\":[\"Commercial Real Estate\",\"Energy\",\"Industrial Real Estate\",\"Infrastructure\",\"International trade\",\"Manufacturing\",\"Mexico\",\"Real Estate\",\"Residential Real Estate\"],\"inLanguage\":\"es-ES\"},{\"@type\":\"WebPage\",\"@id\":\"https:\\\/\\\/www.rgvbusinessjournal.com\\\/es\\\/news\\\/27\\\/07\\\/2026\\\/la-sobrecarga-de-la-red-electrica-de-reynosa-esta-aumentando-los-costes-para-las-empresas-y-poniendo-en-peligro-la-inversion\\\/\",\"url\":\"https:\\\/\\\/www.rgvbusinessjournal.com\\\/es\\\/news\\\/27\\\/07\\\/2026\\\/la-sobrecarga-de-la-red-electrica-de-reynosa-esta-aumentando-los-costes-para-las-empresas-y-poniendo-en-peligro-la-inversion\\\/\",\"name\":\"Reynosa\u2019s aging power grid raises business costs, threatens future investment\",\"isPartOf\":{\"@id\":\"https:\\\/\\\/www.rgvbusinessjournal.com\\\/es\\\/#website\"},\"primaryImageOfPage\":{\"@id\":\"https:\\\/\\\/www.rgvbusinessjournal.com\\\/es\\\/news\\\/27\\\/07\\\/2026\\\/la-sobrecarga-de-la-red-electrica-de-reynosa-esta-aumentando-los-costes-para-las-empresas-y-poniendo-en-peligro-la-inversion\\\/#primaryimage\"},\"image\":{\"@id\":\"https:\\\/\\\/www.rgvbusinessjournal.com\\\/es\\\/news\\\/27\\\/07\\\/2026\\\/la-sobrecarga-de-la-red-electrica-de-reynosa-esta-aumentando-los-costes-para-las-empresas-y-poniendo-en-peligro-la-inversion\\\/#primaryimage\"},\"thumbnailUrl\":\"https:\\\/\\\/www.rgvbusinessjournal.com\\\/wp-content\\\/uploads\\\/2026\\\/07\\\/96F2D083-B2AB-4B4C-B3A3-E2F38478016D_1_201_a.jpeg\",\"datePublished\":\"2026-07-27T09:26:13+00:00\",\"description\":\"Business leaders estimate a citywide power outage could cost Reynosa\u2019s commerce and services sector more than $305,000 per hour.\",\"breadcrumb\":{\"@id\":\"https:\\\/\\\/www.rgvbusinessjournal.com\\\/es\\\/news\\\/27\\\/07\\\/2026\\\/la-sobrecarga-de-la-red-electrica-de-reynosa-esta-aumentando-los-costes-para-las-empresas-y-poniendo-en-peligro-la-inversion\\\/#breadcrumb\"},\"inLanguage\":\"es-ES\",\"potentialAction\":[{\"@type\":\"ReadAction\",\"target\":[\"https:\\\/\\\/www.rgvbusinessjournal.com\\\/es\\\/news\\\/27\\\/07\\\/2026\\\/la-sobrecarga-de-la-red-electrica-de-reynosa-esta-aumentando-los-costes-para-las-empresas-y-poniendo-en-peligro-la-inversion\\\/\"]}]},{\"@type\":\"ImageObject\",\"inLanguage\":\"es-ES\",\"@id\":\"https:\\\/\\\/www.rgvbusinessjournal.com\\\/es\\\/news\\\/27\\\/07\\\/2026\\\/la-sobrecarga-de-la-red-electrica-de-reynosa-esta-aumentando-los-costes-para-las-empresas-y-poniendo-en-peligro-la-inversion\\\/#primaryimage\",\"url\":\"https:\\\/\\\/www.rgvbusinessjournal.com\\\/wp-content\\\/uploads\\\/2026\\\/07\\\/96F2D083-B2AB-4B4C-B3A3-E2F38478016D_1_201_a.jpeg\",\"contentUrl\":\"https:\\\/\\\/www.rgvbusinessjournal.com\\\/wp-content\\\/uploads\\\/2026\\\/07\\\/96F2D083-B2AB-4B4C-B3A3-E2F38478016D_1_201_a.jpeg\",\"width\":1251,\"height\":938,\"caption\":\"Un trabajador de la Comisi\u00f3n Federal de Electricidad (CFE) de M\u00e9xico realiza tareas de mantenimiento en la infraestructura de distribuci\u00f3n el\u00e9ctrica de Reynosa. Cortes\u00eda de | Comisi\u00f3n Federal de Electricidad (CFE)\"},{\"@type\":\"BreadcrumbList\",\"@id\":\"https:\\\/\\\/www.rgvbusinessjournal.com\\\/es\\\/news\\\/27\\\/07\\\/2026\\\/la-sobrecarga-de-la-red-electrica-de-reynosa-esta-aumentando-los-costes-para-las-empresas-y-poniendo-en-peligro-la-inversion\\\/#breadcrumb\",\"itemListElement\":[{\"@type\":\"ListItem\",\"position\":1,\"name\":\"Home\",\"item\":\"https:\\\/\\\/www.rgvbusinessjournal.com\\\/es\\\/inicio\\\/\"},{\"@type\":\"ListItem\",\"position\":2,\"name\":\"La sobrecarga de la red el\u00e9ctrica de Reynosa est\u00e1 aumentando los costes para las empresas y poniendo en peligro la inversi\u00f3n\"}]},{\"@type\":\"WebSite\",\"@id\":\"https:\\\/\\\/www.rgvbusinessjournal.com\\\/es\\\/#website\",\"url\":\"https:\\\/\\\/www.rgvbusinessjournal.com\\\/es\\\/\",\"name\":\"Rio Grande Valley Business Journal\",\"description\":\"\",\"publisher\":{\"@id\":\"https:\\\/\\\/www.rgvbusinessjournal.com\\\/es\\\/#organization\"},\"potentialAction\":[{\"@type\":\"SearchAction\",\"target\":{\"@type\":\"EntryPoint\",\"urlTemplate\":\"https:\\\/\\\/www.rgvbusinessjournal.com\\\/es\\\/?s={search_term_string}\"},\"query-input\":{\"@type\":\"PropertyValueSpecification\",\"valueRequired\":true,\"valueName\":\"search_term_string\"}}],\"inLanguage\":\"es-ES\"},{\"@type\":\"Organization\",\"@id\":\"https:\\\/\\\/www.rgvbusinessjournal.com\\\/es\\\/#organization\",\"name\":\"Rio Grande Valley Business Journal\",\"alternateName\":\"RGV Business Journal\",\"url\":\"https:\\\/\\\/www.rgvbusinessjournal.com\\\/es\\\/\",\"logo\":{\"@type\":\"ImageObject\",\"inLanguage\":\"es-ES\",\"@id\":\"https:\\\/\\\/www.rgvbusinessjournal.com\\\/es\\\/#\\\/schema\\\/logo\\\/image\\\/\",\"url\":\"https:\\\/\\\/www.rgvbusinessjournal.com\\\/wp-content\\\/uploads\\\/2026\\\/01\\\/535504352_122102206586984207_2702720257970470495_n.jpg\",\"contentUrl\":\"https:\\\/\\\/www.rgvbusinessjournal.com\\\/wp-content\\\/uploads\\\/2026\\\/01\\\/535504352_122102206586984207_2702720257970470495_n.jpg\",\"width\":1000,\"height\":1000,\"caption\":\"Rio Grande Valley Business Journal\"},\"image\":{\"@id\":\"https:\\\/\\\/www.rgvbusinessjournal.com\\\/es\\\/#\\\/schema\\\/logo\\\/image\\\/\"},\"sameAs\":[\"https:\\\/\\\/www.facebook.com\\\/RGVBizJournal\\\/\",\"https:\\\/\\\/x.com\\\/RGVBizJournal\",\"https:\\\/\\\/www.linkedin.com\\\/company\\\/rio-grande-valley-business-journal\\\/\",\"https:\\\/\\\/www.youtube.com\\\/@RGVBizJournal\",\"https:\\\/\\\/www.instagram.com\\\/rgvbiznews\\\/\",\"https:\\\/\\\/www.tiktok.com\\\/@rgvbizjournal\"],\"description\":\"The Rio Grande Valley Business Journal is a digital-first newsroom focused on business, economic trends, real estate, healthcare, and regional developments in South Texas (Cameron, Hidalgo, Starr, and Willacy counties) and nearby Mexican industrial cities like Reynosa and Matamoros. It provides impartial reporting, data analyses, and insights for decision-makers in a fast-growing binational corridor home to nearly three million people and billions in annual trade.\",\"naics\":\"511110\"},{\"@type\":\"Person\",\"@id\":\"https:\\\/\\\/www.rgvbusinessjournal.com\\\/es\\\/#\\\/schema\\\/person\\\/6916ceff833bba09c2845843d50459ed\",\"name\":\"Anayancy Ulloa\",\"image\":{\"@type\":\"ImageObject\",\"inLanguage\":\"es-ES\",\"@id\":\"https:\\\/\\\/secure.gravatar.com\\\/avatar\\\/9f6b255f9a7692cc73d7506de1b4cbe5ccca3c8da92ccf31e82be50d3df58ec0?s=96&r=g\",\"url\":\"https:\\\/\\\/secure.gravatar.com\\\/avatar\\\/9f6b255f9a7692cc73d7506de1b4cbe5ccca3c8da92ccf31e82be50d3df58ec0?s=96&r=g\",\"contentUrl\":\"https:\\\/\\\/secure.gravatar.com\\\/avatar\\\/9f6b255f9a7692cc73d7506de1b4cbe5ccca3c8da92ccf31e82be50d3df58ec0?s=96&r=g\",\"caption\":\"Anayancy Ulloa\"},\"url\":\"https:\\\/\\\/www.rgvbusinessjournal.com\\\/es\\\/news\\\/author\\\/anayancy-ulloa\\\/\"}]}<\/script>\n<!-- \/ Yoast SEO Premium plugin. -->","yoast_head_json":{"title":"Reynosa\u2019s aging power grid raises business costs, threatens future investment","description":"Business leaders estimate a citywide power outage could cost Reynosa\u2019s commerce and services sector more than $305,000 per hour.","robots":{"index":"index","follow":"follow","max-snippet":"max-snippet:-1","max-image-preview":"max-image-preview:large","max-video-preview":"max-video-preview:-1"},"canonical":"https:\/\/www.rgvbusinessjournal.com\/es\/news\/27\/07\/2026\/la-sobrecarga-de-la-red-electrica-de-reynosa-esta-aumentando-los-costes-para-las-empresas-y-poniendo-en-peligro-la-inversion\/","og_locale":"es_ES","og_type":"article","og_title":"Reynosa\u2019s aging power grid raises business costs, threatens future investment","og_description":"Business leaders estimate a citywide power outage could cost Reynosa\u2019s commerce and services sector more than $305,000 per hour.","og_url":"https:\/\/www.rgvbusinessjournal.com\/es\/news\/27\/07\/2026\/la-sobrecarga-de-la-red-electrica-de-reynosa-esta-aumentando-los-costes-para-las-empresas-y-poniendo-en-peligro-la-inversion\/","og_site_name":"Rio Grande Valley Business Journal","article_publisher":"https:\/\/www.facebook.com\/RGVBizJournal\/","article_published_time":"2026-07-27T09:26:13+00:00","og_image":[{"width":1251,"height":938,"url":"https:\/\/www.rgvbusinessjournal.com\/wp-content\/uploads\/2026\/07\/96F2D083-B2AB-4B4C-B3A3-E2F38478016D_1_201_a.jpeg","type":"image\/jpeg"}],"author":"Anayancy Ulloa","twitter_card":"summary_large_image","twitter_title":"La sobrecarga de la red el\u00e9ctrica de Reynosa est\u00e1 aumentando los costes para las empresas y poniendo en peligro la inversi\u00f3n","twitter_description":"RGV Business Journal covers business news in the Rio Grande Valley of Texas and the Mexican cities of Reynosa and Matamoros.","twitter_creator":"@RGVBizJournal","twitter_site":"@RGVBizJournal","twitter_misc":{"Written by":"Anayancy Ulloa","Est. reading time":"5 minutes"},"schema":{"@context":"https:\/\/schema.org","@graph":[{"@type":"NewsArticle","@id":"https:\/\/www.rgvbusinessjournal.com\/es\/news\/27\/07\/2026\/la-sobrecarga-de-la-red-electrica-de-reynosa-esta-aumentando-los-costes-para-las-empresas-y-poniendo-en-peligro-la-inversion\/#article","isPartOf":{"@id":"https:\/\/www.rgvbusinessjournal.com\/es\/news\/27\/07\/2026\/la-sobrecarga-de-la-red-electrica-de-reynosa-esta-aumentando-los-costes-para-las-empresas-y-poniendo-en-peligro-la-inversion\/"},"author":{"name":"Anayancy Ulloa","@id":"https:\/\/www.rgvbusinessjournal.com\/es\/#\/schema\/person\/6916ceff833bba09c2845843d50459ed"},"headline":"La sobrecarga de la red el\u00e9ctrica de Reynosa est\u00e1 aumentando los costes para las empresas y poniendo en peligro la inversi\u00f3n","datePublished":"2026-07-27T09:26:13+00:00","mainEntityOfPage":{"@id":"https:\/\/www.rgvbusinessjournal.com\/es\/news\/27\/07\/2026\/la-sobrecarga-de-la-red-electrica-de-reynosa-esta-aumentando-los-costes-para-las-empresas-y-poniendo-en-peligro-la-inversion\/"},"wordCount":1141,"publisher":{"@id":"https:\/\/www.rgvbusinessjournal.com\/es\/#organization"},"image":{"@id":"https:\/\/www.rgvbusinessjournal.com\/es\/news\/27\/07\/2026\/la-sobrecarga-de-la-red-electrica-de-reynosa-esta-aumentando-los-costes-para-las-empresas-y-poniendo-en-peligro-la-inversion\/#primaryimage"},"thumbnailUrl":"https:\/\/www.rgvbusinessjournal.com\/wp-content\/uploads\/2026\/07\/96F2D083-B2AB-4B4C-B3A3-E2F38478016D_1_201_a.jpeg","keywords":["Business","Canaco Reynosa","CFE","economic development","Electricity","Infrastructure","manufacturing","Mexico","power grid","Reynosa","Tamaulipas"],"articleSection":["Commercial Real Estate","Energy","Industrial Real Estate","Infrastructure","International trade","Manufacturing","Mexico","Real Estate","Residential Real Estate"],"inLanguage":"es-ES"},{"@type":"WebPage","@id":"https:\/\/www.rgvbusinessjournal.com\/es\/news\/27\/07\/2026\/la-sobrecarga-de-la-red-electrica-de-reynosa-esta-aumentando-los-costes-para-las-empresas-y-poniendo-en-peligro-la-inversion\/","url":"https:\/\/www.rgvbusinessjournal.com\/es\/news\/27\/07\/2026\/la-sobrecarga-de-la-red-electrica-de-reynosa-esta-aumentando-los-costes-para-las-empresas-y-poniendo-en-peligro-la-inversion\/","name":"Reynosa\u2019s aging power grid raises business costs, threatens future investment","isPartOf":{"@id":"https:\/\/www.rgvbusinessjournal.com\/es\/#website"},"primaryImageOfPage":{"@id":"https:\/\/www.rgvbusinessjournal.com\/es\/news\/27\/07\/2026\/la-sobrecarga-de-la-red-electrica-de-reynosa-esta-aumentando-los-costes-para-las-empresas-y-poniendo-en-peligro-la-inversion\/#primaryimage"},"image":{"@id":"https:\/\/www.rgvbusinessjournal.com\/es\/news\/27\/07\/2026\/la-sobrecarga-de-la-red-electrica-de-reynosa-esta-aumentando-los-costes-para-las-empresas-y-poniendo-en-peligro-la-inversion\/#primaryimage"},"thumbnailUrl":"https:\/\/www.rgvbusinessjournal.com\/wp-content\/uploads\/2026\/07\/96F2D083-B2AB-4B4C-B3A3-E2F38478016D_1_201_a.jpeg","datePublished":"2026-07-27T09:26:13+00:00","description":"Business leaders estimate a citywide power outage could cost Reynosa\u2019s commerce and services sector more than $305,000 per hour.","breadcrumb":{"@id":"https:\/\/www.rgvbusinessjournal.com\/es\/news\/27\/07\/2026\/la-sobrecarga-de-la-red-electrica-de-reynosa-esta-aumentando-los-costes-para-las-empresas-y-poniendo-en-peligro-la-inversion\/#breadcrumb"},"inLanguage":"es-ES","potentialAction":[{"@type":"ReadAction","target":["https:\/\/www.rgvbusinessjournal.com\/es\/news\/27\/07\/2026\/la-sobrecarga-de-la-red-electrica-de-reynosa-esta-aumentando-los-costes-para-las-empresas-y-poniendo-en-peligro-la-inversion\/"]}]},{"@type":"ImageObject","inLanguage":"es-ES","@id":"https:\/\/www.rgvbusinessjournal.com\/es\/news\/27\/07\/2026\/la-sobrecarga-de-la-red-electrica-de-reynosa-esta-aumentando-los-costes-para-las-empresas-y-poniendo-en-peligro-la-inversion\/#primaryimage","url":"https:\/\/www.rgvbusinessjournal.com\/wp-content\/uploads\/2026\/07\/96F2D083-B2AB-4B4C-B3A3-E2F38478016D_1_201_a.jpeg","contentUrl":"https:\/\/www.rgvbusinessjournal.com\/wp-content\/uploads\/2026\/07\/96F2D083-B2AB-4B4C-B3A3-E2F38478016D_1_201_a.jpeg","width":1251,"height":938,"caption":"Un trabajador de la Comisi\u00f3n Federal de Electricidad (CFE) de M\u00e9xico realiza tareas de mantenimiento en la infraestructura de distribuci\u00f3n el\u00e9ctrica de Reynosa. Cortes\u00eda de | Comisi\u00f3n Federal de Electricidad (CFE)"},{"@type":"BreadcrumbList","@id":"https:\/\/www.rgvbusinessjournal.com\/es\/news\/27\/07\/2026\/la-sobrecarga-de-la-red-electrica-de-reynosa-esta-aumentando-los-costes-para-las-empresas-y-poniendo-en-peligro-la-inversion\/#breadcrumb","itemListElement":[{"@type":"ListItem","position":1,"name":"Home","item":"https:\/\/www.rgvbusinessjournal.com\/es\/inicio\/"},{"@type":"ListItem","position":2,"name":"La sobrecarga de la red el\u00e9ctrica de Reynosa est\u00e1 aumentando los costes para las empresas y poniendo en peligro la inversi\u00f3n"}]},{"@type":"WebSite","@id":"https:\/\/www.rgvbusinessjournal.com\/es\/#website","url":"https:\/\/www.rgvbusinessjournal.com\/es\/","name":"Rio Grande Valley Business Journal","description":"","publisher":{"@id":"https:\/\/www.rgvbusinessjournal.com\/es\/#organization"},"potentialAction":[{"@type":"SearchAction","target":{"@type":"EntryPoint","urlTemplate":"https:\/\/www.rgvbusinessjournal.com\/es\/?s={search_term_string}"},"query-input":{"@type":"PropertyValueSpecification","valueRequired":true,"valueName":"search_term_string"}}],"inLanguage":"es-ES"},{"@type":"Organization","@id":"https:\/\/www.rgvbusinessjournal.com\/es\/#organization","name":"Rio Grande Valley Business Journal","alternateName":"RGV Business Journal","url":"https:\/\/www.rgvbusinessjournal.com\/es\/","logo":{"@type":"ImageObject","inLanguage":"es-ES","@id":"https:\/\/www.rgvbusinessjournal.com\/es\/#\/schema\/logo\/image\/","url":"https:\/\/www.rgvbusinessjournal.com\/wp-content\/uploads\/2026\/01\/535504352_122102206586984207_2702720257970470495_n.jpg","contentUrl":"https:\/\/www.rgvbusinessjournal.com\/wp-content\/uploads\/2026\/01\/535504352_122102206586984207_2702720257970470495_n.jpg","width":1000,"height":1000,"caption":"Rio Grande Valley Business Journal"},"image":{"@id":"https:\/\/www.rgvbusinessjournal.com\/es\/#\/schema\/logo\/image\/"},"sameAs":["https:\/\/www.facebook.com\/RGVBizJournal\/","https:\/\/x.com\/RGVBizJournal","https:\/\/www.linkedin.com\/company\/rio-grande-valley-business-journal\/","https:\/\/www.youtube.com\/@RGVBizJournal","https:\/\/www.instagram.com\/rgvbiznews\/","https:\/\/www.tiktok.com\/@rgvbizjournal"],"description":"The Rio Grande Valley Business Journal is a digital-first newsroom focused on business, economic trends, real estate, healthcare, and regional developments in South Texas (Cameron, Hidalgo, Starr, and Willacy counties) and nearby Mexican industrial cities like Reynosa and Matamoros. It provides impartial reporting, data analyses, and insights for decision-makers in a fast-growing binational corridor home to nearly three million people and billions in annual trade.","naics":"511110"},{"@type":"Person","@id":"https:\/\/www.rgvbusinessjournal.com\/es\/#\/schema\/person\/6916ceff833bba09c2845843d50459ed","name":"Anayancy Ulloa","image":{"@type":"ImageObject","inLanguage":"es-ES","@id":"https:\/\/secure.gravatar.com\/avatar\/9f6b255f9a7692cc73d7506de1b4cbe5ccca3c8da92ccf31e82be50d3df58ec0?s=96&r=g","url":"https:\/\/secure.gravatar.com\/avatar\/9f6b255f9a7692cc73d7506de1b4cbe5ccca3c8da92ccf31e82be50d3df58ec0?s=96&r=g","contentUrl":"https:\/\/secure.gravatar.com\/avatar\/9f6b255f9a7692cc73d7506de1b4cbe5ccca3c8da92ccf31e82be50d3df58ec0?s=96&r=g","caption":"Anayancy Ulloa"},"url":"https:\/\/www.rgvbusinessjournal.com\/es\/news\/author\/anayancy-ulloa\/"}]}},"preview_block_count":4,"is_paywalled":false,"_links":{"self":[{"href":"https:\/\/www.rgvbusinessjournal.com\/es\/wp-json\/wp\/v2\/posts\/21278","targetHints":{"allow":["GET"]}}],"collection":[{"href":"https:\/\/www.rgvbusinessjournal.com\/es\/wp-json\/wp\/v2\/posts"}],"about":[{"href":"https:\/\/www.rgvbusinessjournal.com\/es\/wp-json\/wp\/v2\/types\/post"}],"author":[{"embeddable":true,"href":"https:\/\/www.rgvbusinessjournal.com\/es\/wp-json\/wp\/v2\/users\/16"}],"replies":[{"embeddable":true,"href":"https:\/\/www.rgvbusinessjournal.com\/es\/wp-json\/wp\/v2\/comments?post=21278"}],"version-history":[{"count":0,"href":"https:\/\/www.rgvbusinessjournal.com\/es\/wp-json\/wp\/v2\/posts\/21278\/revisions"}],"wp:featuredmedia":[{"embeddable":true,"href":"https:\/\/www.rgvbusinessjournal.com\/es\/wp-json\/wp\/v2\/media\/21280"}],"wp:attachment":[{"href":"https:\/\/www.rgvbusinessjournal.com\/es\/wp-json\/wp\/v2\/media?parent=21278"}],"wp:term":[{"taxonomy":"category","embeddable":true,"href":"https:\/\/www.rgvbusinessjournal.com\/es\/wp-json\/wp\/v2\/categories?post=21278"},{"taxonomy":"post_tag","embeddable":true,"href":"https:\/\/www.rgvbusinessjournal.com\/es\/wp-json\/wp\/v2\/tags?post=21278"}],"curies":[{"name":"wp","href":"https:\/\/api.w.org\/{rel}","templated":true}]}}