{"id":22378,"date":"2026-08-21T20:24:37","date_gmt":"2026-08-22T01:24:37","guid":{"rendered":"https:\/\/www.rgvbusinessjournal.com\/news\/21\/08\/2026\/las-ventas-de-bmw-en-bert-ogden-en-pharr-estan-superando-a-las-de-algunos-mercados-mas-grandes-de-texas-segun-afirman-los-responsables\/"},"modified":"2026-08-21T20:24:37","modified_gmt":"2026-08-22T01:24:37","slug":"las-ventas-de-bmw-en-bert-ogden-en-pharr-estan-superando-a-las-de-algunos-mercados-mas-grandes-de-texas-segun-afirman-los-responsables","status":"publish","type":"post","link":"https:\/\/www.rgvbusinessjournal.com\/es\/news\/21\/08\/2026\/las-ventas-de-bmw-en-bert-ogden-en-pharr-estan-superando-a-las-de-algunos-mercados-mas-grandes-de-texas-segun-afirman-los-responsables\/","title":{"rendered":"Las ventas de BMW en Bert Ogden, en Pharr, est\u00e1n superando a las de algunos mercados m\u00e1s grandes de Texas, seg\u00fan afirman los responsables"},"content":{"rendered":"<p class=\"wp-block-paragraph\">Natasha Del Barrio, directora general de Bert Ogden y Fiesta Auto Group \u2014una red de concesionarios de propiedad local y uno de los principales empleadores del Valle del R\u00edo Grande\u2014, recuerda cuando la empresa solo contaba con un cami\u00f3n con remolque para entregar veh\u00edculos a los clientes de todo Texas.\u00a0<\/p><p class=\"wp-block-paragraph\">\u00abAntes ten\u00edamos un solo conductor de cami\u00f3n de reparto y eso fue suficiente durante mucho tiempo, pero ahora hemos tenido que ampliar la flota a tres [remolques] para poder hacer frente a todas las entregas fuera de la ciudad\u00bb, afirm\u00f3 Del Barrio.\u00a0<\/p><p class=\"wp-block-paragraph\">Hoy en d\u00eda, eso incluye a un repartidor VIP que recorre Texas con frecuencia.\u00a0<\/p><p class=\"wp-block-paragraph\">\u00abHaremos un esfuerzo adicional o, en algunas ciudades, recorreremos 600 millas m\u00e1s\u00bb, afirm\u00f3 Del Barrio al referirse al sector de los veh\u00edculos de lujo, entre los que se incluye BMW.\u00a0<\/p>","protected":false},"excerpt":{"rendered":"<p>Aunque la poblaci\u00f3n del Valle del R\u00edo Grande sea menor que la de otros mercados de Texas, los responsables de los concesionarios de BMW afirman que la demanda est\u00e1 creciendo en todo el estado.<\/p>\n","protected":false},"author":9,"featured_media":22379,"comment_status":"","ping_status":"","sticky":false,"template":"","format":"standard","meta":{"_acf_changed":false,"post_views_count":60,"footnotes":""},"categories":[1132,4,17,825,1223],"tags":[4418,4794,4793,193,138,149,4792,69,237,195,71,70,4864,68],"class_list":["post-22378","post","type-post","status-publish","format-standard","has-post-thumbnail","hentry","category-business-spotlight","category-commercial-real-estate","category-economic-trends","category-u-s","category-workforce","tag-bert-ogden-auto-group","tag-bmw","tag-car-dealerships","tag-construction","tag-economic-development","tag-hidalgo-county","tag-janet-ogden-vackar","tag-mcallen","tag-pharr","tag-real-estate","tag-rgv","tag-rio-grande-valley","tag-robert-vackar-es-es","tag-south-texas"],"acf":{"is_features_post":["yes"],"is_sponser":"","hide_author":"","hide_author_biography":""},"yoast_head":"<!-- This site is optimized with the Yoast SEO Premium plugin v28.3 (Yoast SEO v28.3) - https:\/\/yoast.com\/product\/yoast-seo-premium-wordpress\/ -->\n<title>Natasha Del Barrio CEO on BMW sales at Bert Ogden in Pharr<\/title>\n<meta name=\"description\" content=\"The Rio Grande Valley population may be smaller than other markets in Texas but BMW dealership leaders say demand is growing statewide.\" \/>\n<meta name=\"robots\" content=\"index, follow, max-snippet:-1, max-image-preview:large, max-video-preview:-1\" \/>\n<link rel=\"canonical\" href=\"https:\/\/www.rgvbusinessjournal.com\/es\/news\/21\/08\/2026\/las-ventas-de-bmw-en-bert-ogden-en-pharr-estan-superando-a-las-de-algunos-mercados-mas-grandes-de-texas-segun-afirman-los-responsables\/\" \/>\n<meta property=\"og:locale\" content=\"es_ES\" \/>\n<meta property=\"og:type\" content=\"article\" \/>\n<meta property=\"og:title\" content=\"Las ventas de BMW en Bert Ogden, en Pharr, est\u00e1n superando a las de algunos mercados m\u00e1s grandes de Texas, seg\u00fan afirman los responsables\" \/>\n<meta property=\"og:description\" content=\"RGV Business Journal covers business news in the Rio Grande Valley of Texas and the Mexican cities of Reynosa and Matamoros.\" \/>\n<meta property=\"og:url\" content=\"https:\/\/www.rgvbusinessjournal.com\/es\/news\/21\/08\/2026\/las-ventas-de-bmw-en-bert-ogden-en-pharr-estan-superando-a-las-de-algunos-mercados-mas-grandes-de-texas-segun-afirman-los-responsables\/\" \/>\n<meta property=\"og:site_name\" content=\"Rio Grande Valley Business Journal\" \/>\n<meta property=\"article:publisher\" content=\"https:\/\/www.facebook.com\/RGVBizJournal\/\" \/>\n<meta property=\"article:published_time\" content=\"2026-08-22T01:24:37+00:00\" \/>\n<meta property=\"og:image\" content=\"https:\/\/www.rgvbusinessjournal.com\/wp-content\/uploads\/2026\/08\/BMWofPharrBertOgden3.jpeg\" \/>\n\t<meta property=\"og:image:width\" content=\"1332\" \/>\n\t<meta property=\"og:image:height\" content=\"999\" \/>\n\t<meta property=\"og:image:type\" content=\"image\/jpeg\" \/>\n<meta name=\"author\" content=\"Kristen Mosbrucker-Garza\" \/>\n<meta name=\"twitter:card\" content=\"summary_large_image\" \/>\n<meta name=\"twitter:creator\" content=\"@https:\/\/x.com\/k_mosbrucker\" \/>\n<meta name=\"twitter:site\" content=\"@RGVBizJournal\" \/>\n<meta name=\"twitter:label1\" content=\"Written by\" \/>\n\t<meta name=\"twitter:data1\" content=\"Kristen Mosbrucker-Garza\" \/>\n\t<meta name=\"twitter:label2\" content=\"Est. reading time\" \/>\n\t<meta name=\"twitter:data2\" content=\"9 minutes\" \/>\n<script type=\"application\/ld+json\" class=\"yoast-schema-graph\">{\"@context\":\"https:\\\/\\\/schema.org\",\"@graph\":[{\"@type\":\"NewsArticle\",\"@id\":\"https:\\\/\\\/www.rgvbusinessjournal.com\\\/es\\\/news\\\/21\\\/08\\\/2026\\\/las-ventas-de-bmw-en-bert-ogden-en-pharr-estan-superando-a-las-de-algunos-mercados-mas-grandes-de-texas-segun-afirman-los-responsables\\\/#article\",\"isPartOf\":{\"@id\":\"https:\\\/\\\/www.rgvbusinessjournal.com\\\/es\\\/news\\\/21\\\/08\\\/2026\\\/las-ventas-de-bmw-en-bert-ogden-en-pharr-estan-superando-a-las-de-algunos-mercados-mas-grandes-de-texas-segun-afirman-los-responsables\\\/\"},\"author\":{\"name\":\"Kristen Mosbrucker-Garza\",\"@id\":\"https:\\\/\\\/www.rgvbusinessjournal.com\\\/es\\\/#\\\/schema\\\/person\\\/1376cd922f977ffee643018dfd80e4fe\"},\"headline\":\"Las ventas de BMW en Bert Ogden, en Pharr, est\u00e1n superando a las de algunos mercados m\u00e1s grandes de Texas, seg\u00fan afirman los responsables\",\"datePublished\":\"2026-08-22T01:24:37+00:00\",\"mainEntityOfPage\":{\"@id\":\"https:\\\/\\\/www.rgvbusinessjournal.com\\\/es\\\/news\\\/21\\\/08\\\/2026\\\/las-ventas-de-bmw-en-bert-ogden-en-pharr-estan-superando-a-las-de-algunos-mercados-mas-grandes-de-texas-segun-afirman-los-responsables\\\/\"},\"wordCount\":2019,\"publisher\":{\"@id\":\"https:\\\/\\\/www.rgvbusinessjournal.com\\\/es\\\/#organization\"},\"image\":{\"@id\":\"https:\\\/\\\/www.rgvbusinessjournal.com\\\/es\\\/news\\\/21\\\/08\\\/2026\\\/las-ventas-de-bmw-en-bert-ogden-en-pharr-estan-superando-a-las-de-algunos-mercados-mas-grandes-de-texas-segun-afirman-los-responsables\\\/#primaryimage\"},\"thumbnailUrl\":\"https:\\\/\\\/www.rgvbusinessjournal.com\\\/wp-content\\\/uploads\\\/2026\\\/08\\\/BMWofPharrBertOgden3.jpeg\",\"keywords\":[\"Bert Ogden Auto Group\",\"BMW\",\"car dealerships\",\"Construction\",\"economic development\",\"Hidalgo County\",\"Janet Ogden Vackar\",\"McAllen\",\"Pharr\",\"Real Estate\",\"RGV\",\"Rio Grande Valley\",\"Robert Vackar (ES)\",\"South Texas\"],\"articleSection\":[\"Business spotlight\",\"Commercial Real Estate\",\"Economic Trends\",\"U.S.\",\"Workforce\"],\"inLanguage\":\"es-ES\"},{\"@type\":\"WebPage\",\"@id\":\"https:\\\/\\\/www.rgvbusinessjournal.com\\\/es\\\/news\\\/21\\\/08\\\/2026\\\/las-ventas-de-bmw-en-bert-ogden-en-pharr-estan-superando-a-las-de-algunos-mercados-mas-grandes-de-texas-segun-afirman-los-responsables\\\/\",\"url\":\"https:\\\/\\\/www.rgvbusinessjournal.com\\\/es\\\/news\\\/21\\\/08\\\/2026\\\/las-ventas-de-bmw-en-bert-ogden-en-pharr-estan-superando-a-las-de-algunos-mercados-mas-grandes-de-texas-segun-afirman-los-responsables\\\/\",\"name\":\"Natasha Del Barrio CEO on BMW sales at Bert Ogden in Pharr\",\"isPartOf\":{\"@id\":\"https:\\\/\\\/www.rgvbusinessjournal.com\\\/es\\\/#website\"},\"primaryImageOfPage\":{\"@id\":\"https:\\\/\\\/www.rgvbusinessjournal.com\\\/es\\\/news\\\/21\\\/08\\\/2026\\\/las-ventas-de-bmw-en-bert-ogden-en-pharr-estan-superando-a-las-de-algunos-mercados-mas-grandes-de-texas-segun-afirman-los-responsables\\\/#primaryimage\"},\"image\":{\"@id\":\"https:\\\/\\\/www.rgvbusinessjournal.com\\\/es\\\/news\\\/21\\\/08\\\/2026\\\/las-ventas-de-bmw-en-bert-ogden-en-pharr-estan-superando-a-las-de-algunos-mercados-mas-grandes-de-texas-segun-afirman-los-responsables\\\/#primaryimage\"},\"thumbnailUrl\":\"https:\\\/\\\/www.rgvbusinessjournal.com\\\/wp-content\\\/uploads\\\/2026\\\/08\\\/BMWofPharrBertOgden3.jpeg\",\"datePublished\":\"2026-08-22T01:24:37+00:00\",\"description\":\"The Rio Grande Valley population may be smaller than other markets in Texas but BMW dealership leaders say demand is growing statewide.\",\"breadcrumb\":{\"@id\":\"https:\\\/\\\/www.rgvbusinessjournal.com\\\/es\\\/news\\\/21\\\/08\\\/2026\\\/las-ventas-de-bmw-en-bert-ogden-en-pharr-estan-superando-a-las-de-algunos-mercados-mas-grandes-de-texas-segun-afirman-los-responsables\\\/#breadcrumb\"},\"inLanguage\":\"es-ES\",\"potentialAction\":[{\"@type\":\"ReadAction\",\"target\":[\"https:\\\/\\\/www.rgvbusinessjournal.com\\\/es\\\/news\\\/21\\\/08\\\/2026\\\/las-ventas-de-bmw-en-bert-ogden-en-pharr-estan-superando-a-las-de-algunos-mercados-mas-grandes-de-texas-segun-afirman-los-responsables\\\/\"]}]},{\"@type\":\"ImageObject\",\"inLanguage\":\"es-ES\",\"@id\":\"https:\\\/\\\/www.rgvbusinessjournal.com\\\/es\\\/news\\\/21\\\/08\\\/2026\\\/las-ventas-de-bmw-en-bert-ogden-en-pharr-estan-superando-a-las-de-algunos-mercados-mas-grandes-de-texas-segun-afirman-los-responsables\\\/#primaryimage\",\"url\":\"https:\\\/\\\/www.rgvbusinessjournal.com\\\/wp-content\\\/uploads\\\/2026\\\/08\\\/BMWofPharrBertOgden3.jpeg\",\"contentUrl\":\"https:\\\/\\\/www.rgvbusinessjournal.com\\\/wp-content\\\/uploads\\\/2026\\\/08\\\/BMWofPharrBertOgden3.jpeg\",\"width\":1332,\"height\":999,\"caption\":\"Randy Watson, vicepresidente de la regi\u00f3n sur de BMW Norteam\u00e9rica, afirm\u00f3 que el Valle del R\u00edo Grande es un mercado importante para la empresa. Cr\u00e9dito de la foto | Kristen Mosbrucker-Garza\"},{\"@type\":\"BreadcrumbList\",\"@id\":\"https:\\\/\\\/www.rgvbusinessjournal.com\\\/es\\\/news\\\/21\\\/08\\\/2026\\\/las-ventas-de-bmw-en-bert-ogden-en-pharr-estan-superando-a-las-de-algunos-mercados-mas-grandes-de-texas-segun-afirman-los-responsables\\\/#breadcrumb\",\"itemListElement\":[{\"@type\":\"ListItem\",\"position\":1,\"name\":\"Home\",\"item\":\"https:\\\/\\\/www.rgvbusinessjournal.com\\\/es\\\/inicio\\\/\"},{\"@type\":\"ListItem\",\"position\":2,\"name\":\"Las ventas de BMW en Bert Ogden, en Pharr, est\u00e1n superando a las de algunos mercados m\u00e1s grandes de Texas, seg\u00fan afirman los responsables\"}]},{\"@type\":\"WebSite\",\"@id\":\"https:\\\/\\\/www.rgvbusinessjournal.com\\\/es\\\/#website\",\"url\":\"https:\\\/\\\/www.rgvbusinessjournal.com\\\/es\\\/\",\"name\":\"Rio Grande Valley Business Journal\",\"description\":\"\",\"publisher\":{\"@id\":\"https:\\\/\\\/www.rgvbusinessjournal.com\\\/es\\\/#organization\"},\"potentialAction\":[{\"@type\":\"SearchAction\",\"target\":{\"@type\":\"EntryPoint\",\"urlTemplate\":\"https:\\\/\\\/www.rgvbusinessjournal.com\\\/es\\\/?s={search_term_string}\"},\"query-input\":{\"@type\":\"PropertyValueSpecification\",\"valueRequired\":true,\"valueName\":\"search_term_string\"}}],\"inLanguage\":\"es-ES\"},{\"@type\":\"Organization\",\"@id\":\"https:\\\/\\\/www.rgvbusinessjournal.com\\\/es\\\/#organization\",\"name\":\"Rio Grande Valley Business Journal\",\"alternateName\":\"RGV Business Journal\",\"url\":\"https:\\\/\\\/www.rgvbusinessjournal.com\\\/es\\\/\",\"logo\":{\"@type\":\"ImageObject\",\"inLanguage\":\"es-ES\",\"@id\":\"https:\\\/\\\/www.rgvbusinessjournal.com\\\/es\\\/#\\\/schema\\\/logo\\\/image\\\/\",\"url\":\"https:\\\/\\\/www.rgvbusinessjournal.com\\\/wp-content\\\/uploads\\\/2026\\\/01\\\/535504352_122102206586984207_2702720257970470495_n.jpg\",\"contentUrl\":\"https:\\\/\\\/www.rgvbusinessjournal.com\\\/wp-content\\\/uploads\\\/2026\\\/01\\\/535504352_122102206586984207_2702720257970470495_n.jpg\",\"width\":1000,\"height\":1000,\"caption\":\"Rio Grande Valley Business Journal\"},\"image\":{\"@id\":\"https:\\\/\\\/www.rgvbusinessjournal.com\\\/es\\\/#\\\/schema\\\/logo\\\/image\\\/\"},\"sameAs\":[\"https:\\\/\\\/www.facebook.com\\\/RGVBizJournal\\\/\",\"https:\\\/\\\/x.com\\\/RGVBizJournal\",\"https:\\\/\\\/www.linkedin.com\\\/company\\\/rio-grande-valley-business-journal\\\/\",\"https:\\\/\\\/www.youtube.com\\\/@RGVBizJournal\",\"https:\\\/\\\/www.instagram.com\\\/rgvbiznews\\\/\",\"https:\\\/\\\/www.tiktok.com\\\/@rgvbizjournal\"],\"description\":\"The Rio Grande Valley Business Journal is a digital-first newsroom focused on business, economic trends, real estate, healthcare, and regional developments in South Texas (Cameron, Hidalgo, Starr, and Willacy counties) and nearby Mexican industrial cities like Reynosa and Matamoros. It provides impartial reporting, data analyses, and insights for decision-makers in a fast-growing binational corridor home to nearly three million people and billions in annual trade.\",\"naics\":\"511110\"},{\"@type\":\"Person\",\"@id\":\"https:\\\/\\\/www.rgvbusinessjournal.com\\\/es\\\/#\\\/schema\\\/person\\\/1376cd922f977ffee643018dfd80e4fe\",\"name\":\"Kristen Mosbrucker-Garza\",\"image\":{\"@type\":\"ImageObject\",\"inLanguage\":\"es-ES\",\"@id\":\"https:\\\/\\\/secure.gravatar.com\\\/avatar\\\/0c54cb83d9e41d1f662de342b3813388e5e6f1bf42430d140f5474f4aaa4eb7c?s=96&r=g\",\"url\":\"https:\\\/\\\/secure.gravatar.com\\\/avatar\\\/0c54cb83d9e41d1f662de342b3813388e5e6f1bf42430d140f5474f4aaa4eb7c?s=96&r=g\",\"contentUrl\":\"https:\\\/\\\/secure.gravatar.com\\\/avatar\\\/0c54cb83d9e41d1f662de342b3813388e5e6f1bf42430d140f5474f4aaa4eb7c?s=96&r=g\",\"caption\":\"Kristen Mosbrucker-Garza\"},\"description\":\"Kristen Mosbrucker-Garza is a versatile multimedia news reporter who lives and works along the Texas-Mexico border in Hidalgo County. Mosbrucker-Garza is a news reporter for the Rio Grande Valley Business Journal. During her career she's worked for the McAllen Monitor, San Antonio Business Journal, The Advocate Newspaper in Louisiana, Phoenix New Times, and public media outlets in Baltimore and Philadelphia.\",\"sameAs\":[\"https:\\\/\\\/www.linkedin.com\\\/in\\\/kristen-mosbrucker-garza-0ab307137\\\/\",\"https:\\\/\\\/x.com\\\/https:\\\/\\\/x.com\\\/k_mosbrucker\"],\"url\":\"https:\\\/\\\/www.rgvbusinessjournal.com\\\/es\\\/news\\\/author\\\/kmosbrucker\\\/\"}]}<\/script>\n<!-- \/ Yoast SEO Premium plugin. -->","yoast_head_json":{"title":"Natasha Del Barrio CEO on BMW sales at Bert Ogden in Pharr","description":"The Rio Grande Valley population may be smaller than other markets in Texas but BMW dealership leaders say demand is growing statewide.","robots":{"index":"index","follow":"follow","max-snippet":"max-snippet:-1","max-image-preview":"max-image-preview:large","max-video-preview":"max-video-preview:-1"},"canonical":"https:\/\/www.rgvbusinessjournal.com\/es\/news\/21\/08\/2026\/las-ventas-de-bmw-en-bert-ogden-en-pharr-estan-superando-a-las-de-algunos-mercados-mas-grandes-de-texas-segun-afirman-los-responsables\/","og_locale":"es_ES","og_type":"article","og_title":"Las ventas de BMW en Bert Ogden, en Pharr, est\u00e1n superando a las de algunos mercados m\u00e1s grandes de Texas, seg\u00fan afirman los responsables","og_description":"RGV Business Journal covers business news in the Rio Grande Valley of Texas and the Mexican cities of Reynosa and Matamoros.","og_url":"https:\/\/www.rgvbusinessjournal.com\/es\/news\/21\/08\/2026\/las-ventas-de-bmw-en-bert-ogden-en-pharr-estan-superando-a-las-de-algunos-mercados-mas-grandes-de-texas-segun-afirman-los-responsables\/","og_site_name":"Rio Grande Valley Business Journal","article_publisher":"https:\/\/www.facebook.com\/RGVBizJournal\/","article_published_time":"2026-08-22T01:24:37+00:00","og_image":[{"width":1332,"height":999,"url":"https:\/\/www.rgvbusinessjournal.com\/wp-content\/uploads\/2026\/08\/BMWofPharrBertOgden3.jpeg","type":"image\/jpeg"}],"author":"Kristen Mosbrucker-Garza","twitter_card":"summary_large_image","twitter_creator":"@https:\/\/x.com\/k_mosbrucker","twitter_site":"@RGVBizJournal","twitter_misc":{"Written by":"Kristen Mosbrucker-Garza","Est. reading time":"9 minutes"},"schema":{"@context":"https:\/\/schema.org","@graph":[{"@type":"NewsArticle","@id":"https:\/\/www.rgvbusinessjournal.com\/es\/news\/21\/08\/2026\/las-ventas-de-bmw-en-bert-ogden-en-pharr-estan-superando-a-las-de-algunos-mercados-mas-grandes-de-texas-segun-afirman-los-responsables\/#article","isPartOf":{"@id":"https:\/\/www.rgvbusinessjournal.com\/es\/news\/21\/08\/2026\/las-ventas-de-bmw-en-bert-ogden-en-pharr-estan-superando-a-las-de-algunos-mercados-mas-grandes-de-texas-segun-afirman-los-responsables\/"},"author":{"name":"Kristen Mosbrucker-Garza","@id":"https:\/\/www.rgvbusinessjournal.com\/es\/#\/schema\/person\/1376cd922f977ffee643018dfd80e4fe"},"headline":"Las ventas de BMW en Bert Ogden, en Pharr, est\u00e1n superando a las de algunos mercados m\u00e1s grandes de Texas, seg\u00fan afirman los responsables","datePublished":"2026-08-22T01:24:37+00:00","mainEntityOfPage":{"@id":"https:\/\/www.rgvbusinessjournal.com\/es\/news\/21\/08\/2026\/las-ventas-de-bmw-en-bert-ogden-en-pharr-estan-superando-a-las-de-algunos-mercados-mas-grandes-de-texas-segun-afirman-los-responsables\/"},"wordCount":2019,"publisher":{"@id":"https:\/\/www.rgvbusinessjournal.com\/es\/#organization"},"image":{"@id":"https:\/\/www.rgvbusinessjournal.com\/es\/news\/21\/08\/2026\/las-ventas-de-bmw-en-bert-ogden-en-pharr-estan-superando-a-las-de-algunos-mercados-mas-grandes-de-texas-segun-afirman-los-responsables\/#primaryimage"},"thumbnailUrl":"https:\/\/www.rgvbusinessjournal.com\/wp-content\/uploads\/2026\/08\/BMWofPharrBertOgden3.jpeg","keywords":["Bert Ogden Auto Group","BMW","car dealerships","Construction","economic development","Hidalgo County","Janet Ogden Vackar","McAllen","Pharr","Real Estate","RGV","Rio Grande Valley","Robert Vackar (ES)","South Texas"],"articleSection":["Business spotlight","Commercial Real Estate","Economic Trends","U.S.","Workforce"],"inLanguage":"es-ES"},{"@type":"WebPage","@id":"https:\/\/www.rgvbusinessjournal.com\/es\/news\/21\/08\/2026\/las-ventas-de-bmw-en-bert-ogden-en-pharr-estan-superando-a-las-de-algunos-mercados-mas-grandes-de-texas-segun-afirman-los-responsables\/","url":"https:\/\/www.rgvbusinessjournal.com\/es\/news\/21\/08\/2026\/las-ventas-de-bmw-en-bert-ogden-en-pharr-estan-superando-a-las-de-algunos-mercados-mas-grandes-de-texas-segun-afirman-los-responsables\/","name":"Natasha Del Barrio CEO on BMW sales at Bert Ogden in Pharr","isPartOf":{"@id":"https:\/\/www.rgvbusinessjournal.com\/es\/#website"},"primaryImageOfPage":{"@id":"https:\/\/www.rgvbusinessjournal.com\/es\/news\/21\/08\/2026\/las-ventas-de-bmw-en-bert-ogden-en-pharr-estan-superando-a-las-de-algunos-mercados-mas-grandes-de-texas-segun-afirman-los-responsables\/#primaryimage"},"image":{"@id":"https:\/\/www.rgvbusinessjournal.com\/es\/news\/21\/08\/2026\/las-ventas-de-bmw-en-bert-ogden-en-pharr-estan-superando-a-las-de-algunos-mercados-mas-grandes-de-texas-segun-afirman-los-responsables\/#primaryimage"},"thumbnailUrl":"https:\/\/www.rgvbusinessjournal.com\/wp-content\/uploads\/2026\/08\/BMWofPharrBertOgden3.jpeg","datePublished":"2026-08-22T01:24:37+00:00","description":"The Rio Grande Valley population may be smaller than other markets in Texas but BMW dealership leaders say demand is growing statewide.","breadcrumb":{"@id":"https:\/\/www.rgvbusinessjournal.com\/es\/news\/21\/08\/2026\/las-ventas-de-bmw-en-bert-ogden-en-pharr-estan-superando-a-las-de-algunos-mercados-mas-grandes-de-texas-segun-afirman-los-responsables\/#breadcrumb"},"inLanguage":"es-ES","potentialAction":[{"@type":"ReadAction","target":["https:\/\/www.rgvbusinessjournal.com\/es\/news\/21\/08\/2026\/las-ventas-de-bmw-en-bert-ogden-en-pharr-estan-superando-a-las-de-algunos-mercados-mas-grandes-de-texas-segun-afirman-los-responsables\/"]}]},{"@type":"ImageObject","inLanguage":"es-ES","@id":"https:\/\/www.rgvbusinessjournal.com\/es\/news\/21\/08\/2026\/las-ventas-de-bmw-en-bert-ogden-en-pharr-estan-superando-a-las-de-algunos-mercados-mas-grandes-de-texas-segun-afirman-los-responsables\/#primaryimage","url":"https:\/\/www.rgvbusinessjournal.com\/wp-content\/uploads\/2026\/08\/BMWofPharrBertOgden3.jpeg","contentUrl":"https:\/\/www.rgvbusinessjournal.com\/wp-content\/uploads\/2026\/08\/BMWofPharrBertOgden3.jpeg","width":1332,"height":999,"caption":"Randy Watson, vicepresidente de la regi\u00f3n sur de BMW Norteam\u00e9rica, afirm\u00f3 que el Valle del R\u00edo Grande es un mercado importante para la empresa. Cr\u00e9dito de la foto | Kristen Mosbrucker-Garza"},{"@type":"BreadcrumbList","@id":"https:\/\/www.rgvbusinessjournal.com\/es\/news\/21\/08\/2026\/las-ventas-de-bmw-en-bert-ogden-en-pharr-estan-superando-a-las-de-algunos-mercados-mas-grandes-de-texas-segun-afirman-los-responsables\/#breadcrumb","itemListElement":[{"@type":"ListItem","position":1,"name":"Home","item":"https:\/\/www.rgvbusinessjournal.com\/es\/inicio\/"},{"@type":"ListItem","position":2,"name":"Las ventas de BMW en Bert Ogden, en Pharr, est\u00e1n superando a las de algunos mercados m\u00e1s grandes de Texas, seg\u00fan afirman los responsables"}]},{"@type":"WebSite","@id":"https:\/\/www.rgvbusinessjournal.com\/es\/#website","url":"https:\/\/www.rgvbusinessjournal.com\/es\/","name":"Rio Grande Valley Business Journal","description":"","publisher":{"@id":"https:\/\/www.rgvbusinessjournal.com\/es\/#organization"},"potentialAction":[{"@type":"SearchAction","target":{"@type":"EntryPoint","urlTemplate":"https:\/\/www.rgvbusinessjournal.com\/es\/?s={search_term_string}"},"query-input":{"@type":"PropertyValueSpecification","valueRequired":true,"valueName":"search_term_string"}}],"inLanguage":"es-ES"},{"@type":"Organization","@id":"https:\/\/www.rgvbusinessjournal.com\/es\/#organization","name":"Rio Grande Valley Business Journal","alternateName":"RGV Business Journal","url":"https:\/\/www.rgvbusinessjournal.com\/es\/","logo":{"@type":"ImageObject","inLanguage":"es-ES","@id":"https:\/\/www.rgvbusinessjournal.com\/es\/#\/schema\/logo\/image\/","url":"https:\/\/www.rgvbusinessjournal.com\/wp-content\/uploads\/2026\/01\/535504352_122102206586984207_2702720257970470495_n.jpg","contentUrl":"https:\/\/www.rgvbusinessjournal.com\/wp-content\/uploads\/2026\/01\/535504352_122102206586984207_2702720257970470495_n.jpg","width":1000,"height":1000,"caption":"Rio Grande Valley Business Journal"},"image":{"@id":"https:\/\/www.rgvbusinessjournal.com\/es\/#\/schema\/logo\/image\/"},"sameAs":["https:\/\/www.facebook.com\/RGVBizJournal\/","https:\/\/x.com\/RGVBizJournal","https:\/\/www.linkedin.com\/company\/rio-grande-valley-business-journal\/","https:\/\/www.youtube.com\/@RGVBizJournal","https:\/\/www.instagram.com\/rgvbiznews\/","https:\/\/www.tiktok.com\/@rgvbizjournal"],"description":"The Rio Grande Valley Business Journal is a digital-first newsroom focused on business, economic trends, real estate, healthcare, and regional developments in South Texas (Cameron, Hidalgo, Starr, and Willacy counties) and nearby Mexican industrial cities like Reynosa and Matamoros. It provides impartial reporting, data analyses, and insights for decision-makers in a fast-growing binational corridor home to nearly three million people and billions in annual trade.","naics":"511110"},{"@type":"Person","@id":"https:\/\/www.rgvbusinessjournal.com\/es\/#\/schema\/person\/1376cd922f977ffee643018dfd80e4fe","name":"Kristen Mosbrucker-Garza","image":{"@type":"ImageObject","inLanguage":"es-ES","@id":"https:\/\/secure.gravatar.com\/avatar\/0c54cb83d9e41d1f662de342b3813388e5e6f1bf42430d140f5474f4aaa4eb7c?s=96&r=g","url":"https:\/\/secure.gravatar.com\/avatar\/0c54cb83d9e41d1f662de342b3813388e5e6f1bf42430d140f5474f4aaa4eb7c?s=96&r=g","contentUrl":"https:\/\/secure.gravatar.com\/avatar\/0c54cb83d9e41d1f662de342b3813388e5e6f1bf42430d140f5474f4aaa4eb7c?s=96&r=g","caption":"Kristen Mosbrucker-Garza"},"description":"Kristen Mosbrucker-Garza is a versatile multimedia news reporter who lives and works along the Texas-Mexico border in Hidalgo County. Mosbrucker-Garza is a news reporter for the Rio Grande Valley Business Journal. During her career she's worked for the McAllen Monitor, San Antonio Business Journal, The Advocate Newspaper in Louisiana, Phoenix New Times, and public media outlets in Baltimore and Philadelphia.","sameAs":["https:\/\/www.linkedin.com\/in\/kristen-mosbrucker-garza-0ab307137\/","https:\/\/x.com\/https:\/\/x.com\/k_mosbrucker"],"url":"https:\/\/www.rgvbusinessjournal.com\/es\/news\/author\/kmosbrucker\/"}]}},"preview_block_count":4,"is_paywalled":true,"_links":{"self":[{"href":"https:\/\/www.rgvbusinessjournal.com\/es\/wp-json\/wp\/v2\/posts\/22378","targetHints":{"allow":["GET"]}}],"collection":[{"href":"https:\/\/www.rgvbusinessjournal.com\/es\/wp-json\/wp\/v2\/posts"}],"about":[{"href":"https:\/\/www.rgvbusinessjournal.com\/es\/wp-json\/wp\/v2\/types\/post"}],"author":[{"embeddable":true,"href":"https:\/\/www.rgvbusinessjournal.com\/es\/wp-json\/wp\/v2\/users\/9"}],"replies":[{"embeddable":true,"href":"https:\/\/www.rgvbusinessjournal.com\/es\/wp-json\/wp\/v2\/comments?post=22378"}],"version-history":[{"count":0,"href":"https:\/\/www.rgvbusinessjournal.com\/es\/wp-json\/wp\/v2\/posts\/22378\/revisions"}],"wp:featuredmedia":[{"embeddable":true,"href":"https:\/\/www.rgvbusinessjournal.com\/es\/wp-json\/wp\/v2\/media\/22379"}],"wp:attachment":[{"href":"https:\/\/www.rgvbusinessjournal.com\/es\/wp-json\/wp\/v2\/media?parent=22378"}],"wp:term":[{"taxonomy":"category","embeddable":true,"href":"https:\/\/www.rgvbusinessjournal.com\/es\/wp-json\/wp\/v2\/categories?post=22378"},{"taxonomy":"post_tag","embeddable":true,"href":"https:\/\/www.rgvbusinessjournal.com\/es\/wp-json\/wp\/v2\/tags?post=22378"}],"curies":[{"name":"wp","href":"https:\/\/api.w.org\/{rel}","templated":true}]}}