{"id":22389,"date":"2026-08-25T16:20:40","date_gmt":"2026-08-25T21:20:40","guid":{"rendered":"https:\/\/www.rgvbusinessjournal.com\/news\/25\/08\/2026\/el-condado-de-cameron-solicita-opiniones-sobre-una-carretera-que-podria-conducir-a-la-segunda-calzada-de-spi\/"},"modified":"2026-08-25T16:20:40","modified_gmt":"2026-08-25T21:20:40","slug":"el-condado-de-cameron-solicita-opiniones-sobre-una-carretera-que-podria-conducir-a-la-segunda-calzada-de-spi","status":"publish","type":"post","link":"https:\/\/www.rgvbusinessjournal.com\/es\/news\/25\/08\/2026\/el-condado-de-cameron-solicita-opiniones-sobre-una-carretera-que-podria-conducir-a-la-segunda-calzada-de-spi\/","title":{"rendered":"El condado de Cameron solicita opiniones sobre una carretera que podr\u00eda conducir a la segunda calzada de SPI"},"content":{"rendered":"<p class=\"wp-block-paragraph\">El jueves se presentar\u00e1 al p\u00fablico un proyecto de autopista de 21,5 millas que podr\u00eda contribuir a crear una nueva ruta hacia la segunda calzada prevista para South Padre Island, mientras las autoridades de transporte del condado de Cameron siguen trabajando para determinar el trazado m\u00e1s adecuado.<\/p><p class=\"wp-block-paragraph\">La Autoridad Regional de Movilidad del Condado de Cameron celebrar\u00e1 una reuni\u00f3n p\u00fablica el jueves 27 de agosto, de 17:30 a 19:30, en el Centro C\u00edvico de R\u00edo Hondo, para debatir sobre la Outer Parkway y recabar las opiniones de los ciudadanos.<\/p><p class=\"wp-block-paragraph\">La autopista de cuatro carriles con separaci\u00f3n central propuesta discurrir\u00eda desde la I-69E\/U.S. 77, cerca del l\u00edmite norte del condado de Cameron, hacia el este hasta la FM 1847, donde se conectar\u00eda con General Brant Road.<\/p><p class=\"wp-block-paragraph\">La Outer Parkway no llegar\u00eda, por s\u00ed misma, hasta South Padre Island.<\/p>","protected":false},"excerpt":{"rendered":"<p>La \u00abOuter Parkway\u00bb, de 21,5 millas de longitud, crear\u00eda una nueva autopista este-oeste que atravesar\u00eda el norte del condado de Cameron, como parte de una ruta m\u00e1s amplia hacia la costa.<\/p>\n","protected":false},"author":53,"featured_media":22390,"comment_status":"","ping_status":"","sticky":false,"template":"","format":"standard","meta":{"_acf_changed":false,"post_views_count":43,"footnotes":""},"categories":[789,759,84,825],"tags":[159,2238,4813,4811,67,4812,4884,567,486,483,311],"class_list":["post-22389","post","type-post","status-publish","format-standard","has-post-thumbnail","hentry","category-infrastructure","category-international-trade","category-tourism","category-u-s","tag-cameron-county","tag-cameron-county-regional-mobility-authority","tag-ccrma","tag-i-69e","tag-infrastructure","tag-outer-parkway","tag-rio-hondo-es-es","tag-second-causeway","tag-sh-104","tag-south-padre-island","tag-transportation"],"acf":{"is_features_post":["yes"],"is_sponser":"","hide_author":"","hide_author_biography":""},"yoast_head":"<!-- This site is optimized with the Yoast SEO Premium plugin v28.3 (Yoast SEO v28.3) - https:\/\/yoast.com\/product\/yoast-seo-premium-wordpress\/ -->\n<title>Cameron County seeks input on Outer Parkway plans<\/title>\n<meta name=\"description\" content=\"The proposed 21.5-mile Outer Parkway would create a new east-west highway across northern Cameron County as part of a broader route toward the coast.\" \/>\n<meta name=\"robots\" content=\"index, follow, max-snippet:-1, max-image-preview:large, max-video-preview:-1\" \/>\n<link rel=\"canonical\" href=\"https:\/\/www.rgvbusinessjournal.com\/es\/news\/25\/08\/2026\/el-condado-de-cameron-solicita-opiniones-sobre-una-carretera-que-podria-conducir-a-la-segunda-calzada-de-spi\/\" \/>\n<meta property=\"og:locale\" content=\"es_ES\" \/>\n<meta property=\"og:type\" content=\"article\" \/>\n<meta property=\"og:title\" content=\"El condado de Cameron solicita opiniones sobre una carretera que podr\u00eda conducir a la segunda calzada de SPI\" \/>\n<meta property=\"og:description\" content=\"The proposed 21.5-mile Outer Parkway would create a new east-west highway across northern Cameron County as part of a broader route toward the coast.\" \/>\n<meta property=\"og:url\" content=\"https:\/\/www.rgvbusinessjournal.com\/es\/news\/25\/08\/2026\/el-condado-de-cameron-solicita-opiniones-sobre-una-carretera-que-podria-conducir-a-la-segunda-calzada-de-spi\/\" \/>\n<meta property=\"og:site_name\" content=\"Rio Grande Valley Business Journal\" \/>\n<meta property=\"article:publisher\" content=\"https:\/\/www.facebook.com\/RGVBizJournal\/\" \/>\n<meta property=\"article:published_time\" content=\"2026-08-25T21:20:40+00:00\" \/>\n<meta property=\"og:image\" content=\"https:\/\/www.rgvbusinessjournal.com\/wp-content\/uploads\/2026\/08\/F72602D1-F251-4C31-9D2B-E401B678D178_1_105_c-2.jpeg\" \/>\n\t<meta property=\"og:image:width\" content=\"1024\" \/>\n\t<meta property=\"og:image:height\" content=\"768\" \/>\n\t<meta property=\"og:image:type\" content=\"image\/jpeg\" \/>\n<meta name=\"author\" content=\"RGV Business Journal Staff\" \/>\n<meta name=\"twitter:card\" content=\"summary_large_image\" \/>\n<meta name=\"twitter:description\" content=\"RGV Business Journal covers business news in the Rio Grande Valley of Texas and the Mexican cities of Reynosa and Matamoros.\" \/>\n<meta name=\"twitter:creator\" content=\"@RGVBizJournal\" \/>\n<meta name=\"twitter:site\" content=\"@RGVBizJournal\" \/>\n<meta name=\"twitter:label1\" content=\"Written by\" \/>\n\t<meta name=\"twitter:data1\" content=\"RGV Business Journal Staff\" \/>\n\t<meta name=\"twitter:label2\" content=\"Est. reading time\" \/>\n\t<meta name=\"twitter:data2\" content=\"2 minutes\" \/>\n<script type=\"application\/ld+json\" class=\"yoast-schema-graph\">{\"@context\":\"https:\\\/\\\/schema.org\",\"@graph\":[{\"@type\":\"NewsArticle\",\"@id\":\"https:\\\/\\\/www.rgvbusinessjournal.com\\\/es\\\/news\\\/25\\\/08\\\/2026\\\/el-condado-de-cameron-solicita-opiniones-sobre-una-carretera-que-podria-conducir-a-la-segunda-calzada-de-spi\\\/#article\",\"isPartOf\":{\"@id\":\"https:\\\/\\\/www.rgvbusinessjournal.com\\\/es\\\/news\\\/25\\\/08\\\/2026\\\/el-condado-de-cameron-solicita-opiniones-sobre-una-carretera-que-podria-conducir-a-la-segunda-calzada-de-spi\\\/\"},\"author\":{\"name\":\"RGV Business Journal Staff\",\"@id\":\"https:\\\/\\\/www.rgvbusinessjournal.com\\\/es\\\/#\\\/schema\\\/person\\\/c8e183cac23aaa013ebaa56c4c71cf29\"},\"headline\":\"El condado de Cameron solicita opiniones sobre una carretera que podr\u00eda conducir a la segunda calzada de SPI\",\"datePublished\":\"2026-08-25T21:20:40+00:00\",\"mainEntityOfPage\":{\"@id\":\"https:\\\/\\\/www.rgvbusinessjournal.com\\\/es\\\/news\\\/25\\\/08\\\/2026\\\/el-condado-de-cameron-solicita-opiniones-sobre-una-carretera-que-podria-conducir-a-la-segunda-calzada-de-spi\\\/\"},\"wordCount\":459,\"publisher\":{\"@id\":\"https:\\\/\\\/www.rgvbusinessjournal.com\\\/es\\\/#organization\"},\"image\":{\"@id\":\"https:\\\/\\\/www.rgvbusinessjournal.com\\\/es\\\/news\\\/25\\\/08\\\/2026\\\/el-condado-de-cameron-solicita-opiniones-sobre-una-carretera-que-podria-conducir-a-la-segunda-calzada-de-spi\\\/#primaryimage\"},\"thumbnailUrl\":\"https:\\\/\\\/www.rgvbusinessjournal.com\\\/wp-content\\\/uploads\\\/2026\\\/08\\\/F72602D1-F251-4C31-9D2B-E401B678D178_1_105_c-2.jpeg\",\"keywords\":[\"Cameron County\",\"Cameron County Regional Mobility Authority\",\"CCRMA\",\"I-69E\",\"Infrastructure\",\"Outer Parkway\",\"Rio Hondo (ES)\",\"Second Causeway\",\"SH 104\",\"South Padre Island\",\"transportation\"],\"articleSection\":[\"Infrastructure\",\"International trade\",\"Tourism\",\"U.S.\"],\"inLanguage\":\"es-ES\"},{\"@type\":\"WebPage\",\"@id\":\"https:\\\/\\\/www.rgvbusinessjournal.com\\\/es\\\/news\\\/25\\\/08\\\/2026\\\/el-condado-de-cameron-solicita-opiniones-sobre-una-carretera-que-podria-conducir-a-la-segunda-calzada-de-spi\\\/\",\"url\":\"https:\\\/\\\/www.rgvbusinessjournal.com\\\/es\\\/news\\\/25\\\/08\\\/2026\\\/el-condado-de-cameron-solicita-opiniones-sobre-una-carretera-que-podria-conducir-a-la-segunda-calzada-de-spi\\\/\",\"name\":\"Cameron County seeks input on Outer Parkway plans\",\"isPartOf\":{\"@id\":\"https:\\\/\\\/www.rgvbusinessjournal.com\\\/es\\\/#website\"},\"primaryImageOfPage\":{\"@id\":\"https:\\\/\\\/www.rgvbusinessjournal.com\\\/es\\\/news\\\/25\\\/08\\\/2026\\\/el-condado-de-cameron-solicita-opiniones-sobre-una-carretera-que-podria-conducir-a-la-segunda-calzada-de-spi\\\/#primaryimage\"},\"image\":{\"@id\":\"https:\\\/\\\/www.rgvbusinessjournal.com\\\/es\\\/news\\\/25\\\/08\\\/2026\\\/el-condado-de-cameron-solicita-opiniones-sobre-una-carretera-que-podria-conducir-a-la-segunda-calzada-de-spi\\\/#primaryimage\"},\"thumbnailUrl\":\"https:\\\/\\\/www.rgvbusinessjournal.com\\\/wp-content\\\/uploads\\\/2026\\\/08\\\/F72602D1-F251-4C31-9D2B-E401B678D178_1_105_c-2.jpeg\",\"datePublished\":\"2026-08-25T21:20:40+00:00\",\"description\":\"The proposed 21.5-mile Outer Parkway would create a new east-west highway across northern Cameron County as part of a broader route toward the coast.\",\"breadcrumb\":{\"@id\":\"https:\\\/\\\/www.rgvbusinessjournal.com\\\/es\\\/news\\\/25\\\/08\\\/2026\\\/el-condado-de-cameron-solicita-opiniones-sobre-una-carretera-que-podria-conducir-a-la-segunda-calzada-de-spi\\\/#breadcrumb\"},\"inLanguage\":\"es-ES\",\"potentialAction\":[{\"@type\":\"ReadAction\",\"target\":[\"https:\\\/\\\/www.rgvbusinessjournal.com\\\/es\\\/news\\\/25\\\/08\\\/2026\\\/el-condado-de-cameron-solicita-opiniones-sobre-una-carretera-que-podria-conducir-a-la-segunda-calzada-de-spi\\\/\"]}]},{\"@type\":\"ImageObject\",\"inLanguage\":\"es-ES\",\"@id\":\"https:\\\/\\\/www.rgvbusinessjournal.com\\\/es\\\/news\\\/25\\\/08\\\/2026\\\/el-condado-de-cameron-solicita-opiniones-sobre-una-carretera-que-podria-conducir-a-la-segunda-calzada-de-spi\\\/#primaryimage\",\"url\":\"https:\\\/\\\/www.rgvbusinessjournal.com\\\/wp-content\\\/uploads\\\/2026\\\/08\\\/F72602D1-F251-4C31-9D2B-E401B678D178_1_105_c-2.jpeg\",\"contentUrl\":\"https:\\\/\\\/www.rgvbusinessjournal.com\\\/wp-content\\\/uploads\\\/2026\\\/08\\\/F72602D1-F251-4C31-9D2B-E401B678D178_1_105_c-2.jpeg\",\"width\":1024,\"height\":768,\"caption\":\"El tr\u00e1fico cruza la calzada conmemorativa de la reina Isabel hacia South Padre Island. La \u00abOuter Parkway\u00bb, de 21,5 millas de longitud, que se propone construir, pasar\u00eda a formar parte de unos planes de transporte m\u00e1s amplios hacia la costa y de una segunda calzada prevista hacia la isla.\"},{\"@type\":\"BreadcrumbList\",\"@id\":\"https:\\\/\\\/www.rgvbusinessjournal.com\\\/es\\\/news\\\/25\\\/08\\\/2026\\\/el-condado-de-cameron-solicita-opiniones-sobre-una-carretera-que-podria-conducir-a-la-segunda-calzada-de-spi\\\/#breadcrumb\",\"itemListElement\":[{\"@type\":\"ListItem\",\"position\":1,\"name\":\"Home\",\"item\":\"https:\\\/\\\/www.rgvbusinessjournal.com\\\/es\\\/inicio\\\/\"},{\"@type\":\"ListItem\",\"position\":2,\"name\":\"El condado de Cameron solicita opiniones sobre una carretera que podr\u00eda conducir a la segunda calzada de SPI\"}]},{\"@type\":\"WebSite\",\"@id\":\"https:\\\/\\\/www.rgvbusinessjournal.com\\\/es\\\/#website\",\"url\":\"https:\\\/\\\/www.rgvbusinessjournal.com\\\/es\\\/\",\"name\":\"Rio Grande Valley Business Journal\",\"description\":\"\",\"publisher\":{\"@id\":\"https:\\\/\\\/www.rgvbusinessjournal.com\\\/es\\\/#organization\"},\"potentialAction\":[{\"@type\":\"SearchAction\",\"target\":{\"@type\":\"EntryPoint\",\"urlTemplate\":\"https:\\\/\\\/www.rgvbusinessjournal.com\\\/es\\\/?s={search_term_string}\"},\"query-input\":{\"@type\":\"PropertyValueSpecification\",\"valueRequired\":true,\"valueName\":\"search_term_string\"}}],\"inLanguage\":\"es-ES\"},{\"@type\":\"Organization\",\"@id\":\"https:\\\/\\\/www.rgvbusinessjournal.com\\\/es\\\/#organization\",\"name\":\"Rio Grande Valley Business Journal\",\"alternateName\":\"RGV Business Journal\",\"url\":\"https:\\\/\\\/www.rgvbusinessjournal.com\\\/es\\\/\",\"logo\":{\"@type\":\"ImageObject\",\"inLanguage\":\"es-ES\",\"@id\":\"https:\\\/\\\/www.rgvbusinessjournal.com\\\/es\\\/#\\\/schema\\\/logo\\\/image\\\/\",\"url\":\"https:\\\/\\\/www.rgvbusinessjournal.com\\\/wp-content\\\/uploads\\\/2026\\\/01\\\/535504352_122102206586984207_2702720257970470495_n.jpg\",\"contentUrl\":\"https:\\\/\\\/www.rgvbusinessjournal.com\\\/wp-content\\\/uploads\\\/2026\\\/01\\\/535504352_122102206586984207_2702720257970470495_n.jpg\",\"width\":1000,\"height\":1000,\"caption\":\"Rio Grande Valley Business Journal\"},\"image\":{\"@id\":\"https:\\\/\\\/www.rgvbusinessjournal.com\\\/es\\\/#\\\/schema\\\/logo\\\/image\\\/\"},\"sameAs\":[\"https:\\\/\\\/www.facebook.com\\\/RGVBizJournal\\\/\",\"https:\\\/\\\/x.com\\\/RGVBizJournal\",\"https:\\\/\\\/www.linkedin.com\\\/company\\\/rio-grande-valley-business-journal\\\/\",\"https:\\\/\\\/www.youtube.com\\\/@RGVBizJournal\",\"https:\\\/\\\/www.instagram.com\\\/rgvbiznews\\\/\",\"https:\\\/\\\/www.tiktok.com\\\/@rgvbizjournal\"],\"description\":\"The Rio Grande Valley Business Journal is a digital-first newsroom focused on business, economic trends, real estate, healthcare, and regional developments in South Texas (Cameron, Hidalgo, Starr, and Willacy counties) and nearby Mexican industrial cities like Reynosa and Matamoros. It provides impartial reporting, data analyses, and insights for decision-makers in a fast-growing binational corridor home to nearly three million people and billions in annual trade.\",\"naics\":\"511110\"},{\"@type\":\"Person\",\"@id\":\"https:\\\/\\\/www.rgvbusinessjournal.com\\\/es\\\/#\\\/schema\\\/person\\\/c8e183cac23aaa013ebaa56c4c71cf29\",\"name\":\"RGV Business Journal Staff\",\"image\":{\"@type\":\"ImageObject\",\"inLanguage\":\"es-ES\",\"@id\":\"https:\\\/\\\/secure.gravatar.com\\\/avatar\\\/2789a4be9fbaf2edbd51a42856efec9ec9c0451d9e45eb9bec6457d099662868?s=96&r=g\",\"url\":\"https:\\\/\\\/secure.gravatar.com\\\/avatar\\\/2789a4be9fbaf2edbd51a42856efec9ec9c0451d9e45eb9bec6457d099662868?s=96&r=g\",\"contentUrl\":\"https:\\\/\\\/secure.gravatar.com\\\/avatar\\\/2789a4be9fbaf2edbd51a42856efec9ec9c0451d9e45eb9bec6457d099662868?s=96&r=g\",\"caption\":\"RGV Business Journal Staff\"},\"url\":\"https:\\\/\\\/www.rgvbusinessjournal.com\\\/es\\\/news\\\/author\\\/rgv-business-journal-staff\\\/\"}]}<\/script>\n<!-- \/ Yoast SEO Premium plugin. -->","yoast_head_json":{"title":"Cameron County seeks input on Outer Parkway plans","description":"The proposed 21.5-mile Outer Parkway would create a new east-west highway across northern Cameron County as part of a broader route toward the coast.","robots":{"index":"index","follow":"follow","max-snippet":"max-snippet:-1","max-image-preview":"max-image-preview:large","max-video-preview":"max-video-preview:-1"},"canonical":"https:\/\/www.rgvbusinessjournal.com\/es\/news\/25\/08\/2026\/el-condado-de-cameron-solicita-opiniones-sobre-una-carretera-que-podria-conducir-a-la-segunda-calzada-de-spi\/","og_locale":"es_ES","og_type":"article","og_title":"El condado de Cameron solicita opiniones sobre una carretera que podr\u00eda conducir a la segunda calzada de SPI","og_description":"The proposed 21.5-mile Outer Parkway would create a new east-west highway across northern Cameron County as part of a broader route toward the coast.","og_url":"https:\/\/www.rgvbusinessjournal.com\/es\/news\/25\/08\/2026\/el-condado-de-cameron-solicita-opiniones-sobre-una-carretera-que-podria-conducir-a-la-segunda-calzada-de-spi\/","og_site_name":"Rio Grande Valley Business Journal","article_publisher":"https:\/\/www.facebook.com\/RGVBizJournal\/","article_published_time":"2026-08-25T21:20:40+00:00","og_image":[{"width":1024,"height":768,"url":"https:\/\/www.rgvbusinessjournal.com\/wp-content\/uploads\/2026\/08\/F72602D1-F251-4C31-9D2B-E401B678D178_1_105_c-2.jpeg","type":"image\/jpeg"}],"author":"RGV Business Journal Staff","twitter_card":"summary_large_image","twitter_description":"RGV Business Journal covers business news in the Rio Grande Valley of Texas and the Mexican cities of Reynosa and Matamoros.","twitter_creator":"@RGVBizJournal","twitter_site":"@RGVBizJournal","twitter_misc":{"Written by":"RGV Business Journal Staff","Est. reading time":"2 minutes"},"schema":{"@context":"https:\/\/schema.org","@graph":[{"@type":"NewsArticle","@id":"https:\/\/www.rgvbusinessjournal.com\/es\/news\/25\/08\/2026\/el-condado-de-cameron-solicita-opiniones-sobre-una-carretera-que-podria-conducir-a-la-segunda-calzada-de-spi\/#article","isPartOf":{"@id":"https:\/\/www.rgvbusinessjournal.com\/es\/news\/25\/08\/2026\/el-condado-de-cameron-solicita-opiniones-sobre-una-carretera-que-podria-conducir-a-la-segunda-calzada-de-spi\/"},"author":{"name":"RGV Business Journal Staff","@id":"https:\/\/www.rgvbusinessjournal.com\/es\/#\/schema\/person\/c8e183cac23aaa013ebaa56c4c71cf29"},"headline":"El condado de Cameron solicita opiniones sobre una carretera que podr\u00eda conducir a la segunda calzada de SPI","datePublished":"2026-08-25T21:20:40+00:00","mainEntityOfPage":{"@id":"https:\/\/www.rgvbusinessjournal.com\/es\/news\/25\/08\/2026\/el-condado-de-cameron-solicita-opiniones-sobre-una-carretera-que-podria-conducir-a-la-segunda-calzada-de-spi\/"},"wordCount":459,"publisher":{"@id":"https:\/\/www.rgvbusinessjournal.com\/es\/#organization"},"image":{"@id":"https:\/\/www.rgvbusinessjournal.com\/es\/news\/25\/08\/2026\/el-condado-de-cameron-solicita-opiniones-sobre-una-carretera-que-podria-conducir-a-la-segunda-calzada-de-spi\/#primaryimage"},"thumbnailUrl":"https:\/\/www.rgvbusinessjournal.com\/wp-content\/uploads\/2026\/08\/F72602D1-F251-4C31-9D2B-E401B678D178_1_105_c-2.jpeg","keywords":["Cameron County","Cameron County Regional Mobility Authority","CCRMA","I-69E","Infrastructure","Outer Parkway","Rio Hondo (ES)","Second Causeway","SH 104","South Padre Island","transportation"],"articleSection":["Infrastructure","International trade","Tourism","U.S."],"inLanguage":"es-ES"},{"@type":"WebPage","@id":"https:\/\/www.rgvbusinessjournal.com\/es\/news\/25\/08\/2026\/el-condado-de-cameron-solicita-opiniones-sobre-una-carretera-que-podria-conducir-a-la-segunda-calzada-de-spi\/","url":"https:\/\/www.rgvbusinessjournal.com\/es\/news\/25\/08\/2026\/el-condado-de-cameron-solicita-opiniones-sobre-una-carretera-que-podria-conducir-a-la-segunda-calzada-de-spi\/","name":"Cameron County seeks input on Outer Parkway plans","isPartOf":{"@id":"https:\/\/www.rgvbusinessjournal.com\/es\/#website"},"primaryImageOfPage":{"@id":"https:\/\/www.rgvbusinessjournal.com\/es\/news\/25\/08\/2026\/el-condado-de-cameron-solicita-opiniones-sobre-una-carretera-que-podria-conducir-a-la-segunda-calzada-de-spi\/#primaryimage"},"image":{"@id":"https:\/\/www.rgvbusinessjournal.com\/es\/news\/25\/08\/2026\/el-condado-de-cameron-solicita-opiniones-sobre-una-carretera-que-podria-conducir-a-la-segunda-calzada-de-spi\/#primaryimage"},"thumbnailUrl":"https:\/\/www.rgvbusinessjournal.com\/wp-content\/uploads\/2026\/08\/F72602D1-F251-4C31-9D2B-E401B678D178_1_105_c-2.jpeg","datePublished":"2026-08-25T21:20:40+00:00","description":"The proposed 21.5-mile Outer Parkway would create a new east-west highway across northern Cameron County as part of a broader route toward the coast.","breadcrumb":{"@id":"https:\/\/www.rgvbusinessjournal.com\/es\/news\/25\/08\/2026\/el-condado-de-cameron-solicita-opiniones-sobre-una-carretera-que-podria-conducir-a-la-segunda-calzada-de-spi\/#breadcrumb"},"inLanguage":"es-ES","potentialAction":[{"@type":"ReadAction","target":["https:\/\/www.rgvbusinessjournal.com\/es\/news\/25\/08\/2026\/el-condado-de-cameron-solicita-opiniones-sobre-una-carretera-que-podria-conducir-a-la-segunda-calzada-de-spi\/"]}]},{"@type":"ImageObject","inLanguage":"es-ES","@id":"https:\/\/www.rgvbusinessjournal.com\/es\/news\/25\/08\/2026\/el-condado-de-cameron-solicita-opiniones-sobre-una-carretera-que-podria-conducir-a-la-segunda-calzada-de-spi\/#primaryimage","url":"https:\/\/www.rgvbusinessjournal.com\/wp-content\/uploads\/2026\/08\/F72602D1-F251-4C31-9D2B-E401B678D178_1_105_c-2.jpeg","contentUrl":"https:\/\/www.rgvbusinessjournal.com\/wp-content\/uploads\/2026\/08\/F72602D1-F251-4C31-9D2B-E401B678D178_1_105_c-2.jpeg","width":1024,"height":768,"caption":"El tr\u00e1fico cruza la calzada conmemorativa de la reina Isabel hacia South Padre Island. La \u00abOuter Parkway\u00bb, de 21,5 millas de longitud, que se propone construir, pasar\u00eda a formar parte de unos planes de transporte m\u00e1s amplios hacia la costa y de una segunda calzada prevista hacia la isla."},{"@type":"BreadcrumbList","@id":"https:\/\/www.rgvbusinessjournal.com\/es\/news\/25\/08\/2026\/el-condado-de-cameron-solicita-opiniones-sobre-una-carretera-que-podria-conducir-a-la-segunda-calzada-de-spi\/#breadcrumb","itemListElement":[{"@type":"ListItem","position":1,"name":"Home","item":"https:\/\/www.rgvbusinessjournal.com\/es\/inicio\/"},{"@type":"ListItem","position":2,"name":"El condado de Cameron solicita opiniones sobre una carretera que podr\u00eda conducir a la segunda calzada de SPI"}]},{"@type":"WebSite","@id":"https:\/\/www.rgvbusinessjournal.com\/es\/#website","url":"https:\/\/www.rgvbusinessjournal.com\/es\/","name":"Rio Grande Valley Business Journal","description":"","publisher":{"@id":"https:\/\/www.rgvbusinessjournal.com\/es\/#organization"},"potentialAction":[{"@type":"SearchAction","target":{"@type":"EntryPoint","urlTemplate":"https:\/\/www.rgvbusinessjournal.com\/es\/?s={search_term_string}"},"query-input":{"@type":"PropertyValueSpecification","valueRequired":true,"valueName":"search_term_string"}}],"inLanguage":"es-ES"},{"@type":"Organization","@id":"https:\/\/www.rgvbusinessjournal.com\/es\/#organization","name":"Rio Grande Valley Business Journal","alternateName":"RGV Business Journal","url":"https:\/\/www.rgvbusinessjournal.com\/es\/","logo":{"@type":"ImageObject","inLanguage":"es-ES","@id":"https:\/\/www.rgvbusinessjournal.com\/es\/#\/schema\/logo\/image\/","url":"https:\/\/www.rgvbusinessjournal.com\/wp-content\/uploads\/2026\/01\/535504352_122102206586984207_2702720257970470495_n.jpg","contentUrl":"https:\/\/www.rgvbusinessjournal.com\/wp-content\/uploads\/2026\/01\/535504352_122102206586984207_2702720257970470495_n.jpg","width":1000,"height":1000,"caption":"Rio Grande Valley Business Journal"},"image":{"@id":"https:\/\/www.rgvbusinessjournal.com\/es\/#\/schema\/logo\/image\/"},"sameAs":["https:\/\/www.facebook.com\/RGVBizJournal\/","https:\/\/x.com\/RGVBizJournal","https:\/\/www.linkedin.com\/company\/rio-grande-valley-business-journal\/","https:\/\/www.youtube.com\/@RGVBizJournal","https:\/\/www.instagram.com\/rgvbiznews\/","https:\/\/www.tiktok.com\/@rgvbizjournal"],"description":"The Rio Grande Valley Business Journal is a digital-first newsroom focused on business, economic trends, real estate, healthcare, and regional developments in South Texas (Cameron, Hidalgo, Starr, and Willacy counties) and nearby Mexican industrial cities like Reynosa and Matamoros. It provides impartial reporting, data analyses, and insights for decision-makers in a fast-growing binational corridor home to nearly three million people and billions in annual trade.","naics":"511110"},{"@type":"Person","@id":"https:\/\/www.rgvbusinessjournal.com\/es\/#\/schema\/person\/c8e183cac23aaa013ebaa56c4c71cf29","name":"RGV Business Journal Staff","image":{"@type":"ImageObject","inLanguage":"es-ES","@id":"https:\/\/secure.gravatar.com\/avatar\/2789a4be9fbaf2edbd51a42856efec9ec9c0451d9e45eb9bec6457d099662868?s=96&r=g","url":"https:\/\/secure.gravatar.com\/avatar\/2789a4be9fbaf2edbd51a42856efec9ec9c0451d9e45eb9bec6457d099662868?s=96&r=g","contentUrl":"https:\/\/secure.gravatar.com\/avatar\/2789a4be9fbaf2edbd51a42856efec9ec9c0451d9e45eb9bec6457d099662868?s=96&r=g","caption":"RGV Business Journal Staff"},"url":"https:\/\/www.rgvbusinessjournal.com\/es\/news\/author\/rgv-business-journal-staff\/"}]}},"preview_block_count":4,"is_paywalled":true,"_links":{"self":[{"href":"https:\/\/www.rgvbusinessjournal.com\/es\/wp-json\/wp\/v2\/posts\/22389","targetHints":{"allow":["GET"]}}],"collection":[{"href":"https:\/\/www.rgvbusinessjournal.com\/es\/wp-json\/wp\/v2\/posts"}],"about":[{"href":"https:\/\/www.rgvbusinessjournal.com\/es\/wp-json\/wp\/v2\/types\/post"}],"author":[{"embeddable":true,"href":"https:\/\/www.rgvbusinessjournal.com\/es\/wp-json\/wp\/v2\/users\/53"}],"replies":[{"embeddable":true,"href":"https:\/\/www.rgvbusinessjournal.com\/es\/wp-json\/wp\/v2\/comments?post=22389"}],"version-history":[{"count":0,"href":"https:\/\/www.rgvbusinessjournal.com\/es\/wp-json\/wp\/v2\/posts\/22389\/revisions"}],"wp:featuredmedia":[{"embeddable":true,"href":"https:\/\/www.rgvbusinessjournal.com\/es\/wp-json\/wp\/v2\/media\/22390"}],"wp:attachment":[{"href":"https:\/\/www.rgvbusinessjournal.com\/es\/wp-json\/wp\/v2\/media?parent=22389"}],"wp:term":[{"taxonomy":"category","embeddable":true,"href":"https:\/\/www.rgvbusinessjournal.com\/es\/wp-json\/wp\/v2\/categories?post=22389"},{"taxonomy":"post_tag","embeddable":true,"href":"https:\/\/www.rgvbusinessjournal.com\/es\/wp-json\/wp\/v2\/tags?post=22389"}],"curies":[{"name":"wp","href":"https:\/\/api.w.org\/{rel}","templated":true}]}}