{"id":22431,"date":"2026-08-22T20:53:13","date_gmt":"2026-08-23T01:53:13","guid":{"rendered":"https:\/\/www.rgvbusinessjournal.com\/news\/22\/08\/2026\/la-apuesta-de-pharr-por-el-comercio-transfronterizo-le-vale-un-reconocimiento-internacional\/"},"modified":"2026-08-22T20:53:13","modified_gmt":"2026-08-23T01:53:13","slug":"la-apuesta-de-pharr-por-el-comercio-transfronterizo-le-vale-un-reconocimiento-internacional","status":"publish","type":"post","link":"https:\/\/www.rgvbusinessjournal.com\/es\/news\/22\/08\/2026\/la-apuesta-de-pharr-por-el-comercio-transfronterizo-le-vale-un-reconocimiento-internacional\/","title":{"rendered":"La apuesta de Pharr por el comercio transfronterizo le vale un reconocimiento internacional"},"content":{"rendered":"<p class=\"wp-block-paragraph\">La iniciativa de Pharr para convertir su ubicaci\u00f3n fronteriza en una ventaja a\u00fan mayor para las empresas ha obtenido reconocimiento internacional.<\/p><p class=\"wp-block-paragraph\">La Iniciativa de Colaboraci\u00f3n \u00abGlobal Business Hub\u00bb de la Corporaci\u00f3n de Desarrollo Econ\u00f3mico de Pharr ha sido galardonada en la categor\u00eda \u00abColaboraci\u00f3n regional o transfronteriza\u00bb del Programa de Premios a la Excelencia 2026 del Consejo Internacional de Desarrollo Econ\u00f3mico.<\/p><p class=\"wp-block-paragraph\">Este reconocimiento pone de relieve el esfuerzo de Pharr por crear una red que conecte a las empresas y los emprendedores del sur de Texas y M\u00e9xico con las universidades, los recursos de mano de obra y las posibles oportunidades de inversi\u00f3n.<\/p><p class=\"wp-block-paragraph\">El Consejo Internacional para el Desarrollo Econ\u00f3mico, una de las organizaciones m\u00e1s grandes del mundo para profesionales del desarrollo econ\u00f3mico, distingue a los programas bas\u00e1ndose en factores como la colaboraci\u00f3n, la innovaci\u00f3n y el impacto econ\u00f3mico. Los premios de este a\u00f1o se entregar\u00e1n en Nueva Orleans en octubre.<\/p>","protected":false},"excerpt":{"rendered":"<p>El Pharr Global Business Hub fue reconocido por poner en contacto a empresas, emprendedores y oportunidades de inversi\u00f3n en todo el sur de Texas y M\u00e9xico.<\/p>\n","protected":false},"author":53,"featured_media":22432,"comment_status":"","ping_status":"","sticky":false,"template":"","format":"standard","meta":{"_acf_changed":false,"post_views_count":45,"footnotes":""},"categories":[1698,759,816,825],"tags":[4944,140,138,4798,55,237,1852],"class_list":["post-22431","post","type-post","status-publish","format-standard","has-post-thumbnail","hentry","category-economic-incentives","category-international-trade","category-mexico","category-u-s","tag-centro-de-negocios-globales-de-pharr-es","tag-cross-border-trade","tag-economic-development","tag-international-economic-development-council","tag-international-trade","tag-pharr","tag-pharr-economic-development-corporation"],"acf":{"is_features_post":"","is_sponser":"","hide_author":"","hide_author_biography":""},"yoast_head":"<!-- This site is optimized with the Yoast SEO Premium plugin v28.3 (Yoast SEO v28.3) - https:\/\/yoast.com\/product\/yoast-seo-premium-wordpress\/ -->\n<title>La apuesta de Pharr por el comercio transfronterizo le vale un reconocimiento internacional<\/title>\n<meta name=\"description\" content=\"The Pharr Global Business Hub was recognized for connecting businesses, entrepreneurs, and investment opportunities across South Texas and Mexico.\" \/>\n<meta name=\"robots\" content=\"index, follow, max-snippet:-1, max-image-preview:large, max-video-preview:-1\" \/>\n<link rel=\"canonical\" href=\"https:\/\/www.rgvbusinessjournal.com\/es\/news\/22\/08\/2026\/la-apuesta-de-pharr-por-el-comercio-transfronterizo-le-vale-un-reconocimiento-internacional\/\" \/>\n<meta property=\"og:locale\" content=\"es_ES\" \/>\n<meta property=\"og:type\" content=\"article\" \/>\n<meta property=\"og:title\" content=\"La apuesta de Pharr por el comercio transfronterizo le vale un reconocimiento internacional\" \/>\n<meta property=\"og:description\" content=\"The Pharr Global Business Hub was recognized for connecting businesses, entrepreneurs, and investment opportunities across South Texas and Mexico.\" \/>\n<meta property=\"og:url\" content=\"https:\/\/www.rgvbusinessjournal.com\/es\/news\/22\/08\/2026\/la-apuesta-de-pharr-por-el-comercio-transfronterizo-le-vale-un-reconocimiento-internacional\/\" \/>\n<meta property=\"og:site_name\" content=\"Rio Grande Valley Business Journal\" \/>\n<meta property=\"article:publisher\" content=\"https:\/\/www.facebook.com\/RGVBizJournal\/\" \/>\n<meta property=\"article:published_time\" content=\"2026-08-23T01:53:13+00:00\" \/>\n<meta property=\"og:image\" content=\"https:\/\/www.rgvbusinessjournal.com\/wp-content\/uploads\/2026\/08\/0187F94E-A794-4971-9B0A-A84CB31057A2_1_201_a.jpeg\" \/>\n\t<meta property=\"og:image:width\" content=\"581\" \/>\n\t<meta property=\"og:image:height\" content=\"436\" \/>\n\t<meta property=\"og:image:type\" content=\"image\/jpeg\" \/>\n<meta name=\"author\" content=\"RGV Business Journal Staff\" \/>\n<meta name=\"twitter:card\" content=\"summary_large_image\" \/>\n<meta name=\"twitter:description\" content=\"RGV Business Journal covers business news in the Rio Grande Valley of Texas and the Mexican cities of Reynosa and Matamoros.\" \/>\n<meta name=\"twitter:creator\" content=\"@RGVBizJournal\" \/>\n<meta name=\"twitter:site\" content=\"@RGVBizJournal\" \/>\n<meta name=\"twitter:label1\" content=\"Written by\" \/>\n\t<meta name=\"twitter:data1\" content=\"RGV Business Journal Staff\" \/>\n\t<meta name=\"twitter:label2\" content=\"Est. reading time\" \/>\n\t<meta name=\"twitter:data2\" content=\"3 minutes\" \/>\n<script type=\"application\/ld+json\" class=\"yoast-schema-graph\">{\"@context\":\"https:\\\/\\\/schema.org\",\"@graph\":[{\"@type\":\"NewsArticle\",\"@id\":\"https:\\\/\\\/www.rgvbusinessjournal.com\\\/es\\\/news\\\/22\\\/08\\\/2026\\\/la-apuesta-de-pharr-por-el-comercio-transfronterizo-le-vale-un-reconocimiento-internacional\\\/#article\",\"isPartOf\":{\"@id\":\"https:\\\/\\\/www.rgvbusinessjournal.com\\\/es\\\/news\\\/22\\\/08\\\/2026\\\/la-apuesta-de-pharr-por-el-comercio-transfronterizo-le-vale-un-reconocimiento-internacional\\\/\"},\"author\":{\"name\":\"RGV Business Journal Staff\",\"@id\":\"https:\\\/\\\/www.rgvbusinessjournal.com\\\/es\\\/#\\\/schema\\\/person\\\/c8e183cac23aaa013ebaa56c4c71cf29\"},\"headline\":\"La apuesta de Pharr por el comercio transfronterizo le vale un reconocimiento internacional\",\"datePublished\":\"2026-08-23T01:53:13+00:00\",\"mainEntityOfPage\":{\"@id\":\"https:\\\/\\\/www.rgvbusinessjournal.com\\\/es\\\/news\\\/22\\\/08\\\/2026\\\/la-apuesta-de-pharr-por-el-comercio-transfronterizo-le-vale-un-reconocimiento-internacional\\\/\"},\"wordCount\":621,\"publisher\":{\"@id\":\"https:\\\/\\\/www.rgvbusinessjournal.com\\\/es\\\/#organization\"},\"image\":{\"@id\":\"https:\\\/\\\/www.rgvbusinessjournal.com\\\/es\\\/news\\\/22\\\/08\\\/2026\\\/la-apuesta-de-pharr-por-el-comercio-transfronterizo-le-vale-un-reconocimiento-internacional\\\/#primaryimage\"},\"thumbnailUrl\":\"https:\\\/\\\/www.rgvbusinessjournal.com\\\/wp-content\\\/uploads\\\/2026\\\/08\\\/0187F94E-A794-4971-9B0A-A84CB31057A2_1_201_a.jpeg\",\"keywords\":[\"Centro de Negocios Globales de Pharr\",\"Cross-Border Trade\",\"economic development\",\"International Economic Development Council\",\"International Trade\",\"Pharr\",\"Pharr Economic Development Corporation\"],\"articleSection\":[\"Economic incentives\",\"International trade\",\"Mexico\",\"U.S.\"],\"inLanguage\":\"es-ES\"},{\"@type\":\"WebPage\",\"@id\":\"https:\\\/\\\/www.rgvbusinessjournal.com\\\/es\\\/news\\\/22\\\/08\\\/2026\\\/la-apuesta-de-pharr-por-el-comercio-transfronterizo-le-vale-un-reconocimiento-internacional\\\/\",\"url\":\"https:\\\/\\\/www.rgvbusinessjournal.com\\\/es\\\/news\\\/22\\\/08\\\/2026\\\/la-apuesta-de-pharr-por-el-comercio-transfronterizo-le-vale-un-reconocimiento-internacional\\\/\",\"name\":\"La apuesta de Pharr por el comercio transfronterizo le vale un reconocimiento internacional\",\"isPartOf\":{\"@id\":\"https:\\\/\\\/www.rgvbusinessjournal.com\\\/es\\\/#website\"},\"primaryImageOfPage\":{\"@id\":\"https:\\\/\\\/www.rgvbusinessjournal.com\\\/es\\\/news\\\/22\\\/08\\\/2026\\\/la-apuesta-de-pharr-por-el-comercio-transfronterizo-le-vale-un-reconocimiento-internacional\\\/#primaryimage\"},\"image\":{\"@id\":\"https:\\\/\\\/www.rgvbusinessjournal.com\\\/es\\\/news\\\/22\\\/08\\\/2026\\\/la-apuesta-de-pharr-por-el-comercio-transfronterizo-le-vale-un-reconocimiento-internacional\\\/#primaryimage\"},\"thumbnailUrl\":\"https:\\\/\\\/www.rgvbusinessjournal.com\\\/wp-content\\\/uploads\\\/2026\\\/08\\\/0187F94E-A794-4971-9B0A-A84CB31057A2_1_201_a.jpeg\",\"datePublished\":\"2026-08-23T01:53:13+00:00\",\"description\":\"The Pharr Global Business Hub was recognized for connecting businesses, entrepreneurs, and investment opportunities across South Texas and Mexico.\",\"breadcrumb\":{\"@id\":\"https:\\\/\\\/www.rgvbusinessjournal.com\\\/es\\\/news\\\/22\\\/08\\\/2026\\\/la-apuesta-de-pharr-por-el-comercio-transfronterizo-le-vale-un-reconocimiento-internacional\\\/#breadcrumb\"},\"inLanguage\":\"es-ES\",\"potentialAction\":[{\"@type\":\"ReadAction\",\"target\":[\"https:\\\/\\\/www.rgvbusinessjournal.com\\\/es\\\/news\\\/22\\\/08\\\/2026\\\/la-apuesta-de-pharr-por-el-comercio-transfronterizo-le-vale-un-reconocimiento-internacional\\\/\"]}]},{\"@type\":\"ImageObject\",\"inLanguage\":\"es-ES\",\"@id\":\"https:\\\/\\\/www.rgvbusinessjournal.com\\\/es\\\/news\\\/22\\\/08\\\/2026\\\/la-apuesta-de-pharr-por-el-comercio-transfronterizo-le-vale-un-reconocimiento-internacional\\\/#primaryimage\",\"url\":\"https:\\\/\\\/www.rgvbusinessjournal.com\\\/wp-content\\\/uploads\\\/2026\\\/08\\\/0187F94E-A794-4971-9B0A-A84CB31057A2_1_201_a.jpeg\",\"contentUrl\":\"https:\\\/\\\/www.rgvbusinessjournal.com\\\/wp-content\\\/uploads\\\/2026\\\/08\\\/0187F94E-A794-4971-9B0A-A84CB31057A2_1_201_a.jpeg\",\"width\":581,\"height\":436,\"caption\":\"El Pharr Global Business Hub pone en contacto a empresas, emprendedores y socios regionales con recursos destinados a ampliar el comercio y la inversi\u00f3n entre el sur de Texas y M\u00e9xico. Cortes\u00eda de | Ayuntamiento de Pharr\"},{\"@type\":\"BreadcrumbList\",\"@id\":\"https:\\\/\\\/www.rgvbusinessjournal.com\\\/es\\\/news\\\/22\\\/08\\\/2026\\\/la-apuesta-de-pharr-por-el-comercio-transfronterizo-le-vale-un-reconocimiento-internacional\\\/#breadcrumb\",\"itemListElement\":[{\"@type\":\"ListItem\",\"position\":1,\"name\":\"Home\",\"item\":\"https:\\\/\\\/www.rgvbusinessjournal.com\\\/es\\\/inicio\\\/\"},{\"@type\":\"ListItem\",\"position\":2,\"name\":\"La apuesta de Pharr por el comercio transfronterizo le vale un reconocimiento internacional\"}]},{\"@type\":\"WebSite\",\"@id\":\"https:\\\/\\\/www.rgvbusinessjournal.com\\\/es\\\/#website\",\"url\":\"https:\\\/\\\/www.rgvbusinessjournal.com\\\/es\\\/\",\"name\":\"Rio Grande Valley Business Journal\",\"description\":\"\",\"publisher\":{\"@id\":\"https:\\\/\\\/www.rgvbusinessjournal.com\\\/es\\\/#organization\"},\"potentialAction\":[{\"@type\":\"SearchAction\",\"target\":{\"@type\":\"EntryPoint\",\"urlTemplate\":\"https:\\\/\\\/www.rgvbusinessjournal.com\\\/es\\\/?s={search_term_string}\"},\"query-input\":{\"@type\":\"PropertyValueSpecification\",\"valueRequired\":true,\"valueName\":\"search_term_string\"}}],\"inLanguage\":\"es-ES\"},{\"@type\":\"Organization\",\"@id\":\"https:\\\/\\\/www.rgvbusinessjournal.com\\\/es\\\/#organization\",\"name\":\"Rio Grande Valley Business Journal\",\"alternateName\":\"RGV Business Journal\",\"url\":\"https:\\\/\\\/www.rgvbusinessjournal.com\\\/es\\\/\",\"logo\":{\"@type\":\"ImageObject\",\"inLanguage\":\"es-ES\",\"@id\":\"https:\\\/\\\/www.rgvbusinessjournal.com\\\/es\\\/#\\\/schema\\\/logo\\\/image\\\/\",\"url\":\"https:\\\/\\\/www.rgvbusinessjournal.com\\\/wp-content\\\/uploads\\\/2026\\\/01\\\/535504352_122102206586984207_2702720257970470495_n.jpg\",\"contentUrl\":\"https:\\\/\\\/www.rgvbusinessjournal.com\\\/wp-content\\\/uploads\\\/2026\\\/01\\\/535504352_122102206586984207_2702720257970470495_n.jpg\",\"width\":1000,\"height\":1000,\"caption\":\"Rio Grande Valley Business Journal\"},\"image\":{\"@id\":\"https:\\\/\\\/www.rgvbusinessjournal.com\\\/es\\\/#\\\/schema\\\/logo\\\/image\\\/\"},\"sameAs\":[\"https:\\\/\\\/www.facebook.com\\\/RGVBizJournal\\\/\",\"https:\\\/\\\/x.com\\\/RGVBizJournal\",\"https:\\\/\\\/www.linkedin.com\\\/company\\\/rio-grande-valley-business-journal\\\/\",\"https:\\\/\\\/www.youtube.com\\\/@RGVBizJournal\",\"https:\\\/\\\/www.instagram.com\\\/rgvbiznews\\\/\",\"https:\\\/\\\/www.tiktok.com\\\/@rgvbizjournal\"],\"description\":\"The Rio Grande Valley Business Journal is a digital-first newsroom focused on business, economic trends, real estate, healthcare, and regional developments in South Texas (Cameron, Hidalgo, Starr, and Willacy counties) and nearby Mexican industrial cities like Reynosa and Matamoros. It provides impartial reporting, data analyses, and insights for decision-makers in a fast-growing binational corridor home to nearly three million people and billions in annual trade.\",\"naics\":\"511110\"},{\"@type\":\"Person\",\"@id\":\"https:\\\/\\\/www.rgvbusinessjournal.com\\\/es\\\/#\\\/schema\\\/person\\\/c8e183cac23aaa013ebaa56c4c71cf29\",\"name\":\"RGV Business Journal Staff\",\"image\":{\"@type\":\"ImageObject\",\"inLanguage\":\"es-ES\",\"@id\":\"https:\\\/\\\/secure.gravatar.com\\\/avatar\\\/2789a4be9fbaf2edbd51a42856efec9ec9c0451d9e45eb9bec6457d099662868?s=96&r=g\",\"url\":\"https:\\\/\\\/secure.gravatar.com\\\/avatar\\\/2789a4be9fbaf2edbd51a42856efec9ec9c0451d9e45eb9bec6457d099662868?s=96&r=g\",\"contentUrl\":\"https:\\\/\\\/secure.gravatar.com\\\/avatar\\\/2789a4be9fbaf2edbd51a42856efec9ec9c0451d9e45eb9bec6457d099662868?s=96&r=g\",\"caption\":\"RGV Business Journal Staff\"},\"url\":\"https:\\\/\\\/www.rgvbusinessjournal.com\\\/es\\\/news\\\/author\\\/rgv-business-journal-staff\\\/\"}]}<\/script>\n<!-- \/ Yoast SEO Premium plugin. -->","yoast_head_json":{"title":"La apuesta de Pharr por el comercio transfronterizo le vale un reconocimiento internacional","description":"The Pharr Global Business Hub was recognized for connecting businesses, entrepreneurs, and investment opportunities across South Texas and Mexico.","robots":{"index":"index","follow":"follow","max-snippet":"max-snippet:-1","max-image-preview":"max-image-preview:large","max-video-preview":"max-video-preview:-1"},"canonical":"https:\/\/www.rgvbusinessjournal.com\/es\/news\/22\/08\/2026\/la-apuesta-de-pharr-por-el-comercio-transfronterizo-le-vale-un-reconocimiento-internacional\/","og_locale":"es_ES","og_type":"article","og_title":"La apuesta de Pharr por el comercio transfronterizo le vale un reconocimiento internacional","og_description":"The Pharr Global Business Hub was recognized for connecting businesses, entrepreneurs, and investment opportunities across South Texas and Mexico.","og_url":"https:\/\/www.rgvbusinessjournal.com\/es\/news\/22\/08\/2026\/la-apuesta-de-pharr-por-el-comercio-transfronterizo-le-vale-un-reconocimiento-internacional\/","og_site_name":"Rio Grande Valley Business Journal","article_publisher":"https:\/\/www.facebook.com\/RGVBizJournal\/","article_published_time":"2026-08-23T01:53:13+00:00","og_image":[{"width":581,"height":436,"url":"https:\/\/www.rgvbusinessjournal.com\/wp-content\/uploads\/2026\/08\/0187F94E-A794-4971-9B0A-A84CB31057A2_1_201_a.jpeg","type":"image\/jpeg"}],"author":"RGV Business Journal Staff","twitter_card":"summary_large_image","twitter_description":"RGV Business Journal covers business news in the Rio Grande Valley of Texas and the Mexican cities of Reynosa and Matamoros.","twitter_creator":"@RGVBizJournal","twitter_site":"@RGVBizJournal","twitter_misc":{"Written by":"RGV Business Journal Staff","Est. reading time":"3 minutes"},"schema":{"@context":"https:\/\/schema.org","@graph":[{"@type":"NewsArticle","@id":"https:\/\/www.rgvbusinessjournal.com\/es\/news\/22\/08\/2026\/la-apuesta-de-pharr-por-el-comercio-transfronterizo-le-vale-un-reconocimiento-internacional\/#article","isPartOf":{"@id":"https:\/\/www.rgvbusinessjournal.com\/es\/news\/22\/08\/2026\/la-apuesta-de-pharr-por-el-comercio-transfronterizo-le-vale-un-reconocimiento-internacional\/"},"author":{"name":"RGV Business Journal Staff","@id":"https:\/\/www.rgvbusinessjournal.com\/es\/#\/schema\/person\/c8e183cac23aaa013ebaa56c4c71cf29"},"headline":"La apuesta de Pharr por el comercio transfronterizo le vale un reconocimiento internacional","datePublished":"2026-08-23T01:53:13+00:00","mainEntityOfPage":{"@id":"https:\/\/www.rgvbusinessjournal.com\/es\/news\/22\/08\/2026\/la-apuesta-de-pharr-por-el-comercio-transfronterizo-le-vale-un-reconocimiento-internacional\/"},"wordCount":621,"publisher":{"@id":"https:\/\/www.rgvbusinessjournal.com\/es\/#organization"},"image":{"@id":"https:\/\/www.rgvbusinessjournal.com\/es\/news\/22\/08\/2026\/la-apuesta-de-pharr-por-el-comercio-transfronterizo-le-vale-un-reconocimiento-internacional\/#primaryimage"},"thumbnailUrl":"https:\/\/www.rgvbusinessjournal.com\/wp-content\/uploads\/2026\/08\/0187F94E-A794-4971-9B0A-A84CB31057A2_1_201_a.jpeg","keywords":["Centro de Negocios Globales de Pharr","Cross-Border Trade","economic development","International Economic Development Council","International Trade","Pharr","Pharr Economic Development Corporation"],"articleSection":["Economic incentives","International trade","Mexico","U.S."],"inLanguage":"es-ES"},{"@type":"WebPage","@id":"https:\/\/www.rgvbusinessjournal.com\/es\/news\/22\/08\/2026\/la-apuesta-de-pharr-por-el-comercio-transfronterizo-le-vale-un-reconocimiento-internacional\/","url":"https:\/\/www.rgvbusinessjournal.com\/es\/news\/22\/08\/2026\/la-apuesta-de-pharr-por-el-comercio-transfronterizo-le-vale-un-reconocimiento-internacional\/","name":"La apuesta de Pharr por el comercio transfronterizo le vale un reconocimiento internacional","isPartOf":{"@id":"https:\/\/www.rgvbusinessjournal.com\/es\/#website"},"primaryImageOfPage":{"@id":"https:\/\/www.rgvbusinessjournal.com\/es\/news\/22\/08\/2026\/la-apuesta-de-pharr-por-el-comercio-transfronterizo-le-vale-un-reconocimiento-internacional\/#primaryimage"},"image":{"@id":"https:\/\/www.rgvbusinessjournal.com\/es\/news\/22\/08\/2026\/la-apuesta-de-pharr-por-el-comercio-transfronterizo-le-vale-un-reconocimiento-internacional\/#primaryimage"},"thumbnailUrl":"https:\/\/www.rgvbusinessjournal.com\/wp-content\/uploads\/2026\/08\/0187F94E-A794-4971-9B0A-A84CB31057A2_1_201_a.jpeg","datePublished":"2026-08-23T01:53:13+00:00","description":"The Pharr Global Business Hub was recognized for connecting businesses, entrepreneurs, and investment opportunities across South Texas and Mexico.","breadcrumb":{"@id":"https:\/\/www.rgvbusinessjournal.com\/es\/news\/22\/08\/2026\/la-apuesta-de-pharr-por-el-comercio-transfronterizo-le-vale-un-reconocimiento-internacional\/#breadcrumb"},"inLanguage":"es-ES","potentialAction":[{"@type":"ReadAction","target":["https:\/\/www.rgvbusinessjournal.com\/es\/news\/22\/08\/2026\/la-apuesta-de-pharr-por-el-comercio-transfronterizo-le-vale-un-reconocimiento-internacional\/"]}]},{"@type":"ImageObject","inLanguage":"es-ES","@id":"https:\/\/www.rgvbusinessjournal.com\/es\/news\/22\/08\/2026\/la-apuesta-de-pharr-por-el-comercio-transfronterizo-le-vale-un-reconocimiento-internacional\/#primaryimage","url":"https:\/\/www.rgvbusinessjournal.com\/wp-content\/uploads\/2026\/08\/0187F94E-A794-4971-9B0A-A84CB31057A2_1_201_a.jpeg","contentUrl":"https:\/\/www.rgvbusinessjournal.com\/wp-content\/uploads\/2026\/08\/0187F94E-A794-4971-9B0A-A84CB31057A2_1_201_a.jpeg","width":581,"height":436,"caption":"El Pharr Global Business Hub pone en contacto a empresas, emprendedores y socios regionales con recursos destinados a ampliar el comercio y la inversi\u00f3n entre el sur de Texas y M\u00e9xico. Cortes\u00eda de | Ayuntamiento de Pharr"},{"@type":"BreadcrumbList","@id":"https:\/\/www.rgvbusinessjournal.com\/es\/news\/22\/08\/2026\/la-apuesta-de-pharr-por-el-comercio-transfronterizo-le-vale-un-reconocimiento-internacional\/#breadcrumb","itemListElement":[{"@type":"ListItem","position":1,"name":"Home","item":"https:\/\/www.rgvbusinessjournal.com\/es\/inicio\/"},{"@type":"ListItem","position":2,"name":"La apuesta de Pharr por el comercio transfronterizo le vale un reconocimiento internacional"}]},{"@type":"WebSite","@id":"https:\/\/www.rgvbusinessjournal.com\/es\/#website","url":"https:\/\/www.rgvbusinessjournal.com\/es\/","name":"Rio Grande Valley Business Journal","description":"","publisher":{"@id":"https:\/\/www.rgvbusinessjournal.com\/es\/#organization"},"potentialAction":[{"@type":"SearchAction","target":{"@type":"EntryPoint","urlTemplate":"https:\/\/www.rgvbusinessjournal.com\/es\/?s={search_term_string}"},"query-input":{"@type":"PropertyValueSpecification","valueRequired":true,"valueName":"search_term_string"}}],"inLanguage":"es-ES"},{"@type":"Organization","@id":"https:\/\/www.rgvbusinessjournal.com\/es\/#organization","name":"Rio Grande Valley Business Journal","alternateName":"RGV Business Journal","url":"https:\/\/www.rgvbusinessjournal.com\/es\/","logo":{"@type":"ImageObject","inLanguage":"es-ES","@id":"https:\/\/www.rgvbusinessjournal.com\/es\/#\/schema\/logo\/image\/","url":"https:\/\/www.rgvbusinessjournal.com\/wp-content\/uploads\/2026\/01\/535504352_122102206586984207_2702720257970470495_n.jpg","contentUrl":"https:\/\/www.rgvbusinessjournal.com\/wp-content\/uploads\/2026\/01\/535504352_122102206586984207_2702720257970470495_n.jpg","width":1000,"height":1000,"caption":"Rio Grande Valley Business Journal"},"image":{"@id":"https:\/\/www.rgvbusinessjournal.com\/es\/#\/schema\/logo\/image\/"},"sameAs":["https:\/\/www.facebook.com\/RGVBizJournal\/","https:\/\/x.com\/RGVBizJournal","https:\/\/www.linkedin.com\/company\/rio-grande-valley-business-journal\/","https:\/\/www.youtube.com\/@RGVBizJournal","https:\/\/www.instagram.com\/rgvbiznews\/","https:\/\/www.tiktok.com\/@rgvbizjournal"],"description":"The Rio Grande Valley Business Journal is a digital-first newsroom focused on business, economic trends, real estate, healthcare, and regional developments in South Texas (Cameron, Hidalgo, Starr, and Willacy counties) and nearby Mexican industrial cities like Reynosa and Matamoros. It provides impartial reporting, data analyses, and insights for decision-makers in a fast-growing binational corridor home to nearly three million people and billions in annual trade.","naics":"511110"},{"@type":"Person","@id":"https:\/\/www.rgvbusinessjournal.com\/es\/#\/schema\/person\/c8e183cac23aaa013ebaa56c4c71cf29","name":"RGV Business Journal Staff","image":{"@type":"ImageObject","inLanguage":"es-ES","@id":"https:\/\/secure.gravatar.com\/avatar\/2789a4be9fbaf2edbd51a42856efec9ec9c0451d9e45eb9bec6457d099662868?s=96&r=g","url":"https:\/\/secure.gravatar.com\/avatar\/2789a4be9fbaf2edbd51a42856efec9ec9c0451d9e45eb9bec6457d099662868?s=96&r=g","contentUrl":"https:\/\/secure.gravatar.com\/avatar\/2789a4be9fbaf2edbd51a42856efec9ec9c0451d9e45eb9bec6457d099662868?s=96&r=g","caption":"RGV Business Journal Staff"},"url":"https:\/\/www.rgvbusinessjournal.com\/es\/news\/author\/rgv-business-journal-staff\/"}]}},"preview_block_count":4,"is_paywalled":true,"_links":{"self":[{"href":"https:\/\/www.rgvbusinessjournal.com\/es\/wp-json\/wp\/v2\/posts\/22431","targetHints":{"allow":["GET"]}}],"collection":[{"href":"https:\/\/www.rgvbusinessjournal.com\/es\/wp-json\/wp\/v2\/posts"}],"about":[{"href":"https:\/\/www.rgvbusinessjournal.com\/es\/wp-json\/wp\/v2\/types\/post"}],"author":[{"embeddable":true,"href":"https:\/\/www.rgvbusinessjournal.com\/es\/wp-json\/wp\/v2\/users\/53"}],"replies":[{"embeddable":true,"href":"https:\/\/www.rgvbusinessjournal.com\/es\/wp-json\/wp\/v2\/comments?post=22431"}],"version-history":[{"count":0,"href":"https:\/\/www.rgvbusinessjournal.com\/es\/wp-json\/wp\/v2\/posts\/22431\/revisions"}],"wp:featuredmedia":[{"embeddable":true,"href":"https:\/\/www.rgvbusinessjournal.com\/es\/wp-json\/wp\/v2\/media\/22432"}],"wp:attachment":[{"href":"https:\/\/www.rgvbusinessjournal.com\/es\/wp-json\/wp\/v2\/media?parent=22431"}],"wp:term":[{"taxonomy":"category","embeddable":true,"href":"https:\/\/www.rgvbusinessjournal.com\/es\/wp-json\/wp\/v2\/categories?post=22431"},{"taxonomy":"post_tag","embeddable":true,"href":"https:\/\/www.rgvbusinessjournal.com\/es\/wp-json\/wp\/v2\/tags?post=22431"}],"curies":[{"name":"wp","href":"https:\/\/api.w.org\/{rel}","templated":true}]}}