{"id":22437,"date":"2026-08-25T19:31:03","date_gmt":"2026-08-26T00:31:03","guid":{"rendered":"https:\/\/www.rgvbusinessjournal.com\/news\/25\/08\/2026\/el-crecimiento-del-empleo-en-el-valle-del-rio-grande-se-ralentiza-hasta-casi-detenerse-durante-el-mes-de-julio\/"},"modified":"2026-08-25T19:31:03","modified_gmt":"2026-08-26T00:31:03","slug":"el-crecimiento-del-empleo-en-el-valle-del-rio-grande-se-ralentiza-hasta-casi-detenerse-durante-el-mes-de-julio","status":"publish","type":"post","link":"https:\/\/www.rgvbusinessjournal.com\/es\/news\/25\/08\/2026\/el-crecimiento-del-empleo-en-el-valle-del-rio-grande-se-ralentiza-hasta-casi-detenerse-durante-el-mes-de-julio\/","title":{"rendered":"El crecimiento del empleo en el Valle del R\u00edo Grande se ralentiza hasta casi detenerse durante el mes de julio"},"content":{"rendered":"<p class=\"wp-block-paragraph\">El \u00faltimo informe sobre el empleo en el Valle del R\u00edo Grande muestra un crecimiento lento hasta julio, seg\u00fan los datos de la Comisi\u00f3n de la Fuerza Laboral de Texas, basados en las estimaciones de la Oficina de Estad\u00edsticas Laborales.\u00a0<\/p><p class=\"wp-block-paragraph\">El \u00e1rea metropolitana de McAllen-Edinburg-Mission cre\u00f3 4.800 puestos de trabajo a lo largo del a\u00f1o hasta julio, lo que supone un aumento del 1,58 % y un total de 308.500 puestos de trabajo no agr\u00edcolas.\u00a0<\/p><div class=\"flourish-embed flourish-chart\" data-src=\"visualisation\/30063456\"><img decoding=\"async\" src=\"https:\/\/public.flourish.studio\/visualisation\/30063456\/thumbnail\" width=\"100%\" alt=\"visualizaci\u00f3n de gr\u00e1ficos\" \/><\/div>\n\n\n\n<p class=\"wp-block-paragraph\">El sector de la informaci\u00f3n, que incluye puestos de trabajo tecnol\u00f3gicos como la programaci\u00f3n inform\u00e1tica y el soporte inform\u00e1tico, as\u00ed como los proveedores de telecomunicaciones, registr\u00f3 la mayor ca\u00edda porcentual a lo largo del a\u00f1o: un descenso del 5,56 %, hasta los 3.400 puestos de trabajo en julio de 2026 en el \u00e1rea metropolitana de McAllen.\u00a0<\/p><p class=\"wp-block-paragraph\">Esas p\u00e9rdidas se vieron compensadas por el aumento de empleo en los sectores de la educaci\u00f3n privada y los servicios sanitarios, que crecieron un 3,45 % a lo largo del a\u00f1o hasta alcanzar los 98 900 puestos de trabajo. La educaci\u00f3n privada incluye a los empleados de los colegios concertados, entre ellos los profesores.\u00a0<\/p>","protected":false},"excerpt":{"rendered":"<p>El Valle cre\u00f3 4.900 puestos de trabajo a lo largo del a\u00f1o hasta julio, casi en su totalidad en el \u00e1rea metropolitana de McAllen, mientras que Brownsville-Harlingen solo cre\u00f3 100.<\/p>\n","protected":false},"author":9,"featured_media":22438,"comment_status":"","ping_status":"","sticky":false,"template":"","format":"standard","meta":{"_acf_changed":false,"post_views_count":74,"footnotes":""},"categories":[17,825,1223],"tags":[56,309,193,82,106,188,308,224,441,69,62,70,160,367,186],"class_list":["post-22437","post","type-post","status-publish","format-standard","has-post-thumbnail","hentry","category-economic-trends","category-u-s","category-workforce","tag-brownsville","tag-bureau-of-labor-statistics","tag-construction","tag-economy","tag-edinburg","tag-employment","tag-harlingen","tag-jobs","tag-manufacturing","tag-mcallen","tag-mission","tag-rio-grande-valley","tag-spacex","tag-texas-workforce-commission","tag-workforce"],"acf":{"is_features_post":["yes"],"is_sponser":"","hide_author":"","hide_author_biography":""},"yoast_head":"<!-- This site is optimized with the Yoast SEO Premium plugin v28.3 (Yoast SEO v28.3) - https:\/\/yoast.com\/product\/yoast-seo-premium-wordpress\/ -->\n<title>El crecimiento del empleo en el Valle del R\u00edo Grande se ralentiza hasta casi detenerse durante el mes de julio<\/title>\n<meta name=\"description\" content=\"The Valley added 4,900 jobs over the year through July, almost entirely in the McAllen metro, while Brownsville-Harlingen added just 100.\" \/>\n<meta name=\"robots\" content=\"index, follow, max-snippet:-1, max-image-preview:large, max-video-preview:-1\" \/>\n<link rel=\"canonical\" href=\"https:\/\/www.rgvbusinessjournal.com\/es\/news\/25\/08\/2026\/el-crecimiento-del-empleo-en-el-valle-del-rio-grande-se-ralentiza-hasta-casi-detenerse-durante-el-mes-de-julio\/\" \/>\n<meta property=\"og:locale\" content=\"es_ES\" \/>\n<meta property=\"og:type\" content=\"article\" \/>\n<meta property=\"og:title\" content=\"El crecimiento del empleo en el Valle del R\u00edo Grande se ralentiza hasta casi detenerse durante el mes de julio\" \/>\n<meta property=\"og:description\" content=\"The Valley added 4,900 jobs over the year through July, almost entirely in the McAllen metro, while Brownsville-Harlingen added just 100.\" \/>\n<meta property=\"og:url\" content=\"https:\/\/www.rgvbusinessjournal.com\/es\/news\/25\/08\/2026\/el-crecimiento-del-empleo-en-el-valle-del-rio-grande-se-ralentiza-hasta-casi-detenerse-durante-el-mes-de-julio\/\" \/>\n<meta property=\"og:site_name\" content=\"Rio Grande Valley Business Journal\" \/>\n<meta property=\"article:publisher\" content=\"https:\/\/www.facebook.com\/RGVBizJournal\/\" \/>\n<meta property=\"article:published_time\" content=\"2026-08-26T00:31:03+00:00\" \/>\n<meta property=\"og:image\" content=\"https:\/\/www.rgvbusinessjournal.com\/wp-content\/uploads\/2026\/08\/JobFairPharrTexasAugust2026-scaled.jpeg\" \/>\n\t<meta property=\"og:image:width\" content=\"2560\" \/>\n\t<meta property=\"og:image:height\" content=\"2093\" \/>\n\t<meta property=\"og:image:type\" content=\"image\/jpeg\" \/>\n<meta name=\"author\" content=\"Kristen Mosbrucker-Garza\" \/>\n<meta name=\"twitter:card\" content=\"summary_large_image\" \/>\n<meta name=\"twitter:description\" content=\"RGV Business Journal covers business news in the Rio Grande Valley of Texas and the Mexican cities of Reynosa and Matamoros.\" \/>\n<meta name=\"twitter:creator\" content=\"@https:\/\/x.com\/k_mosbrucker\" \/>\n<meta name=\"twitter:site\" content=\"@RGVBizJournal\" \/>\n<meta name=\"twitter:label1\" content=\"Written by\" \/>\n\t<meta name=\"twitter:data1\" content=\"Kristen Mosbrucker-Garza\" \/>\n\t<meta name=\"twitter:label2\" content=\"Est. reading time\" \/>\n\t<meta name=\"twitter:data2\" content=\"4 minutes\" \/>\n<script type=\"application\/ld+json\" class=\"yoast-schema-graph\">{\"@context\":\"https:\\\/\\\/schema.org\",\"@graph\":[{\"@type\":\"NewsArticle\",\"@id\":\"https:\\\/\\\/www.rgvbusinessjournal.com\\\/es\\\/news\\\/25\\\/08\\\/2026\\\/el-crecimiento-del-empleo-en-el-valle-del-rio-grande-se-ralentiza-hasta-casi-detenerse-durante-el-mes-de-julio\\\/#article\",\"isPartOf\":{\"@id\":\"https:\\\/\\\/www.rgvbusinessjournal.com\\\/es\\\/news\\\/25\\\/08\\\/2026\\\/el-crecimiento-del-empleo-en-el-valle-del-rio-grande-se-ralentiza-hasta-casi-detenerse-durante-el-mes-de-julio\\\/\"},\"author\":{\"name\":\"Kristen Mosbrucker-Garza\",\"@id\":\"https:\\\/\\\/www.rgvbusinessjournal.com\\\/es\\\/#\\\/schema\\\/person\\\/1376cd922f977ffee643018dfd80e4fe\"},\"headline\":\"El crecimiento del empleo en el Valle del R\u00edo Grande se ralentiza hasta casi detenerse durante el mes de julio\",\"datePublished\":\"2026-08-26T00:31:03+00:00\",\"mainEntityOfPage\":{\"@id\":\"https:\\\/\\\/www.rgvbusinessjournal.com\\\/es\\\/news\\\/25\\\/08\\\/2026\\\/el-crecimiento-del-empleo-en-el-valle-del-rio-grande-se-ralentiza-hasta-casi-detenerse-durante-el-mes-de-julio\\\/\"},\"wordCount\":1257,\"publisher\":{\"@id\":\"https:\\\/\\\/www.rgvbusinessjournal.com\\\/es\\\/#organization\"},\"image\":{\"@id\":\"https:\\\/\\\/www.rgvbusinessjournal.com\\\/es\\\/news\\\/25\\\/08\\\/2026\\\/el-crecimiento-del-empleo-en-el-valle-del-rio-grande-se-ralentiza-hasta-casi-detenerse-durante-el-mes-de-julio\\\/#primaryimage\"},\"thumbnailUrl\":\"https:\\\/\\\/www.rgvbusinessjournal.com\\\/wp-content\\\/uploads\\\/2026\\\/08\\\/JobFairPharrTexasAugust2026-scaled.jpeg\",\"keywords\":[\"Brownsville\",\"Bureau of Labor Statistics\",\"Construction\",\"Economy\",\"Edinburg\",\"employment\",\"Harlingen\",\"jobs\",\"manufacturing\",\"McAllen\",\"Mission\",\"Rio Grande Valley\",\"SpaceX\",\"Texas Workforce Commission\",\"workforce\"],\"articleSection\":[\"Economic Trends\",\"U.S.\",\"Workforce\"],\"inLanguage\":\"es-ES\"},{\"@type\":\"WebPage\",\"@id\":\"https:\\\/\\\/www.rgvbusinessjournal.com\\\/es\\\/news\\\/25\\\/08\\\/2026\\\/el-crecimiento-del-empleo-en-el-valle-del-rio-grande-se-ralentiza-hasta-casi-detenerse-durante-el-mes-de-julio\\\/\",\"url\":\"https:\\\/\\\/www.rgvbusinessjournal.com\\\/es\\\/news\\\/25\\\/08\\\/2026\\\/el-crecimiento-del-empleo-en-el-valle-del-rio-grande-se-ralentiza-hasta-casi-detenerse-durante-el-mes-de-julio\\\/\",\"name\":\"El crecimiento del empleo en el Valle del R\u00edo Grande se ralentiza hasta casi detenerse durante el mes de julio\",\"isPartOf\":{\"@id\":\"https:\\\/\\\/www.rgvbusinessjournal.com\\\/es\\\/#website\"},\"primaryImageOfPage\":{\"@id\":\"https:\\\/\\\/www.rgvbusinessjournal.com\\\/es\\\/news\\\/25\\\/08\\\/2026\\\/el-crecimiento-del-empleo-en-el-valle-del-rio-grande-se-ralentiza-hasta-casi-detenerse-durante-el-mes-de-julio\\\/#primaryimage\"},\"image\":{\"@id\":\"https:\\\/\\\/www.rgvbusinessjournal.com\\\/es\\\/news\\\/25\\\/08\\\/2026\\\/el-crecimiento-del-empleo-en-el-valle-del-rio-grande-se-ralentiza-hasta-casi-detenerse-durante-el-mes-de-julio\\\/#primaryimage\"},\"thumbnailUrl\":\"https:\\\/\\\/www.rgvbusinessjournal.com\\\/wp-content\\\/uploads\\\/2026\\\/08\\\/JobFairPharrTexasAugust2026-scaled.jpeg\",\"datePublished\":\"2026-08-26T00:31:03+00:00\",\"description\":\"The Valley added 4,900 jobs over the year through July, almost entirely in the McAllen metro, while Brownsville-Harlingen added just 100.\",\"breadcrumb\":{\"@id\":\"https:\\\/\\\/www.rgvbusinessjournal.com\\\/es\\\/news\\\/25\\\/08\\\/2026\\\/el-crecimiento-del-empleo-en-el-valle-del-rio-grande-se-ralentiza-hasta-casi-detenerse-durante-el-mes-de-julio\\\/#breadcrumb\"},\"inLanguage\":\"es-ES\",\"potentialAction\":[{\"@type\":\"ReadAction\",\"target\":[\"https:\\\/\\\/www.rgvbusinessjournal.com\\\/es\\\/news\\\/25\\\/08\\\/2026\\\/el-crecimiento-del-empleo-en-el-valle-del-rio-grande-se-ralentiza-hasta-casi-detenerse-durante-el-mes-de-julio\\\/\"]}]},{\"@type\":\"ImageObject\",\"inLanguage\":\"es-ES\",\"@id\":\"https:\\\/\\\/www.rgvbusinessjournal.com\\\/es\\\/news\\\/25\\\/08\\\/2026\\\/el-crecimiento-del-empleo-en-el-valle-del-rio-grande-se-ralentiza-hasta-casi-detenerse-durante-el-mes-de-julio\\\/#primaryimage\",\"url\":\"https:\\\/\\\/www.rgvbusinessjournal.com\\\/wp-content\\\/uploads\\\/2026\\\/08\\\/JobFairPharrTexasAugust2026-scaled.jpeg\",\"contentUrl\":\"https:\\\/\\\/www.rgvbusinessjournal.com\\\/wp-content\\\/uploads\\\/2026\\\/08\\\/JobFairPharrTexasAugust2026-scaled.jpeg\",\"width\":2560,\"height\":2093,\"caption\":\"Personas en busca de empleo charlan con representantes de la gran cadena minorista Walmart durante la feria de empleo de Workforce Solutions celebrada en Pharr, Texas. Cr\u00e9dito de la foto | Kristen Mosbrucker-Garza\"},{\"@type\":\"BreadcrumbList\",\"@id\":\"https:\\\/\\\/www.rgvbusinessjournal.com\\\/es\\\/news\\\/25\\\/08\\\/2026\\\/el-crecimiento-del-empleo-en-el-valle-del-rio-grande-se-ralentiza-hasta-casi-detenerse-durante-el-mes-de-julio\\\/#breadcrumb\",\"itemListElement\":[{\"@type\":\"ListItem\",\"position\":1,\"name\":\"Home\",\"item\":\"https:\\\/\\\/www.rgvbusinessjournal.com\\\/es\\\/inicio\\\/\"},{\"@type\":\"ListItem\",\"position\":2,\"name\":\"El crecimiento del empleo en el Valle del R\u00edo Grande se ralentiza hasta casi detenerse durante el mes de julio\"}]},{\"@type\":\"WebSite\",\"@id\":\"https:\\\/\\\/www.rgvbusinessjournal.com\\\/es\\\/#website\",\"url\":\"https:\\\/\\\/www.rgvbusinessjournal.com\\\/es\\\/\",\"name\":\"Rio Grande Valley Business Journal\",\"description\":\"\",\"publisher\":{\"@id\":\"https:\\\/\\\/www.rgvbusinessjournal.com\\\/es\\\/#organization\"},\"potentialAction\":[{\"@type\":\"SearchAction\",\"target\":{\"@type\":\"EntryPoint\",\"urlTemplate\":\"https:\\\/\\\/www.rgvbusinessjournal.com\\\/es\\\/?s={search_term_string}\"},\"query-input\":{\"@type\":\"PropertyValueSpecification\",\"valueRequired\":true,\"valueName\":\"search_term_string\"}}],\"inLanguage\":\"es-ES\"},{\"@type\":\"Organization\",\"@id\":\"https:\\\/\\\/www.rgvbusinessjournal.com\\\/es\\\/#organization\",\"name\":\"Rio Grande Valley Business Journal\",\"alternateName\":\"RGV Business Journal\",\"url\":\"https:\\\/\\\/www.rgvbusinessjournal.com\\\/es\\\/\",\"logo\":{\"@type\":\"ImageObject\",\"inLanguage\":\"es-ES\",\"@id\":\"https:\\\/\\\/www.rgvbusinessjournal.com\\\/es\\\/#\\\/schema\\\/logo\\\/image\\\/\",\"url\":\"https:\\\/\\\/www.rgvbusinessjournal.com\\\/wp-content\\\/uploads\\\/2026\\\/01\\\/535504352_122102206586984207_2702720257970470495_n.jpg\",\"contentUrl\":\"https:\\\/\\\/www.rgvbusinessjournal.com\\\/wp-content\\\/uploads\\\/2026\\\/01\\\/535504352_122102206586984207_2702720257970470495_n.jpg\",\"width\":1000,\"height\":1000,\"caption\":\"Rio Grande Valley Business Journal\"},\"image\":{\"@id\":\"https:\\\/\\\/www.rgvbusinessjournal.com\\\/es\\\/#\\\/schema\\\/logo\\\/image\\\/\"},\"sameAs\":[\"https:\\\/\\\/www.facebook.com\\\/RGVBizJournal\\\/\",\"https:\\\/\\\/x.com\\\/RGVBizJournal\",\"https:\\\/\\\/www.linkedin.com\\\/company\\\/rio-grande-valley-business-journal\\\/\",\"https:\\\/\\\/www.youtube.com\\\/@RGVBizJournal\",\"https:\\\/\\\/www.instagram.com\\\/rgvbiznews\\\/\",\"https:\\\/\\\/www.tiktok.com\\\/@rgvbizjournal\"],\"description\":\"The Rio Grande Valley Business Journal is a digital-first newsroom focused on business, economic trends, real estate, healthcare, and regional developments in South Texas (Cameron, Hidalgo, Starr, and Willacy counties) and nearby Mexican industrial cities like Reynosa and Matamoros. It provides impartial reporting, data analyses, and insights for decision-makers in a fast-growing binational corridor home to nearly three million people and billions in annual trade.\",\"naics\":\"511110\"},{\"@type\":\"Person\",\"@id\":\"https:\\\/\\\/www.rgvbusinessjournal.com\\\/es\\\/#\\\/schema\\\/person\\\/1376cd922f977ffee643018dfd80e4fe\",\"name\":\"Kristen Mosbrucker-Garza\",\"image\":{\"@type\":\"ImageObject\",\"inLanguage\":\"es-ES\",\"@id\":\"https:\\\/\\\/secure.gravatar.com\\\/avatar\\\/0c54cb83d9e41d1f662de342b3813388e5e6f1bf42430d140f5474f4aaa4eb7c?s=96&r=g\",\"url\":\"https:\\\/\\\/secure.gravatar.com\\\/avatar\\\/0c54cb83d9e41d1f662de342b3813388e5e6f1bf42430d140f5474f4aaa4eb7c?s=96&r=g\",\"contentUrl\":\"https:\\\/\\\/secure.gravatar.com\\\/avatar\\\/0c54cb83d9e41d1f662de342b3813388e5e6f1bf42430d140f5474f4aaa4eb7c?s=96&r=g\",\"caption\":\"Kristen Mosbrucker-Garza\"},\"description\":\"Kristen Mosbrucker-Garza is a versatile multimedia news reporter who lives and works along the Texas-Mexico border in Hidalgo County. Mosbrucker-Garza is a news reporter for the Rio Grande Valley Business Journal. During her career she's worked for the McAllen Monitor, San Antonio Business Journal, The Advocate Newspaper in Louisiana, Phoenix New Times, and public media outlets in Baltimore and Philadelphia.\",\"sameAs\":[\"https:\\\/\\\/www.linkedin.com\\\/in\\\/kristen-mosbrucker-garza-0ab307137\\\/\",\"https:\\\/\\\/x.com\\\/https:\\\/\\\/x.com\\\/k_mosbrucker\"],\"url\":\"https:\\\/\\\/www.rgvbusinessjournal.com\\\/es\\\/news\\\/author\\\/kmosbrucker\\\/\"}]}<\/script>\n<!-- \/ Yoast SEO Premium plugin. -->","yoast_head_json":{"title":"El crecimiento del empleo en el Valle del R\u00edo Grande se ralentiza hasta casi detenerse durante el mes de julio","description":"The Valley added 4,900 jobs over the year through July, almost entirely in the McAllen metro, while Brownsville-Harlingen added just 100.","robots":{"index":"index","follow":"follow","max-snippet":"max-snippet:-1","max-image-preview":"max-image-preview:large","max-video-preview":"max-video-preview:-1"},"canonical":"https:\/\/www.rgvbusinessjournal.com\/es\/news\/25\/08\/2026\/el-crecimiento-del-empleo-en-el-valle-del-rio-grande-se-ralentiza-hasta-casi-detenerse-durante-el-mes-de-julio\/","og_locale":"es_ES","og_type":"article","og_title":"El crecimiento del empleo en el Valle del R\u00edo Grande se ralentiza hasta casi detenerse durante el mes de julio","og_description":"The Valley added 4,900 jobs over the year through July, almost entirely in the McAllen metro, while Brownsville-Harlingen added just 100.","og_url":"https:\/\/www.rgvbusinessjournal.com\/es\/news\/25\/08\/2026\/el-crecimiento-del-empleo-en-el-valle-del-rio-grande-se-ralentiza-hasta-casi-detenerse-durante-el-mes-de-julio\/","og_site_name":"Rio Grande Valley Business Journal","article_publisher":"https:\/\/www.facebook.com\/RGVBizJournal\/","article_published_time":"2026-08-26T00:31:03+00:00","og_image":[{"width":2560,"height":2093,"url":"https:\/\/www.rgvbusinessjournal.com\/wp-content\/uploads\/2026\/08\/JobFairPharrTexasAugust2026-scaled.jpeg","type":"image\/jpeg"}],"author":"Kristen Mosbrucker-Garza","twitter_card":"summary_large_image","twitter_description":"RGV Business Journal covers business news in the Rio Grande Valley of Texas and the Mexican cities of Reynosa and Matamoros.","twitter_creator":"@https:\/\/x.com\/k_mosbrucker","twitter_site":"@RGVBizJournal","twitter_misc":{"Written by":"Kristen Mosbrucker-Garza","Est. reading time":"4 minutes"},"schema":{"@context":"https:\/\/schema.org","@graph":[{"@type":"NewsArticle","@id":"https:\/\/www.rgvbusinessjournal.com\/es\/news\/25\/08\/2026\/el-crecimiento-del-empleo-en-el-valle-del-rio-grande-se-ralentiza-hasta-casi-detenerse-durante-el-mes-de-julio\/#article","isPartOf":{"@id":"https:\/\/www.rgvbusinessjournal.com\/es\/news\/25\/08\/2026\/el-crecimiento-del-empleo-en-el-valle-del-rio-grande-se-ralentiza-hasta-casi-detenerse-durante-el-mes-de-julio\/"},"author":{"name":"Kristen Mosbrucker-Garza","@id":"https:\/\/www.rgvbusinessjournal.com\/es\/#\/schema\/person\/1376cd922f977ffee643018dfd80e4fe"},"headline":"El crecimiento del empleo en el Valle del R\u00edo Grande se ralentiza hasta casi detenerse durante el mes de julio","datePublished":"2026-08-26T00:31:03+00:00","mainEntityOfPage":{"@id":"https:\/\/www.rgvbusinessjournal.com\/es\/news\/25\/08\/2026\/el-crecimiento-del-empleo-en-el-valle-del-rio-grande-se-ralentiza-hasta-casi-detenerse-durante-el-mes-de-julio\/"},"wordCount":1257,"publisher":{"@id":"https:\/\/www.rgvbusinessjournal.com\/es\/#organization"},"image":{"@id":"https:\/\/www.rgvbusinessjournal.com\/es\/news\/25\/08\/2026\/el-crecimiento-del-empleo-en-el-valle-del-rio-grande-se-ralentiza-hasta-casi-detenerse-durante-el-mes-de-julio\/#primaryimage"},"thumbnailUrl":"https:\/\/www.rgvbusinessjournal.com\/wp-content\/uploads\/2026\/08\/JobFairPharrTexasAugust2026-scaled.jpeg","keywords":["Brownsville","Bureau of Labor Statistics","Construction","Economy","Edinburg","employment","Harlingen","jobs","manufacturing","McAllen","Mission","Rio Grande Valley","SpaceX","Texas Workforce Commission","workforce"],"articleSection":["Economic Trends","U.S.","Workforce"],"inLanguage":"es-ES"},{"@type":"WebPage","@id":"https:\/\/www.rgvbusinessjournal.com\/es\/news\/25\/08\/2026\/el-crecimiento-del-empleo-en-el-valle-del-rio-grande-se-ralentiza-hasta-casi-detenerse-durante-el-mes-de-julio\/","url":"https:\/\/www.rgvbusinessjournal.com\/es\/news\/25\/08\/2026\/el-crecimiento-del-empleo-en-el-valle-del-rio-grande-se-ralentiza-hasta-casi-detenerse-durante-el-mes-de-julio\/","name":"El crecimiento del empleo en el Valle del R\u00edo Grande se ralentiza hasta casi detenerse durante el mes de julio","isPartOf":{"@id":"https:\/\/www.rgvbusinessjournal.com\/es\/#website"},"primaryImageOfPage":{"@id":"https:\/\/www.rgvbusinessjournal.com\/es\/news\/25\/08\/2026\/el-crecimiento-del-empleo-en-el-valle-del-rio-grande-se-ralentiza-hasta-casi-detenerse-durante-el-mes-de-julio\/#primaryimage"},"image":{"@id":"https:\/\/www.rgvbusinessjournal.com\/es\/news\/25\/08\/2026\/el-crecimiento-del-empleo-en-el-valle-del-rio-grande-se-ralentiza-hasta-casi-detenerse-durante-el-mes-de-julio\/#primaryimage"},"thumbnailUrl":"https:\/\/www.rgvbusinessjournal.com\/wp-content\/uploads\/2026\/08\/JobFairPharrTexasAugust2026-scaled.jpeg","datePublished":"2026-08-26T00:31:03+00:00","description":"The Valley added 4,900 jobs over the year through July, almost entirely in the McAllen metro, while Brownsville-Harlingen added just 100.","breadcrumb":{"@id":"https:\/\/www.rgvbusinessjournal.com\/es\/news\/25\/08\/2026\/el-crecimiento-del-empleo-en-el-valle-del-rio-grande-se-ralentiza-hasta-casi-detenerse-durante-el-mes-de-julio\/#breadcrumb"},"inLanguage":"es-ES","potentialAction":[{"@type":"ReadAction","target":["https:\/\/www.rgvbusinessjournal.com\/es\/news\/25\/08\/2026\/el-crecimiento-del-empleo-en-el-valle-del-rio-grande-se-ralentiza-hasta-casi-detenerse-durante-el-mes-de-julio\/"]}]},{"@type":"ImageObject","inLanguage":"es-ES","@id":"https:\/\/www.rgvbusinessjournal.com\/es\/news\/25\/08\/2026\/el-crecimiento-del-empleo-en-el-valle-del-rio-grande-se-ralentiza-hasta-casi-detenerse-durante-el-mes-de-julio\/#primaryimage","url":"https:\/\/www.rgvbusinessjournal.com\/wp-content\/uploads\/2026\/08\/JobFairPharrTexasAugust2026-scaled.jpeg","contentUrl":"https:\/\/www.rgvbusinessjournal.com\/wp-content\/uploads\/2026\/08\/JobFairPharrTexasAugust2026-scaled.jpeg","width":2560,"height":2093,"caption":"Personas en busca de empleo charlan con representantes de la gran cadena minorista Walmart durante la feria de empleo de Workforce Solutions celebrada en Pharr, Texas. Cr\u00e9dito de la foto | Kristen Mosbrucker-Garza"},{"@type":"BreadcrumbList","@id":"https:\/\/www.rgvbusinessjournal.com\/es\/news\/25\/08\/2026\/el-crecimiento-del-empleo-en-el-valle-del-rio-grande-se-ralentiza-hasta-casi-detenerse-durante-el-mes-de-julio\/#breadcrumb","itemListElement":[{"@type":"ListItem","position":1,"name":"Home","item":"https:\/\/www.rgvbusinessjournal.com\/es\/inicio\/"},{"@type":"ListItem","position":2,"name":"El crecimiento del empleo en el Valle del R\u00edo Grande se ralentiza hasta casi detenerse durante el mes de julio"}]},{"@type":"WebSite","@id":"https:\/\/www.rgvbusinessjournal.com\/es\/#website","url":"https:\/\/www.rgvbusinessjournal.com\/es\/","name":"Rio Grande Valley Business Journal","description":"","publisher":{"@id":"https:\/\/www.rgvbusinessjournal.com\/es\/#organization"},"potentialAction":[{"@type":"SearchAction","target":{"@type":"EntryPoint","urlTemplate":"https:\/\/www.rgvbusinessjournal.com\/es\/?s={search_term_string}"},"query-input":{"@type":"PropertyValueSpecification","valueRequired":true,"valueName":"search_term_string"}}],"inLanguage":"es-ES"},{"@type":"Organization","@id":"https:\/\/www.rgvbusinessjournal.com\/es\/#organization","name":"Rio Grande Valley Business Journal","alternateName":"RGV Business Journal","url":"https:\/\/www.rgvbusinessjournal.com\/es\/","logo":{"@type":"ImageObject","inLanguage":"es-ES","@id":"https:\/\/www.rgvbusinessjournal.com\/es\/#\/schema\/logo\/image\/","url":"https:\/\/www.rgvbusinessjournal.com\/wp-content\/uploads\/2026\/01\/535504352_122102206586984207_2702720257970470495_n.jpg","contentUrl":"https:\/\/www.rgvbusinessjournal.com\/wp-content\/uploads\/2026\/01\/535504352_122102206586984207_2702720257970470495_n.jpg","width":1000,"height":1000,"caption":"Rio Grande Valley Business Journal"},"image":{"@id":"https:\/\/www.rgvbusinessjournal.com\/es\/#\/schema\/logo\/image\/"},"sameAs":["https:\/\/www.facebook.com\/RGVBizJournal\/","https:\/\/x.com\/RGVBizJournal","https:\/\/www.linkedin.com\/company\/rio-grande-valley-business-journal\/","https:\/\/www.youtube.com\/@RGVBizJournal","https:\/\/www.instagram.com\/rgvbiznews\/","https:\/\/www.tiktok.com\/@rgvbizjournal"],"description":"The Rio Grande Valley Business Journal is a digital-first newsroom focused on business, economic trends, real estate, healthcare, and regional developments in South Texas (Cameron, Hidalgo, Starr, and Willacy counties) and nearby Mexican industrial cities like Reynosa and Matamoros. It provides impartial reporting, data analyses, and insights for decision-makers in a fast-growing binational corridor home to nearly three million people and billions in annual trade.","naics":"511110"},{"@type":"Person","@id":"https:\/\/www.rgvbusinessjournal.com\/es\/#\/schema\/person\/1376cd922f977ffee643018dfd80e4fe","name":"Kristen Mosbrucker-Garza","image":{"@type":"ImageObject","inLanguage":"es-ES","@id":"https:\/\/secure.gravatar.com\/avatar\/0c54cb83d9e41d1f662de342b3813388e5e6f1bf42430d140f5474f4aaa4eb7c?s=96&r=g","url":"https:\/\/secure.gravatar.com\/avatar\/0c54cb83d9e41d1f662de342b3813388e5e6f1bf42430d140f5474f4aaa4eb7c?s=96&r=g","contentUrl":"https:\/\/secure.gravatar.com\/avatar\/0c54cb83d9e41d1f662de342b3813388e5e6f1bf42430d140f5474f4aaa4eb7c?s=96&r=g","caption":"Kristen Mosbrucker-Garza"},"description":"Kristen Mosbrucker-Garza is a versatile multimedia news reporter who lives and works along the Texas-Mexico border in Hidalgo County. Mosbrucker-Garza is a news reporter for the Rio Grande Valley Business Journal. During her career she's worked for the McAllen Monitor, San Antonio Business Journal, The Advocate Newspaper in Louisiana, Phoenix New Times, and public media outlets in Baltimore and Philadelphia.","sameAs":["https:\/\/www.linkedin.com\/in\/kristen-mosbrucker-garza-0ab307137\/","https:\/\/x.com\/https:\/\/x.com\/k_mosbrucker"],"url":"https:\/\/www.rgvbusinessjournal.com\/es\/news\/author\/kmosbrucker\/"}]}},"preview_block_count":4,"is_paywalled":true,"_links":{"self":[{"href":"https:\/\/www.rgvbusinessjournal.com\/es\/wp-json\/wp\/v2\/posts\/22437","targetHints":{"allow":["GET"]}}],"collection":[{"href":"https:\/\/www.rgvbusinessjournal.com\/es\/wp-json\/wp\/v2\/posts"}],"about":[{"href":"https:\/\/www.rgvbusinessjournal.com\/es\/wp-json\/wp\/v2\/types\/post"}],"author":[{"embeddable":true,"href":"https:\/\/www.rgvbusinessjournal.com\/es\/wp-json\/wp\/v2\/users\/9"}],"replies":[{"embeddable":true,"href":"https:\/\/www.rgvbusinessjournal.com\/es\/wp-json\/wp\/v2\/comments?post=22437"}],"version-history":[{"count":0,"href":"https:\/\/www.rgvbusinessjournal.com\/es\/wp-json\/wp\/v2\/posts\/22437\/revisions"}],"wp:featuredmedia":[{"embeddable":true,"href":"https:\/\/www.rgvbusinessjournal.com\/es\/wp-json\/wp\/v2\/media\/22438"}],"wp:attachment":[{"href":"https:\/\/www.rgvbusinessjournal.com\/es\/wp-json\/wp\/v2\/media?parent=22437"}],"wp:term":[{"taxonomy":"category","embeddable":true,"href":"https:\/\/www.rgvbusinessjournal.com\/es\/wp-json\/wp\/v2\/categories?post=22437"},{"taxonomy":"post_tag","embeddable":true,"href":"https:\/\/www.rgvbusinessjournal.com\/es\/wp-json\/wp\/v2\/tags?post=22437"}],"curies":[{"name":"wp","href":"https:\/\/api.w.org\/{rel}","templated":true}]}}