{"id":22439,"date":"2026-08-26T17:17:34","date_gmt":"2026-08-26T22:17:34","guid":{"rendered":"https:\/\/www.rgvbusinessjournal.com\/news\/26\/08\/2026\/se-ha-vendido-el-concesionario-acura-de-san-juan-que-pasara-a-llamarse-lumos-acura\/"},"modified":"2026-08-26T17:17:34","modified_gmt":"2026-08-26T22:17:34","slug":"se-ha-vendido-el-concesionario-acura-de-san-juan-que-pasara-a-llamarse-lumos-acura","status":"publish","type":"post","link":"https:\/\/www.rgvbusinessjournal.com\/es\/news\/26\/08\/2026\/se-ha-vendido-el-concesionario-acura-de-san-juan-que-pasara-a-llamarse-lumos-acura\/","title":{"rendered":"Se ha vendido el concesionario Acura de San Juan, que pasar\u00e1 a llamarse Lumos Acura"},"content":{"rendered":"<p class=\"wp-block-paragraph\">Acura del Valle del R\u00edo Grande tiene un nuevo propietario y un nuevo nombre tras la venta del concesionario de San Juan.<\/p><p class=\"wp-block-paragraph\">Bill Bird vendi\u00f3 el concesionario a Ethan Lee, de Lumos Auto Group, en una operaci\u00f3n que se cerr\u00f3 el 19 de agosto, seg\u00fan Pinnacle Mergers &amp; Acquisitions, la empresa de intermediaci\u00f3n en la compraventa de concesionarios de autom\u00f3viles con sede en Texas que represent\u00f3 a Bird en la venta.<\/p><p class=\"wp-block-paragraph\">El concesionario pasar\u00e1 a operar ahora bajo el nombre de Lumos Acura.<\/p><p class=\"wp-block-paragraph\">En el comunicado de Pinnacle no se revelaron los t\u00e9rminos financieros de la operaci\u00f3n.<\/p>","protected":false},"excerpt":{"rendered":"<p>Lumos Auto Group ha adquirido Acura of the Rio Grande Valley a Bill Bird y gestionar\u00e1 el concesionario de San Juan bajo un nuevo nombre.<\/p>\n","protected":false},"author":53,"featured_media":22440,"comment_status":"","ping_status":"","sticky":false,"template":"","format":"standard","meta":{"_acf_changed":false,"post_views_count":34,"footnotes":""},"categories":[4,545,107,111,825],"tags":[4827,1398,4831,4793,4830,4828,4826,4953,459],"class_list":["post-22439","post","type-post","status-publish","format-standard","has-post-thumbnail","hentry","category-commercial-real-estate","category-finance","category-real-estate","category-retail-real-estate","category-u-s","tag-acura-of-the-rio-grande-valley","tag-auto-dealerships","tag-bill-bird","tag-car-dealerships","tag-ethan-lee","tag-lumos-acura","tag-lumos-auto-group","tag-pinnacle-fusiones-y-adquisiciones-es","tag-san-juan"],"acf":{"is_features_post":"","is_sponser":"","hide_author":"","hide_author_biography":""},"yoast_head":"<!-- This site is optimized with the Yoast SEO Premium plugin v28.3 (Yoast SEO v28.3) - https:\/\/yoast.com\/product\/yoast-seo-premium-wordpress\/ -->\n<title>Se ha vendido el concesionario Acura de San Juan, que pasar\u00e1 a llamarse Lumos Acura<\/title>\n<meta name=\"description\" content=\"Lumos Auto Group has acquired Acura of the Rio Grande Valley from Bill Bird and will operate the San Juan dealership under a new name.\" \/>\n<meta name=\"robots\" content=\"index, follow, max-snippet:-1, max-image-preview:large, max-video-preview:-1\" \/>\n<link rel=\"canonical\" href=\"https:\/\/www.rgvbusinessjournal.com\/es\/news\/26\/08\/2026\/se-ha-vendido-el-concesionario-acura-de-san-juan-que-pasara-a-llamarse-lumos-acura\/\" \/>\n<meta property=\"og:locale\" content=\"es_ES\" \/>\n<meta property=\"og:type\" content=\"article\" \/>\n<meta property=\"og:title\" content=\"Se ha vendido el concesionario Acura de San Juan, que pasar\u00e1 a llamarse Lumos Acura\" \/>\n<meta property=\"og:description\" content=\"Lumos Auto Group has acquired Acura of the Rio Grande Valley from Bill Bird and will operate the San Juan dealership under a new name.\" \/>\n<meta property=\"og:url\" content=\"https:\/\/www.rgvbusinessjournal.com\/es\/news\/26\/08\/2026\/se-ha-vendido-el-concesionario-acura-de-san-juan-que-pasara-a-llamarse-lumos-acura\/\" \/>\n<meta property=\"og:site_name\" content=\"Rio Grande Valley Business Journal\" \/>\n<meta property=\"article:publisher\" content=\"https:\/\/www.facebook.com\/RGVBizJournal\/\" \/>\n<meta property=\"article:published_time\" content=\"2026-08-26T22:17:34+00:00\" \/>\n<meta property=\"og:image\" content=\"https:\/\/www.rgvbusinessjournal.com\/wp-content\/uploads\/2026\/01\/613315829_122145636626984207_6700536240180555664_n.jpg\" \/>\n\t<meta property=\"og:image:width\" content=\"1202\" \/>\n\t<meta property=\"og:image:height\" content=\"675\" \/>\n\t<meta property=\"og:image:type\" content=\"image\/jpeg\" \/>\n<meta name=\"author\" content=\"RGV Business Journal Staff\" \/>\n<meta name=\"twitter:card\" content=\"summary_large_image\" \/>\n<meta name=\"twitter:description\" content=\"RGV Business Journal covers business news in the Rio Grande Valley of Texas and the Mexican cities of Reynosa and Matamoros.\" \/>\n<meta name=\"twitter:creator\" content=\"@RGVBizJournal\" \/>\n<meta name=\"twitter:site\" content=\"@RGVBizJournal\" \/>\n<meta name=\"twitter:label1\" content=\"Written by\" \/>\n\t<meta name=\"twitter:data1\" content=\"RGV Business Journal Staff\" \/>\n\t<meta name=\"twitter:label2\" content=\"Est. reading time\" \/>\n\t<meta name=\"twitter:data2\" content=\"2 minutes\" \/>\n<script type=\"application\/ld+json\" class=\"yoast-schema-graph\">{\"@context\":\"https:\\\/\\\/schema.org\",\"@graph\":[{\"@type\":\"NewsArticle\",\"@id\":\"https:\\\/\\\/www.rgvbusinessjournal.com\\\/es\\\/news\\\/26\\\/08\\\/2026\\\/se-ha-vendido-el-concesionario-acura-de-san-juan-que-pasara-a-llamarse-lumos-acura\\\/#article\",\"isPartOf\":{\"@id\":\"https:\\\/\\\/www.rgvbusinessjournal.com\\\/es\\\/news\\\/26\\\/08\\\/2026\\\/se-ha-vendido-el-concesionario-acura-de-san-juan-que-pasara-a-llamarse-lumos-acura\\\/\"},\"author\":{\"name\":\"RGV Business Journal Staff\",\"@id\":\"https:\\\/\\\/www.rgvbusinessjournal.com\\\/es\\\/#\\\/schema\\\/person\\\/c8e183cac23aaa013ebaa56c4c71cf29\"},\"headline\":\"Se ha vendido el concesionario Acura de San Juan, que pasar\u00e1 a llamarse Lumos Acura\",\"datePublished\":\"2026-08-26T22:17:34+00:00\",\"mainEntityOfPage\":{\"@id\":\"https:\\\/\\\/www.rgvbusinessjournal.com\\\/es\\\/news\\\/26\\\/08\\\/2026\\\/se-ha-vendido-el-concesionario-acura-de-san-juan-que-pasara-a-llamarse-lumos-acura\\\/\"},\"wordCount\":416,\"publisher\":{\"@id\":\"https:\\\/\\\/www.rgvbusinessjournal.com\\\/es\\\/#organization\"},\"image\":{\"@id\":\"https:\\\/\\\/www.rgvbusinessjournal.com\\\/es\\\/news\\\/26\\\/08\\\/2026\\\/se-ha-vendido-el-concesionario-acura-de-san-juan-que-pasara-a-llamarse-lumos-acura\\\/#primaryimage\"},\"thumbnailUrl\":\"https:\\\/\\\/www.rgvbusinessjournal.com\\\/wp-content\\\/uploads\\\/2026\\\/08\\\/D4410D38-2198-4EF7-8A10-90938525F9AC_1_201_a-scaled.jpg\",\"keywords\":[\"Acura of the Rio Grande Valley\",\"auto dealerships\",\"Bill Bird\",\"car dealerships\",\"Ethan Lee\",\"Lumos Acura\",\"Lumos Auto Group\",\"Pinnacle Fusiones y Adquisiciones\",\"San Juan\"],\"articleSection\":[\"Commercial Real Estate\",\"Finance\",\"Real Estate\",\"Retail\",\"U.S.\"],\"inLanguage\":\"es-ES\"},{\"@type\":\"WebPage\",\"@id\":\"https:\\\/\\\/www.rgvbusinessjournal.com\\\/es\\\/news\\\/26\\\/08\\\/2026\\\/se-ha-vendido-el-concesionario-acura-de-san-juan-que-pasara-a-llamarse-lumos-acura\\\/\",\"url\":\"https:\\\/\\\/www.rgvbusinessjournal.com\\\/es\\\/news\\\/26\\\/08\\\/2026\\\/se-ha-vendido-el-concesionario-acura-de-san-juan-que-pasara-a-llamarse-lumos-acura\\\/\",\"name\":\"Se ha vendido el concesionario Acura de San Juan, que pasar\u00e1 a llamarse Lumos Acura\",\"isPartOf\":{\"@id\":\"https:\\\/\\\/www.rgvbusinessjournal.com\\\/es\\\/#website\"},\"primaryImageOfPage\":{\"@id\":\"https:\\\/\\\/www.rgvbusinessjournal.com\\\/es\\\/news\\\/26\\\/08\\\/2026\\\/se-ha-vendido-el-concesionario-acura-de-san-juan-que-pasara-a-llamarse-lumos-acura\\\/#primaryimage\"},\"image\":{\"@id\":\"https:\\\/\\\/www.rgvbusinessjournal.com\\\/es\\\/news\\\/26\\\/08\\\/2026\\\/se-ha-vendido-el-concesionario-acura-de-san-juan-que-pasara-a-llamarse-lumos-acura\\\/#primaryimage\"},\"thumbnailUrl\":\"https:\\\/\\\/www.rgvbusinessjournal.com\\\/wp-content\\\/uploads\\\/2026\\\/08\\\/D4410D38-2198-4EF7-8A10-90938525F9AC_1_201_a-scaled.jpg\",\"datePublished\":\"2026-08-26T22:17:34+00:00\",\"description\":\"Lumos Auto Group has acquired Acura of the Rio Grande Valley from Bill Bird and will operate the San Juan dealership under a new name.\",\"breadcrumb\":{\"@id\":\"https:\\\/\\\/www.rgvbusinessjournal.com\\\/es\\\/news\\\/26\\\/08\\\/2026\\\/se-ha-vendido-el-concesionario-acura-de-san-juan-que-pasara-a-llamarse-lumos-acura\\\/#breadcrumb\"},\"inLanguage\":\"es-ES\",\"potentialAction\":[{\"@type\":\"ReadAction\",\"target\":[\"https:\\\/\\\/www.rgvbusinessjournal.com\\\/es\\\/news\\\/26\\\/08\\\/2026\\\/se-ha-vendido-el-concesionario-acura-de-san-juan-que-pasara-a-llamarse-lumos-acura\\\/\"]}]},{\"@type\":\"ImageObject\",\"inLanguage\":\"es-ES\",\"@id\":\"https:\\\/\\\/www.rgvbusinessjournal.com\\\/es\\\/news\\\/26\\\/08\\\/2026\\\/se-ha-vendido-el-concesionario-acura-de-san-juan-que-pasara-a-llamarse-lumos-acura\\\/#primaryimage\",\"url\":\"https:\\\/\\\/www.rgvbusinessjournal.com\\\/wp-content\\\/uploads\\\/2026\\\/08\\\/D4410D38-2198-4EF7-8A10-90938525F9AC_1_201_a-scaled.jpg\",\"contentUrl\":\"https:\\\/\\\/www.rgvbusinessjournal.com\\\/wp-content\\\/uploads\\\/2026\\\/08\\\/D4410D38-2198-4EF7-8A10-90938525F9AC_1_201_a-scaled.jpg\",\"width\":2560,\"height\":1920,\"caption\":\"Acura del Valle del R\u00edo Grande, en San Juan, ha sido vendida a Ethan Lee, de Lumos Auto Group, y pasar\u00e1 a operar bajo el nuevo nombre de Lumos Acura. Cr\u00e9dito de la foto | Naxiely L\u00f3pez-Puente\"},{\"@type\":\"BreadcrumbList\",\"@id\":\"https:\\\/\\\/www.rgvbusinessjournal.com\\\/es\\\/news\\\/26\\\/08\\\/2026\\\/se-ha-vendido-el-concesionario-acura-de-san-juan-que-pasara-a-llamarse-lumos-acura\\\/#breadcrumb\",\"itemListElement\":[{\"@type\":\"ListItem\",\"position\":1,\"name\":\"Home\",\"item\":\"https:\\\/\\\/www.rgvbusinessjournal.com\\\/es\\\/inicio\\\/\"},{\"@type\":\"ListItem\",\"position\":2,\"name\":\"Se ha vendido el concesionario Acura de San Juan, que pasar\u00e1 a llamarse Lumos Acura\"}]},{\"@type\":\"WebSite\",\"@id\":\"https:\\\/\\\/www.rgvbusinessjournal.com\\\/es\\\/#website\",\"url\":\"https:\\\/\\\/www.rgvbusinessjournal.com\\\/es\\\/\",\"name\":\"Rio Grande Valley Business Journal\",\"description\":\"\",\"publisher\":{\"@id\":\"https:\\\/\\\/www.rgvbusinessjournal.com\\\/es\\\/#organization\"},\"potentialAction\":[{\"@type\":\"SearchAction\",\"target\":{\"@type\":\"EntryPoint\",\"urlTemplate\":\"https:\\\/\\\/www.rgvbusinessjournal.com\\\/es\\\/?s={search_term_string}\"},\"query-input\":{\"@type\":\"PropertyValueSpecification\",\"valueRequired\":true,\"valueName\":\"search_term_string\"}}],\"inLanguage\":\"es-ES\"},{\"@type\":\"Organization\",\"@id\":\"https:\\\/\\\/www.rgvbusinessjournal.com\\\/es\\\/#organization\",\"name\":\"Rio Grande Valley Business Journal\",\"alternateName\":\"RGV Business Journal\",\"url\":\"https:\\\/\\\/www.rgvbusinessjournal.com\\\/es\\\/\",\"logo\":{\"@type\":\"ImageObject\",\"inLanguage\":\"es-ES\",\"@id\":\"https:\\\/\\\/www.rgvbusinessjournal.com\\\/es\\\/#\\\/schema\\\/logo\\\/image\\\/\",\"url\":\"https:\\\/\\\/www.rgvbusinessjournal.com\\\/wp-content\\\/uploads\\\/2026\\\/01\\\/535504352_122102206586984207_2702720257970470495_n.jpg\",\"contentUrl\":\"https:\\\/\\\/www.rgvbusinessjournal.com\\\/wp-content\\\/uploads\\\/2026\\\/01\\\/535504352_122102206586984207_2702720257970470495_n.jpg\",\"width\":1000,\"height\":1000,\"caption\":\"Rio Grande Valley Business Journal\"},\"image\":{\"@id\":\"https:\\\/\\\/www.rgvbusinessjournal.com\\\/es\\\/#\\\/schema\\\/logo\\\/image\\\/\"},\"sameAs\":[\"https:\\\/\\\/www.facebook.com\\\/RGVBizJournal\\\/\",\"https:\\\/\\\/x.com\\\/RGVBizJournal\",\"https:\\\/\\\/www.linkedin.com\\\/company\\\/rio-grande-valley-business-journal\\\/\",\"https:\\\/\\\/www.youtube.com\\\/@RGVBizJournal\",\"https:\\\/\\\/www.instagram.com\\\/rgvbiznews\\\/\",\"https:\\\/\\\/www.tiktok.com\\\/@rgvbizjournal\"],\"description\":\"The Rio Grande Valley Business Journal is a digital-first newsroom focused on business, economic trends, real estate, healthcare, and regional developments in South Texas (Cameron, Hidalgo, Starr, and Willacy counties) and nearby Mexican industrial cities like Reynosa and Matamoros. It provides impartial reporting, data analyses, and insights for decision-makers in a fast-growing binational corridor home to nearly three million people and billions in annual trade.\",\"naics\":\"511110\"},{\"@type\":\"Person\",\"@id\":\"https:\\\/\\\/www.rgvbusinessjournal.com\\\/es\\\/#\\\/schema\\\/person\\\/c8e183cac23aaa013ebaa56c4c71cf29\",\"name\":\"RGV Business Journal Staff\",\"image\":{\"@type\":\"ImageObject\",\"inLanguage\":\"es-ES\",\"@id\":\"https:\\\/\\\/secure.gravatar.com\\\/avatar\\\/2789a4be9fbaf2edbd51a42856efec9ec9c0451d9e45eb9bec6457d099662868?s=96&r=g\",\"url\":\"https:\\\/\\\/secure.gravatar.com\\\/avatar\\\/2789a4be9fbaf2edbd51a42856efec9ec9c0451d9e45eb9bec6457d099662868?s=96&r=g\",\"contentUrl\":\"https:\\\/\\\/secure.gravatar.com\\\/avatar\\\/2789a4be9fbaf2edbd51a42856efec9ec9c0451d9e45eb9bec6457d099662868?s=96&r=g\",\"caption\":\"RGV Business Journal Staff\"},\"url\":\"https:\\\/\\\/www.rgvbusinessjournal.com\\\/es\\\/news\\\/author\\\/rgv-business-journal-staff\\\/\"}]}<\/script>\n<!-- \/ Yoast SEO Premium plugin. -->","yoast_head_json":{"title":"Se ha vendido el concesionario Acura de San Juan, que pasar\u00e1 a llamarse Lumos Acura","description":"Lumos Auto Group has acquired Acura of the Rio Grande Valley from Bill Bird and will operate the San Juan dealership under a new name.","robots":{"index":"index","follow":"follow","max-snippet":"max-snippet:-1","max-image-preview":"max-image-preview:large","max-video-preview":"max-video-preview:-1"},"canonical":"https:\/\/www.rgvbusinessjournal.com\/es\/news\/26\/08\/2026\/se-ha-vendido-el-concesionario-acura-de-san-juan-que-pasara-a-llamarse-lumos-acura\/","og_locale":"es_ES","og_type":"article","og_title":"Se ha vendido el concesionario Acura de San Juan, que pasar\u00e1 a llamarse Lumos Acura","og_description":"Lumos Auto Group has acquired Acura of the Rio Grande Valley from Bill Bird and will operate the San Juan dealership under a new name.","og_url":"https:\/\/www.rgvbusinessjournal.com\/es\/news\/26\/08\/2026\/se-ha-vendido-el-concesionario-acura-de-san-juan-que-pasara-a-llamarse-lumos-acura\/","og_site_name":"Rio Grande Valley Business Journal","article_publisher":"https:\/\/www.facebook.com\/RGVBizJournal\/","article_published_time":"2026-08-26T22:17:34+00:00","og_image":[{"width":1202,"height":675,"url":"https:\/\/www.rgvbusinessjournal.com\/wp-content\/uploads\/2026\/01\/613315829_122145636626984207_6700536240180555664_n.jpg","type":"image\/jpeg"}],"author":"RGV Business Journal Staff","twitter_card":"summary_large_image","twitter_description":"RGV Business Journal covers business news in the Rio Grande Valley of Texas and the Mexican cities of Reynosa and Matamoros.","twitter_creator":"@RGVBizJournal","twitter_site":"@RGVBizJournal","twitter_misc":{"Written by":"RGV Business Journal Staff","Est. reading time":"2 minutes"},"schema":{"@context":"https:\/\/schema.org","@graph":[{"@type":"NewsArticle","@id":"https:\/\/www.rgvbusinessjournal.com\/es\/news\/26\/08\/2026\/se-ha-vendido-el-concesionario-acura-de-san-juan-que-pasara-a-llamarse-lumos-acura\/#article","isPartOf":{"@id":"https:\/\/www.rgvbusinessjournal.com\/es\/news\/26\/08\/2026\/se-ha-vendido-el-concesionario-acura-de-san-juan-que-pasara-a-llamarse-lumos-acura\/"},"author":{"name":"RGV Business Journal Staff","@id":"https:\/\/www.rgvbusinessjournal.com\/es\/#\/schema\/person\/c8e183cac23aaa013ebaa56c4c71cf29"},"headline":"Se ha vendido el concesionario Acura de San Juan, que pasar\u00e1 a llamarse Lumos Acura","datePublished":"2026-08-26T22:17:34+00:00","mainEntityOfPage":{"@id":"https:\/\/www.rgvbusinessjournal.com\/es\/news\/26\/08\/2026\/se-ha-vendido-el-concesionario-acura-de-san-juan-que-pasara-a-llamarse-lumos-acura\/"},"wordCount":416,"publisher":{"@id":"https:\/\/www.rgvbusinessjournal.com\/es\/#organization"},"image":{"@id":"https:\/\/www.rgvbusinessjournal.com\/es\/news\/26\/08\/2026\/se-ha-vendido-el-concesionario-acura-de-san-juan-que-pasara-a-llamarse-lumos-acura\/#primaryimage"},"thumbnailUrl":"https:\/\/www.rgvbusinessjournal.com\/wp-content\/uploads\/2026\/08\/D4410D38-2198-4EF7-8A10-90938525F9AC_1_201_a-scaled.jpg","keywords":["Acura of the Rio Grande Valley","auto dealerships","Bill Bird","car dealerships","Ethan Lee","Lumos Acura","Lumos Auto Group","Pinnacle Fusiones y Adquisiciones","San Juan"],"articleSection":["Commercial Real Estate","Finance","Real Estate","Retail","U.S."],"inLanguage":"es-ES"},{"@type":"WebPage","@id":"https:\/\/www.rgvbusinessjournal.com\/es\/news\/26\/08\/2026\/se-ha-vendido-el-concesionario-acura-de-san-juan-que-pasara-a-llamarse-lumos-acura\/","url":"https:\/\/www.rgvbusinessjournal.com\/es\/news\/26\/08\/2026\/se-ha-vendido-el-concesionario-acura-de-san-juan-que-pasara-a-llamarse-lumos-acura\/","name":"Se ha vendido el concesionario Acura de San Juan, que pasar\u00e1 a llamarse Lumos Acura","isPartOf":{"@id":"https:\/\/www.rgvbusinessjournal.com\/es\/#website"},"primaryImageOfPage":{"@id":"https:\/\/www.rgvbusinessjournal.com\/es\/news\/26\/08\/2026\/se-ha-vendido-el-concesionario-acura-de-san-juan-que-pasara-a-llamarse-lumos-acura\/#primaryimage"},"image":{"@id":"https:\/\/www.rgvbusinessjournal.com\/es\/news\/26\/08\/2026\/se-ha-vendido-el-concesionario-acura-de-san-juan-que-pasara-a-llamarse-lumos-acura\/#primaryimage"},"thumbnailUrl":"https:\/\/www.rgvbusinessjournal.com\/wp-content\/uploads\/2026\/08\/D4410D38-2198-4EF7-8A10-90938525F9AC_1_201_a-scaled.jpg","datePublished":"2026-08-26T22:17:34+00:00","description":"Lumos Auto Group has acquired Acura of the Rio Grande Valley from Bill Bird and will operate the San Juan dealership under a new name.","breadcrumb":{"@id":"https:\/\/www.rgvbusinessjournal.com\/es\/news\/26\/08\/2026\/se-ha-vendido-el-concesionario-acura-de-san-juan-que-pasara-a-llamarse-lumos-acura\/#breadcrumb"},"inLanguage":"es-ES","potentialAction":[{"@type":"ReadAction","target":["https:\/\/www.rgvbusinessjournal.com\/es\/news\/26\/08\/2026\/se-ha-vendido-el-concesionario-acura-de-san-juan-que-pasara-a-llamarse-lumos-acura\/"]}]},{"@type":"ImageObject","inLanguage":"es-ES","@id":"https:\/\/www.rgvbusinessjournal.com\/es\/news\/26\/08\/2026\/se-ha-vendido-el-concesionario-acura-de-san-juan-que-pasara-a-llamarse-lumos-acura\/#primaryimage","url":"https:\/\/www.rgvbusinessjournal.com\/wp-content\/uploads\/2026\/08\/D4410D38-2198-4EF7-8A10-90938525F9AC_1_201_a-scaled.jpg","contentUrl":"https:\/\/www.rgvbusinessjournal.com\/wp-content\/uploads\/2026\/08\/D4410D38-2198-4EF7-8A10-90938525F9AC_1_201_a-scaled.jpg","width":2560,"height":1920,"caption":"Acura del Valle del R\u00edo Grande, en San Juan, ha sido vendida a Ethan Lee, de Lumos Auto Group, y pasar\u00e1 a operar bajo el nuevo nombre de Lumos Acura. Cr\u00e9dito de la foto | Naxiely L\u00f3pez-Puente"},{"@type":"BreadcrumbList","@id":"https:\/\/www.rgvbusinessjournal.com\/es\/news\/26\/08\/2026\/se-ha-vendido-el-concesionario-acura-de-san-juan-que-pasara-a-llamarse-lumos-acura\/#breadcrumb","itemListElement":[{"@type":"ListItem","position":1,"name":"Home","item":"https:\/\/www.rgvbusinessjournal.com\/es\/inicio\/"},{"@type":"ListItem","position":2,"name":"Se ha vendido el concesionario Acura de San Juan, que pasar\u00e1 a llamarse Lumos Acura"}]},{"@type":"WebSite","@id":"https:\/\/www.rgvbusinessjournal.com\/es\/#website","url":"https:\/\/www.rgvbusinessjournal.com\/es\/","name":"Rio Grande Valley Business Journal","description":"","publisher":{"@id":"https:\/\/www.rgvbusinessjournal.com\/es\/#organization"},"potentialAction":[{"@type":"SearchAction","target":{"@type":"EntryPoint","urlTemplate":"https:\/\/www.rgvbusinessjournal.com\/es\/?s={search_term_string}"},"query-input":{"@type":"PropertyValueSpecification","valueRequired":true,"valueName":"search_term_string"}}],"inLanguage":"es-ES"},{"@type":"Organization","@id":"https:\/\/www.rgvbusinessjournal.com\/es\/#organization","name":"Rio Grande Valley Business Journal","alternateName":"RGV Business Journal","url":"https:\/\/www.rgvbusinessjournal.com\/es\/","logo":{"@type":"ImageObject","inLanguage":"es-ES","@id":"https:\/\/www.rgvbusinessjournal.com\/es\/#\/schema\/logo\/image\/","url":"https:\/\/www.rgvbusinessjournal.com\/wp-content\/uploads\/2026\/01\/535504352_122102206586984207_2702720257970470495_n.jpg","contentUrl":"https:\/\/www.rgvbusinessjournal.com\/wp-content\/uploads\/2026\/01\/535504352_122102206586984207_2702720257970470495_n.jpg","width":1000,"height":1000,"caption":"Rio Grande Valley Business Journal"},"image":{"@id":"https:\/\/www.rgvbusinessjournal.com\/es\/#\/schema\/logo\/image\/"},"sameAs":["https:\/\/www.facebook.com\/RGVBizJournal\/","https:\/\/x.com\/RGVBizJournal","https:\/\/www.linkedin.com\/company\/rio-grande-valley-business-journal\/","https:\/\/www.youtube.com\/@RGVBizJournal","https:\/\/www.instagram.com\/rgvbiznews\/","https:\/\/www.tiktok.com\/@rgvbizjournal"],"description":"The Rio Grande Valley Business Journal is a digital-first newsroom focused on business, economic trends, real estate, healthcare, and regional developments in South Texas (Cameron, Hidalgo, Starr, and Willacy counties) and nearby Mexican industrial cities like Reynosa and Matamoros. It provides impartial reporting, data analyses, and insights for decision-makers in a fast-growing binational corridor home to nearly three million people and billions in annual trade.","naics":"511110"},{"@type":"Person","@id":"https:\/\/www.rgvbusinessjournal.com\/es\/#\/schema\/person\/c8e183cac23aaa013ebaa56c4c71cf29","name":"RGV Business Journal Staff","image":{"@type":"ImageObject","inLanguage":"es-ES","@id":"https:\/\/secure.gravatar.com\/avatar\/2789a4be9fbaf2edbd51a42856efec9ec9c0451d9e45eb9bec6457d099662868?s=96&r=g","url":"https:\/\/secure.gravatar.com\/avatar\/2789a4be9fbaf2edbd51a42856efec9ec9c0451d9e45eb9bec6457d099662868?s=96&r=g","contentUrl":"https:\/\/secure.gravatar.com\/avatar\/2789a4be9fbaf2edbd51a42856efec9ec9c0451d9e45eb9bec6457d099662868?s=96&r=g","caption":"RGV Business Journal Staff"},"url":"https:\/\/www.rgvbusinessjournal.com\/es\/news\/author\/rgv-business-journal-staff\/"}]}},"preview_block_count":4,"is_paywalled":true,"_links":{"self":[{"href":"https:\/\/www.rgvbusinessjournal.com\/es\/wp-json\/wp\/v2\/posts\/22439","targetHints":{"allow":["GET"]}}],"collection":[{"href":"https:\/\/www.rgvbusinessjournal.com\/es\/wp-json\/wp\/v2\/posts"}],"about":[{"href":"https:\/\/www.rgvbusinessjournal.com\/es\/wp-json\/wp\/v2\/types\/post"}],"author":[{"embeddable":true,"href":"https:\/\/www.rgvbusinessjournal.com\/es\/wp-json\/wp\/v2\/users\/53"}],"replies":[{"embeddable":true,"href":"https:\/\/www.rgvbusinessjournal.com\/es\/wp-json\/wp\/v2\/comments?post=22439"}],"version-history":[{"count":0,"href":"https:\/\/www.rgvbusinessjournal.com\/es\/wp-json\/wp\/v2\/posts\/22439\/revisions"}],"wp:featuredmedia":[{"embeddable":true,"href":"https:\/\/www.rgvbusinessjournal.com\/es\/wp-json\/wp\/v2\/media\/22440"}],"wp:attachment":[{"href":"https:\/\/www.rgvbusinessjournal.com\/es\/wp-json\/wp\/v2\/media?parent=22439"}],"wp:term":[{"taxonomy":"category","embeddable":true,"href":"https:\/\/www.rgvbusinessjournal.com\/es\/wp-json\/wp\/v2\/categories?post=22439"},{"taxonomy":"post_tag","embeddable":true,"href":"https:\/\/www.rgvbusinessjournal.com\/es\/wp-json\/wp\/v2\/tags?post=22439"}],"curies":[{"name":"wp","href":"https:\/\/api.w.org\/{rel}","templated":true}]}}