{"id":22441,"date":"2026-08-27T08:00:00","date_gmt":"2026-08-27T13:00:00","guid":{"rendered":"https:\/\/www.rgvbusinessjournal.com\/news\/27\/08\/2026\/social-fest-presenta-el-premio-creador-del-ano-de-rgv\/"},"modified":"2026-08-27T08:00:00","modified_gmt":"2026-08-27T13:00:00","slug":"social-fest-presenta-el-premio-creador-del-ano-de-rgv","status":"publish","type":"post","link":"https:\/\/www.rgvbusinessjournal.com\/es\/news\/27\/08\/2026\/social-fest-presenta-el-premio-creador-del-ano-de-rgv\/","title":{"rendered":"Social Fest presenta el premio \u00abCreador del A\u00f1o de RGV\u00bb"},"content":{"rendered":"<p class=\"wp-block-paragraph\">Social Fest va a poner en marcha un nuevo premio destinado a reconocer a la creciente comunidad de creadores de contenidos digitales y redes sociales del Valle del R\u00edo Grande.<\/p><div class=\"wp-block-image\">\n<figure class=\"alignright size-large is-resized\"><img loading=\"lazy\" decoding=\"async\" width=\"768\" height=\"1024\" src=\"https:\/\/www.rgvbusinessjournal.com\/wp-content\/uploads\/2026\/08\/57F68B47-D579-4102-AED5-A0A4BF989466_1_201_a-768x1024.jpeg\" alt=\"Un trofeo de cristal \u00abCreador del A\u00f1o de RGV\u00bb, iluminado con luces azules y rosas.\" class=\"wp-image-22323\" style=\"aspect-ratio:0.7500075508169984;width:261px;height:auto\" srcset=\"https:\/\/www.rgvbusinessjournal.com\/wp-content\/uploads\/2026\/08\/57F68B47-D579-4102-AED5-A0A4BF989466_1_201_a-768x1024.jpeg 768w, https:\/\/www.rgvbusinessjournal.com\/wp-content\/uploads\/2026\/08\/57F68B47-D579-4102-AED5-A0A4BF989466_1_201_a-225x300.jpeg 225w, https:\/\/www.rgvbusinessjournal.com\/wp-content\/uploads\/2026\/08\/57F68B47-D579-4102-AED5-A0A4BF989466_1_201_a-600x800.jpeg 600w, https:\/\/www.rgvbusinessjournal.com\/wp-content\/uploads\/2026\/08\/57F68B47-D579-4102-AED5-A0A4BF989466_1_201_a-364x485.jpeg 364w, https:\/\/www.rgvbusinessjournal.com\/wp-content\/uploads\/2026\/08\/57F68B47-D579-4102-AED5-A0A4BF989466_1_201_a-173x230.jpeg 173w, https:\/\/www.rgvbusinessjournal.com\/wp-content\/uploads\/2026\/08\/57F68B47-D579-4102-AED5-A0A4BF989466_1_201_a.jpeg 916w\" sizes=\"auto, (max-width: 768px) 100vw, 768px\" \/><figcaption class=\"wp-element-caption\">El premio \u00abCreador del A\u00f1o\u00bb de RGV. <br>Cortes\u00eda de | Social Fest<\/figcaption><\/figure>\n<\/div>\n\n\n<p class=\"wp-block-paragraph\">La organizaci\u00f3n anunci\u00f3 el jueves la creaci\u00f3n del primer Premio \u00abCreador del A\u00f1o del RGV\u00bb, que describe como el primer galard\u00f3n dedicado exclusivamente a un creador arraigado en el sur de Texas.<\/p><p class=\"wp-block-paragraph\">El plazo de presentaci\u00f3n de candidaturas se abri\u00f3 el 27 de agosto y permanecer\u00e1 abierto hasta el 21 de septiembre. Pueden participar todos los creadores que residan en el Valle del R\u00edo Grande, y no hay un requisito m\u00ednimo de seguidores, lo que abre el concurso a los creadores independientemente del tama\u00f1o de su audiencia en l\u00ednea.<\/p><p class=\"wp-block-paragraph\">\u00abEl Valle del R\u00edo Grande siempre ha contado con creadores de talla mundial. Lo que pasa es que no siempre han tenido un escenario. Este premio cambia esa situaci\u00f3n\u00bb, afirm\u00f3 Yaw Sam, cofundador de Social Fest Experience, en un comunicado de prensa el jueves. \u00abNo estamos trayendo un premio al Valle del R\u00edo Grande, sino que lo estamos creando a partir de \u00e9l\u00bb.<\/p>","protected":false},"excerpt":{"rendered":"<p>Los creadores del Valle del R\u00edo Grande pueden ser nominados independientemente del n\u00famero de seguidores que tengan, y el ganador de la primera edici\u00f3n se dar\u00e1 a conocer en el Social Fest de McAllen este mes de noviembre.<\/p>\n","protected":false},"author":53,"featured_media":19334,"comment_status":"","ping_status":"","sticky":false,"template":"","format":"standard","meta":{"_acf_changed":false,"post_views_count":31,"footnotes":""},"categories":[1712,6,84,825],"tags":[2036,2034,2033,4955,69,975,4834,70,589],"class_list":["post-22441","post","type-post","status-publish","format-standard","has-post-thumbnail","hentry","category-entertainment","category-technology","category-tourism","category-u-s","tag-content-creators","tag-creator-economy","tag-digital-marketing","tag-fiesta-social-es","tag-mcallen","tag-mcallen-convention-center","tag-rgv-creator-of-the-year","tag-rio-grande-valley","tag-social-media"],"acf":{"is_features_post":["yes"],"is_sponser":"","hide_author":"","hide_author_biography":""},"yoast_head":"<!-- This site is optimized with the Yoast SEO Premium plugin v28.3 (Yoast SEO v28.3) - https:\/\/yoast.com\/product\/yoast-seo-premium-wordpress\/ -->\n<title>Social Fest presenta el premio \u00abCreador del A\u00f1o de RGV\u00bb<\/title>\n<meta name=\"description\" content=\"Rio Grande Valley creators can be nominated regardless of follower count, with the inaugural winner set to be announced at Social Fest in McAllen this November.\" \/>\n<meta name=\"robots\" content=\"index, follow, max-snippet:-1, max-image-preview:large, max-video-preview:-1\" \/>\n<link rel=\"canonical\" href=\"https:\/\/www.rgvbusinessjournal.com\/es\/news\/27\/08\/2026\/social-fest-presenta-el-premio-creador-del-ano-de-rgv\/\" \/>\n<meta property=\"og:locale\" content=\"es_ES\" \/>\n<meta property=\"og:type\" content=\"article\" \/>\n<meta property=\"og:title\" content=\"Social Fest presenta el premio \u00abCreador del A\u00f1o de RGV\u00bb\" \/>\n<meta property=\"og:description\" content=\"Rio Grande Valley creators can be nominated regardless of follower count, with the inaugural winner set to be announced at Social Fest in McAllen this November.\" \/>\n<meta property=\"og:url\" content=\"https:\/\/www.rgvbusinessjournal.com\/es\/news\/27\/08\/2026\/social-fest-presenta-el-premio-creador-del-ano-de-rgv\/\" \/>\n<meta property=\"og:site_name\" content=\"Rio Grande Valley Business Journal\" \/>\n<meta property=\"article:publisher\" content=\"https:\/\/www.facebook.com\/RGVBizJournal\/\" \/>\n<meta property=\"article:published_time\" content=\"2026-08-27T13:00:00+00:00\" \/>\n<meta property=\"og:image\" content=\"https:\/\/www.rgvbusinessjournal.com\/wp-content\/uploads\/2026\/05\/BE810FC5-F239-4037-9FF1-68B88FC93863.jpeg\" \/>\n\t<meta property=\"og:image:width\" content=\"2048\" \/>\n\t<meta property=\"og:image:height\" content=\"1366\" \/>\n\t<meta property=\"og:image:type\" content=\"image\/jpeg\" \/>\n<meta name=\"author\" content=\"RGV Business Journal Staff\" \/>\n<meta name=\"twitter:card\" content=\"summary_large_image\" \/>\n<meta name=\"twitter:description\" content=\"RGV Business Journal covers business news in the Rio Grande Valley of Texas and the Mexican cities of Reynosa and Matamoros.\" \/>\n<meta name=\"twitter:creator\" content=\"@RGVBizJournal\" \/>\n<meta name=\"twitter:site\" content=\"@RGVBizJournal\" \/>\n<meta name=\"twitter:label1\" content=\"Written by\" \/>\n\t<meta name=\"twitter:data1\" content=\"RGV Business Journal Staff\" \/>\n\t<meta name=\"twitter:label2\" content=\"Est. reading time\" \/>\n\t<meta name=\"twitter:data2\" content=\"2 minutes\" \/>\n<script type=\"application\/ld+json\" class=\"yoast-schema-graph\">{\"@context\":\"https:\\\/\\\/schema.org\",\"@graph\":[{\"@type\":\"NewsArticle\",\"@id\":\"https:\\\/\\\/www.rgvbusinessjournal.com\\\/es\\\/news\\\/27\\\/08\\\/2026\\\/social-fest-presenta-el-premio-creador-del-ano-de-rgv\\\/#article\",\"isPartOf\":{\"@id\":\"https:\\\/\\\/www.rgvbusinessjournal.com\\\/es\\\/news\\\/27\\\/08\\\/2026\\\/social-fest-presenta-el-premio-creador-del-ano-de-rgv\\\/\"},\"author\":{\"name\":\"RGV Business Journal Staff\",\"@id\":\"https:\\\/\\\/www.rgvbusinessjournal.com\\\/es\\\/#\\\/schema\\\/person\\\/c8e183cac23aaa013ebaa56c4c71cf29\"},\"headline\":\"Social Fest presenta el premio \u00abCreador del A\u00f1o de RGV\u00bb\",\"datePublished\":\"2026-08-27T13:00:00+00:00\",\"mainEntityOfPage\":{\"@id\":\"https:\\\/\\\/www.rgvbusinessjournal.com\\\/es\\\/news\\\/27\\\/08\\\/2026\\\/social-fest-presenta-el-premio-creador-del-ano-de-rgv\\\/\"},\"wordCount\":437,\"publisher\":{\"@id\":\"https:\\\/\\\/www.rgvbusinessjournal.com\\\/es\\\/#organization\"},\"image\":{\"@id\":\"https:\\\/\\\/www.rgvbusinessjournal.com\\\/es\\\/news\\\/27\\\/08\\\/2026\\\/social-fest-presenta-el-premio-creador-del-ano-de-rgv\\\/#primaryimage\"},\"thumbnailUrl\":\"https:\\\/\\\/www.rgvbusinessjournal.com\\\/wp-content\\\/uploads\\\/2026\\\/05\\\/BE810FC5-F239-4037-9FF1-68B88FC93863.jpeg\",\"keywords\":[\"Content Creators\",\"Creator Economy\",\"Digital Marketing\",\"Fiesta social\",\"McAllen\",\"McAllen Convention Center\",\"RGV Creator of the Year\",\"Rio Grande Valley\",\"social media\"],\"articleSection\":[\"Entertainment\",\"Technology\",\"Tourism\",\"U.S.\"],\"inLanguage\":\"es-ES\"},{\"@type\":\"WebPage\",\"@id\":\"https:\\\/\\\/www.rgvbusinessjournal.com\\\/es\\\/news\\\/27\\\/08\\\/2026\\\/social-fest-presenta-el-premio-creador-del-ano-de-rgv\\\/\",\"url\":\"https:\\\/\\\/www.rgvbusinessjournal.com\\\/es\\\/news\\\/27\\\/08\\\/2026\\\/social-fest-presenta-el-premio-creador-del-ano-de-rgv\\\/\",\"name\":\"Social Fest presenta el premio \u00abCreador del A\u00f1o de RGV\u00bb\",\"isPartOf\":{\"@id\":\"https:\\\/\\\/www.rgvbusinessjournal.com\\\/es\\\/#website\"},\"primaryImageOfPage\":{\"@id\":\"https:\\\/\\\/www.rgvbusinessjournal.com\\\/es\\\/news\\\/27\\\/08\\\/2026\\\/social-fest-presenta-el-premio-creador-del-ano-de-rgv\\\/#primaryimage\"},\"image\":{\"@id\":\"https:\\\/\\\/www.rgvbusinessjournal.com\\\/es\\\/news\\\/27\\\/08\\\/2026\\\/social-fest-presenta-el-premio-creador-del-ano-de-rgv\\\/#primaryimage\"},\"thumbnailUrl\":\"https:\\\/\\\/www.rgvbusinessjournal.com\\\/wp-content\\\/uploads\\\/2026\\\/05\\\/BE810FC5-F239-4037-9FF1-68B88FC93863.jpeg\",\"datePublished\":\"2026-08-27T13:00:00+00:00\",\"description\":\"Rio Grande Valley creators can be nominated regardless of follower count, with the inaugural winner set to be announced at Social Fest in McAllen this November.\",\"breadcrumb\":{\"@id\":\"https:\\\/\\\/www.rgvbusinessjournal.com\\\/es\\\/news\\\/27\\\/08\\\/2026\\\/social-fest-presenta-el-premio-creador-del-ano-de-rgv\\\/#breadcrumb\"},\"inLanguage\":\"es-ES\",\"potentialAction\":[{\"@type\":\"ReadAction\",\"target\":[\"https:\\\/\\\/www.rgvbusinessjournal.com\\\/es\\\/news\\\/27\\\/08\\\/2026\\\/social-fest-presenta-el-premio-creador-del-ano-de-rgv\\\/\"]}]},{\"@type\":\"ImageObject\",\"inLanguage\":\"es-ES\",\"@id\":\"https:\\\/\\\/www.rgvbusinessjournal.com\\\/es\\\/news\\\/27\\\/08\\\/2026\\\/social-fest-presenta-el-premio-creador-del-ano-de-rgv\\\/#primaryimage\",\"url\":\"https:\\\/\\\/www.rgvbusinessjournal.com\\\/wp-content\\\/uploads\\\/2026\\\/05\\\/BE810FC5-F239-4037-9FF1-68B88FC93863.jpeg\",\"contentUrl\":\"https:\\\/\\\/www.rgvbusinessjournal.com\\\/wp-content\\\/uploads\\\/2026\\\/05\\\/BE810FC5-F239-4037-9FF1-68B88FC93863.jpeg\",\"width\":2048,\"height\":1366,\"caption\":\"Yaw Sam, cofundador de SocialFest, interviene durante un acto ante los medios en el que se anuncian los planes para el festival de 2026 en McAllen. Cortes\u00eda de | Yaw Sam\"},{\"@type\":\"BreadcrumbList\",\"@id\":\"https:\\\/\\\/www.rgvbusinessjournal.com\\\/es\\\/news\\\/27\\\/08\\\/2026\\\/social-fest-presenta-el-premio-creador-del-ano-de-rgv\\\/#breadcrumb\",\"itemListElement\":[{\"@type\":\"ListItem\",\"position\":1,\"name\":\"Home\",\"item\":\"https:\\\/\\\/www.rgvbusinessjournal.com\\\/es\\\/inicio\\\/\"},{\"@type\":\"ListItem\",\"position\":2,\"name\":\"Social Fest presenta el premio \u00abCreador del A\u00f1o de RGV\u00bb\"}]},{\"@type\":\"WebSite\",\"@id\":\"https:\\\/\\\/www.rgvbusinessjournal.com\\\/es\\\/#website\",\"url\":\"https:\\\/\\\/www.rgvbusinessjournal.com\\\/es\\\/\",\"name\":\"Rio Grande Valley Business Journal\",\"description\":\"\",\"publisher\":{\"@id\":\"https:\\\/\\\/www.rgvbusinessjournal.com\\\/es\\\/#organization\"},\"potentialAction\":[{\"@type\":\"SearchAction\",\"target\":{\"@type\":\"EntryPoint\",\"urlTemplate\":\"https:\\\/\\\/www.rgvbusinessjournal.com\\\/es\\\/?s={search_term_string}\"},\"query-input\":{\"@type\":\"PropertyValueSpecification\",\"valueRequired\":true,\"valueName\":\"search_term_string\"}}],\"inLanguage\":\"es-ES\"},{\"@type\":\"Organization\",\"@id\":\"https:\\\/\\\/www.rgvbusinessjournal.com\\\/es\\\/#organization\",\"name\":\"Rio Grande Valley Business Journal\",\"alternateName\":\"RGV Business Journal\",\"url\":\"https:\\\/\\\/www.rgvbusinessjournal.com\\\/es\\\/\",\"logo\":{\"@type\":\"ImageObject\",\"inLanguage\":\"es-ES\",\"@id\":\"https:\\\/\\\/www.rgvbusinessjournal.com\\\/es\\\/#\\\/schema\\\/logo\\\/image\\\/\",\"url\":\"https:\\\/\\\/www.rgvbusinessjournal.com\\\/wp-content\\\/uploads\\\/2026\\\/01\\\/535504352_122102206586984207_2702720257970470495_n.jpg\",\"contentUrl\":\"https:\\\/\\\/www.rgvbusinessjournal.com\\\/wp-content\\\/uploads\\\/2026\\\/01\\\/535504352_122102206586984207_2702720257970470495_n.jpg\",\"width\":1000,\"height\":1000,\"caption\":\"Rio Grande Valley Business Journal\"},\"image\":{\"@id\":\"https:\\\/\\\/www.rgvbusinessjournal.com\\\/es\\\/#\\\/schema\\\/logo\\\/image\\\/\"},\"sameAs\":[\"https:\\\/\\\/www.facebook.com\\\/RGVBizJournal\\\/\",\"https:\\\/\\\/x.com\\\/RGVBizJournal\",\"https:\\\/\\\/www.linkedin.com\\\/company\\\/rio-grande-valley-business-journal\\\/\",\"https:\\\/\\\/www.youtube.com\\\/@RGVBizJournal\",\"https:\\\/\\\/www.instagram.com\\\/rgvbiznews\\\/\",\"https:\\\/\\\/www.tiktok.com\\\/@rgvbizjournal\"],\"description\":\"The Rio Grande Valley Business Journal is a digital-first newsroom focused on business, economic trends, real estate, healthcare, and regional developments in South Texas (Cameron, Hidalgo, Starr, and Willacy counties) and nearby Mexican industrial cities like Reynosa and Matamoros. It provides impartial reporting, data analyses, and insights for decision-makers in a fast-growing binational corridor home to nearly three million people and billions in annual trade.\",\"naics\":\"511110\"},{\"@type\":\"Person\",\"@id\":\"https:\\\/\\\/www.rgvbusinessjournal.com\\\/es\\\/#\\\/schema\\\/person\\\/c8e183cac23aaa013ebaa56c4c71cf29\",\"name\":\"RGV Business Journal Staff\",\"image\":{\"@type\":\"ImageObject\",\"inLanguage\":\"es-ES\",\"@id\":\"https:\\\/\\\/secure.gravatar.com\\\/avatar\\\/2789a4be9fbaf2edbd51a42856efec9ec9c0451d9e45eb9bec6457d099662868?s=96&r=g\",\"url\":\"https:\\\/\\\/secure.gravatar.com\\\/avatar\\\/2789a4be9fbaf2edbd51a42856efec9ec9c0451d9e45eb9bec6457d099662868?s=96&r=g\",\"contentUrl\":\"https:\\\/\\\/secure.gravatar.com\\\/avatar\\\/2789a4be9fbaf2edbd51a42856efec9ec9c0451d9e45eb9bec6457d099662868?s=96&r=g\",\"caption\":\"RGV Business Journal Staff\"},\"url\":\"https:\\\/\\\/www.rgvbusinessjournal.com\\\/es\\\/news\\\/author\\\/rgv-business-journal-staff\\\/\"}]}<\/script>\n<!-- \/ Yoast SEO Premium plugin. -->","yoast_head_json":{"title":"Social Fest presenta el premio \u00abCreador del A\u00f1o de RGV\u00bb","description":"Rio Grande Valley creators can be nominated regardless of follower count, with the inaugural winner set to be announced at Social Fest in McAllen this November.","robots":{"index":"index","follow":"follow","max-snippet":"max-snippet:-1","max-image-preview":"max-image-preview:large","max-video-preview":"max-video-preview:-1"},"canonical":"https:\/\/www.rgvbusinessjournal.com\/es\/news\/27\/08\/2026\/social-fest-presenta-el-premio-creador-del-ano-de-rgv\/","og_locale":"es_ES","og_type":"article","og_title":"Social Fest presenta el premio \u00abCreador del A\u00f1o de RGV\u00bb","og_description":"Rio Grande Valley creators can be nominated regardless of follower count, with the inaugural winner set to be announced at Social Fest in McAllen this November.","og_url":"https:\/\/www.rgvbusinessjournal.com\/es\/news\/27\/08\/2026\/social-fest-presenta-el-premio-creador-del-ano-de-rgv\/","og_site_name":"Rio Grande Valley Business Journal","article_publisher":"https:\/\/www.facebook.com\/RGVBizJournal\/","article_published_time":"2026-08-27T13:00:00+00:00","og_image":[{"width":2048,"height":1366,"url":"https:\/\/www.rgvbusinessjournal.com\/wp-content\/uploads\/2026\/05\/BE810FC5-F239-4037-9FF1-68B88FC93863.jpeg","type":"image\/jpeg"}],"author":"RGV Business Journal Staff","twitter_card":"summary_large_image","twitter_description":"RGV Business Journal covers business news in the Rio Grande Valley of Texas and the Mexican cities of Reynosa and Matamoros.","twitter_creator":"@RGVBizJournal","twitter_site":"@RGVBizJournal","twitter_misc":{"Written by":"RGV Business Journal Staff","Est. reading time":"2 minutes"},"schema":{"@context":"https:\/\/schema.org","@graph":[{"@type":"NewsArticle","@id":"https:\/\/www.rgvbusinessjournal.com\/es\/news\/27\/08\/2026\/social-fest-presenta-el-premio-creador-del-ano-de-rgv\/#article","isPartOf":{"@id":"https:\/\/www.rgvbusinessjournal.com\/es\/news\/27\/08\/2026\/social-fest-presenta-el-premio-creador-del-ano-de-rgv\/"},"author":{"name":"RGV Business Journal Staff","@id":"https:\/\/www.rgvbusinessjournal.com\/es\/#\/schema\/person\/c8e183cac23aaa013ebaa56c4c71cf29"},"headline":"Social Fest presenta el premio \u00abCreador del A\u00f1o de RGV\u00bb","datePublished":"2026-08-27T13:00:00+00:00","mainEntityOfPage":{"@id":"https:\/\/www.rgvbusinessjournal.com\/es\/news\/27\/08\/2026\/social-fest-presenta-el-premio-creador-del-ano-de-rgv\/"},"wordCount":437,"publisher":{"@id":"https:\/\/www.rgvbusinessjournal.com\/es\/#organization"},"image":{"@id":"https:\/\/www.rgvbusinessjournal.com\/es\/news\/27\/08\/2026\/social-fest-presenta-el-premio-creador-del-ano-de-rgv\/#primaryimage"},"thumbnailUrl":"https:\/\/www.rgvbusinessjournal.com\/wp-content\/uploads\/2026\/05\/BE810FC5-F239-4037-9FF1-68B88FC93863.jpeg","keywords":["Content Creators","Creator Economy","Digital Marketing","Fiesta social","McAllen","McAllen Convention Center","RGV Creator of the Year","Rio Grande Valley","social media"],"articleSection":["Entertainment","Technology","Tourism","U.S."],"inLanguage":"es-ES"},{"@type":"WebPage","@id":"https:\/\/www.rgvbusinessjournal.com\/es\/news\/27\/08\/2026\/social-fest-presenta-el-premio-creador-del-ano-de-rgv\/","url":"https:\/\/www.rgvbusinessjournal.com\/es\/news\/27\/08\/2026\/social-fest-presenta-el-premio-creador-del-ano-de-rgv\/","name":"Social Fest presenta el premio \u00abCreador del A\u00f1o de RGV\u00bb","isPartOf":{"@id":"https:\/\/www.rgvbusinessjournal.com\/es\/#website"},"primaryImageOfPage":{"@id":"https:\/\/www.rgvbusinessjournal.com\/es\/news\/27\/08\/2026\/social-fest-presenta-el-premio-creador-del-ano-de-rgv\/#primaryimage"},"image":{"@id":"https:\/\/www.rgvbusinessjournal.com\/es\/news\/27\/08\/2026\/social-fest-presenta-el-premio-creador-del-ano-de-rgv\/#primaryimage"},"thumbnailUrl":"https:\/\/www.rgvbusinessjournal.com\/wp-content\/uploads\/2026\/05\/BE810FC5-F239-4037-9FF1-68B88FC93863.jpeg","datePublished":"2026-08-27T13:00:00+00:00","description":"Rio Grande Valley creators can be nominated regardless of follower count, with the inaugural winner set to be announced at Social Fest in McAllen this November.","breadcrumb":{"@id":"https:\/\/www.rgvbusinessjournal.com\/es\/news\/27\/08\/2026\/social-fest-presenta-el-premio-creador-del-ano-de-rgv\/#breadcrumb"},"inLanguage":"es-ES","potentialAction":[{"@type":"ReadAction","target":["https:\/\/www.rgvbusinessjournal.com\/es\/news\/27\/08\/2026\/social-fest-presenta-el-premio-creador-del-ano-de-rgv\/"]}]},{"@type":"ImageObject","inLanguage":"es-ES","@id":"https:\/\/www.rgvbusinessjournal.com\/es\/news\/27\/08\/2026\/social-fest-presenta-el-premio-creador-del-ano-de-rgv\/#primaryimage","url":"https:\/\/www.rgvbusinessjournal.com\/wp-content\/uploads\/2026\/05\/BE810FC5-F239-4037-9FF1-68B88FC93863.jpeg","contentUrl":"https:\/\/www.rgvbusinessjournal.com\/wp-content\/uploads\/2026\/05\/BE810FC5-F239-4037-9FF1-68B88FC93863.jpeg","width":2048,"height":1366,"caption":"Yaw Sam, cofundador de SocialFest, interviene durante un acto ante los medios en el que se anuncian los planes para el festival de 2026 en McAllen. Cortes\u00eda de | Yaw Sam"},{"@type":"BreadcrumbList","@id":"https:\/\/www.rgvbusinessjournal.com\/es\/news\/27\/08\/2026\/social-fest-presenta-el-premio-creador-del-ano-de-rgv\/#breadcrumb","itemListElement":[{"@type":"ListItem","position":1,"name":"Home","item":"https:\/\/www.rgvbusinessjournal.com\/es\/inicio\/"},{"@type":"ListItem","position":2,"name":"Social Fest presenta el premio \u00abCreador del A\u00f1o de RGV\u00bb"}]},{"@type":"WebSite","@id":"https:\/\/www.rgvbusinessjournal.com\/es\/#website","url":"https:\/\/www.rgvbusinessjournal.com\/es\/","name":"Rio Grande Valley Business Journal","description":"","publisher":{"@id":"https:\/\/www.rgvbusinessjournal.com\/es\/#organization"},"potentialAction":[{"@type":"SearchAction","target":{"@type":"EntryPoint","urlTemplate":"https:\/\/www.rgvbusinessjournal.com\/es\/?s={search_term_string}"},"query-input":{"@type":"PropertyValueSpecification","valueRequired":true,"valueName":"search_term_string"}}],"inLanguage":"es-ES"},{"@type":"Organization","@id":"https:\/\/www.rgvbusinessjournal.com\/es\/#organization","name":"Rio Grande Valley Business Journal","alternateName":"RGV Business Journal","url":"https:\/\/www.rgvbusinessjournal.com\/es\/","logo":{"@type":"ImageObject","inLanguage":"es-ES","@id":"https:\/\/www.rgvbusinessjournal.com\/es\/#\/schema\/logo\/image\/","url":"https:\/\/www.rgvbusinessjournal.com\/wp-content\/uploads\/2026\/01\/535504352_122102206586984207_2702720257970470495_n.jpg","contentUrl":"https:\/\/www.rgvbusinessjournal.com\/wp-content\/uploads\/2026\/01\/535504352_122102206586984207_2702720257970470495_n.jpg","width":1000,"height":1000,"caption":"Rio Grande Valley Business Journal"},"image":{"@id":"https:\/\/www.rgvbusinessjournal.com\/es\/#\/schema\/logo\/image\/"},"sameAs":["https:\/\/www.facebook.com\/RGVBizJournal\/","https:\/\/x.com\/RGVBizJournal","https:\/\/www.linkedin.com\/company\/rio-grande-valley-business-journal\/","https:\/\/www.youtube.com\/@RGVBizJournal","https:\/\/www.instagram.com\/rgvbiznews\/","https:\/\/www.tiktok.com\/@rgvbizjournal"],"description":"The Rio Grande Valley Business Journal is a digital-first newsroom focused on business, economic trends, real estate, healthcare, and regional developments in South Texas (Cameron, Hidalgo, Starr, and Willacy counties) and nearby Mexican industrial cities like Reynosa and Matamoros. It provides impartial reporting, data analyses, and insights for decision-makers in a fast-growing binational corridor home to nearly three million people and billions in annual trade.","naics":"511110"},{"@type":"Person","@id":"https:\/\/www.rgvbusinessjournal.com\/es\/#\/schema\/person\/c8e183cac23aaa013ebaa56c4c71cf29","name":"RGV Business Journal Staff","image":{"@type":"ImageObject","inLanguage":"es-ES","@id":"https:\/\/secure.gravatar.com\/avatar\/2789a4be9fbaf2edbd51a42856efec9ec9c0451d9e45eb9bec6457d099662868?s=96&r=g","url":"https:\/\/secure.gravatar.com\/avatar\/2789a4be9fbaf2edbd51a42856efec9ec9c0451d9e45eb9bec6457d099662868?s=96&r=g","contentUrl":"https:\/\/secure.gravatar.com\/avatar\/2789a4be9fbaf2edbd51a42856efec9ec9c0451d9e45eb9bec6457d099662868?s=96&r=g","caption":"RGV Business Journal Staff"},"url":"https:\/\/www.rgvbusinessjournal.com\/es\/news\/author\/rgv-business-journal-staff\/"}]}},"preview_block_count":4,"is_paywalled":true,"_links":{"self":[{"href":"https:\/\/www.rgvbusinessjournal.com\/es\/wp-json\/wp\/v2\/posts\/22441","targetHints":{"allow":["GET"]}}],"collection":[{"href":"https:\/\/www.rgvbusinessjournal.com\/es\/wp-json\/wp\/v2\/posts"}],"about":[{"href":"https:\/\/www.rgvbusinessjournal.com\/es\/wp-json\/wp\/v2\/types\/post"}],"author":[{"embeddable":true,"href":"https:\/\/www.rgvbusinessjournal.com\/es\/wp-json\/wp\/v2\/users\/53"}],"replies":[{"embeddable":true,"href":"https:\/\/www.rgvbusinessjournal.com\/es\/wp-json\/wp\/v2\/comments?post=22441"}],"version-history":[{"count":0,"href":"https:\/\/www.rgvbusinessjournal.com\/es\/wp-json\/wp\/v2\/posts\/22441\/revisions"}],"wp:featuredmedia":[{"embeddable":true,"href":"https:\/\/www.rgvbusinessjournal.com\/es\/wp-json\/wp\/v2\/media\/19334"}],"wp:attachment":[{"href":"https:\/\/www.rgvbusinessjournal.com\/es\/wp-json\/wp\/v2\/media?parent=22441"}],"wp:term":[{"taxonomy":"category","embeddable":true,"href":"https:\/\/www.rgvbusinessjournal.com\/es\/wp-json\/wp\/v2\/categories?post=22441"},{"taxonomy":"post_tag","embeddable":true,"href":"https:\/\/www.rgvbusinessjournal.com\/es\/wp-json\/wp\/v2\/tags?post=22441"}],"curies":[{"name":"wp","href":"https:\/\/api.w.org\/{rel}","templated":true}]}}