{"id":22457,"date":"2026-08-10T18:55:18","date_gmt":"2026-08-10T23:55:18","guid":{"rendered":"https:\/\/www.rgvbusinessjournal.com\/news\/10\/08\/2026\/stc-lleva-su-programa-de-gestion-de-la-construccion-a-mid-valley-ante-el-aumento-de-la-demanda\/"},"modified":"2026-08-10T18:55:18","modified_gmt":"2026-08-10T23:55:18","slug":"stc-lleva-su-programa-de-gestion-de-la-construccion-a-mid-valley-ante-el-aumento-de-la-demanda","status":"publish","type":"post","link":"https:\/\/www.rgvbusinessjournal.com\/es\/news\/10\/08\/2026\/stc-lleva-su-programa-de-gestion-de-la-construccion-a-mid-valley-ante-el-aumento-de-la-demanda\/","title":{"rendered":"STC lleva su programa de gesti\u00f3n de la construcci\u00f3n a Mid-Valley ante el aumento de la demanda"},"content":{"rendered":"<p class=\"wp-block-paragraph\">El South Texas College ampliar\u00e1 este oto\u00f1o su programa de Gesti\u00f3n de la Construcci\u00f3n al campus de Mid-Valley, y las primeras clases en la nueva sede ya est\u00e1n completas.<\/p><p class=\"wp-block-paragraph\">Hasta ahora, el programa se impart\u00eda exclusivamente en el Campus Tecnol\u00f3gico de la STC. Los responsables de la universidad han se\u00f1alado que su traslado al Campus Mid-Valley har\u00e1 que el programa sea m\u00e1s accesible para los estudiantes de Weslaco, Donna, Mercedes y las comunidades vecinas, especialmente para aquellos para quienes el transporte ha supuesto un obst\u00e1culo.\u00a0\u00a0<\/p><p class=\"wp-block-paragraph\">\u00abPara muchos, el transporte se convirti\u00f3 en un obst\u00e1culo que les imped\u00eda matricularse\u00bb, afirm\u00f3 el viernes Samuel Saldana, coordinador del programa de Gesti\u00f3n de la Construcci\u00f3n, en un comunicado de prensa. \u00abLlevar el programa al campus de Mid-Valley nos permite atender a estudiantes de toda la zona, y la acogida ha sido incre\u00edble. Nuestras primeras clases de Gesti\u00f3n de la Construcci\u00f3n en Mid-Valley ya est\u00e1n completas\u00bb.<\/p><h2 id=\"h-building-the-region-s-construction-workforce\" class=\"wp-block-heading\"><strong>Desarrollo de la mano de obra del sector de la construcci\u00f3n en la regi\u00f3n<\/strong><\/h2>\n\n\n\n<p class=\"wp-block-paragraph\">Esta expansi\u00f3n se produce en un momento en el que la actividad de la construcci\u00f3n sigue en marcha en todo el Valle, lo que genera demanda de trabajadores capaces de gestionar proyectos residenciales, comerciales e industriales.<\/p>","protected":false},"excerpt":{"rendered":"<p>El programa lleva diez a\u00f1os en marcha, pero este oto\u00f1o se impartir\u00e1 por primera vez en el campus Mid-Valley del STC.<\/p>\n","protected":false},"author":53,"featured_media":22458,"comment_status":"","ping_status":"","sticky":false,"template":"","format":"standard","meta":{"_acf_changed":false,"post_views_count":79,"footnotes":""},"categories":[87,825,1223],"tags":[4978,4702,652,603,559,750,700,1962,153,469],"class_list":["post-22457","post","type-post","status-publish","format-standard","has-post-thumbnail","hentry","category-education","category-u-s","category-workforce","tag-campus-de-mid-valley-es","tag-construction-management","tag-construction-workforce","tag-donna","tag-higher-education","tag-mercedes","tag-south-texas-college","tag-stc","tag-weslaco","tag-workforce-development"],"acf":{"is_features_post":"","is_sponser":"","hide_author":"","hide_author_biography":""},"yoast_head":"<!-- This site is optimized with the Yoast SEO Premium plugin v28.3 (Yoast SEO v28.3) - https:\/\/yoast.com\/product\/yoast-seo-premium-wordpress\/ -->\n<title>STC brings construction management program to Mid-Valley<\/title>\n<meta name=\"description\" content=\"The program has been in place for ten years, but it will be offered at STC\u2019s Mid-Valley Campus for the first time this fall.\" \/>\n<meta name=\"robots\" content=\"index, follow, max-snippet:-1, max-image-preview:large, max-video-preview:-1\" \/>\n<link rel=\"canonical\" href=\"https:\/\/www.rgvbusinessjournal.com\/es\/news\/10\/08\/2026\/stc-lleva-su-programa-de-gestion-de-la-construccion-a-mid-valley-ante-el-aumento-de-la-demanda\/\" \/>\n<meta property=\"og:locale\" content=\"es_ES\" \/>\n<meta property=\"og:type\" content=\"article\" \/>\n<meta property=\"og:title\" content=\"STC lleva su programa de gesti\u00f3n de la construcci\u00f3n a Mid-Valley ante el aumento de la demanda\" \/>\n<meta property=\"og:description\" content=\"The program has been in place for ten years, but it will be offered at STC\u2019s Mid-Valley Campus for the first time this fall.\" \/>\n<meta property=\"og:url\" content=\"https:\/\/www.rgvbusinessjournal.com\/es\/news\/10\/08\/2026\/stc-lleva-su-programa-de-gestion-de-la-construccion-a-mid-valley-ante-el-aumento-de-la-demanda\/\" \/>\n<meta property=\"og:site_name\" content=\"Rio Grande Valley Business Journal\" \/>\n<meta property=\"article:publisher\" content=\"https:\/\/www.facebook.com\/RGVBizJournal\/\" \/>\n<meta property=\"article:published_time\" content=\"2026-08-10T23:55:18+00:00\" \/>\n<meta property=\"og:image\" content=\"https:\/\/www.rgvbusinessjournal.com\/wp-content\/uploads\/2026\/08\/B10E1AD7-D1DC-4756-AB5C-2E8F520A98B7_1_201_a.jpeg\" \/>\n\t<meta property=\"og:image:width\" content=\"971\" \/>\n\t<meta property=\"og:image:height\" content=\"728\" \/>\n\t<meta property=\"og:image:type\" content=\"image\/jpeg\" \/>\n<meta name=\"author\" content=\"RGV Business Journal Staff\" \/>\n<meta name=\"twitter:card\" content=\"summary_large_image\" \/>\n<meta name=\"twitter:description\" content=\"RGV Business Journal covers business news in the Rio Grande Valley of Texas and the Mexican cities of Reynosa and Matamoros.\" \/>\n<meta name=\"twitter:creator\" content=\"@RGVBizJournal\" \/>\n<meta name=\"twitter:site\" content=\"@RGVBizJournal\" \/>\n<meta name=\"twitter:label1\" content=\"Written by\" \/>\n\t<meta name=\"twitter:data1\" content=\"RGV Business Journal Staff\" \/>\n\t<meta name=\"twitter:label2\" content=\"Est. reading time\" \/>\n\t<meta name=\"twitter:data2\" content=\"2 minutes\" \/>\n<script type=\"application\/ld+json\" class=\"yoast-schema-graph\">{\"@context\":\"https:\\\/\\\/schema.org\",\"@graph\":[{\"@type\":\"NewsArticle\",\"@id\":\"https:\\\/\\\/www.rgvbusinessjournal.com\\\/es\\\/news\\\/10\\\/08\\\/2026\\\/stc-lleva-su-programa-de-gestion-de-la-construccion-a-mid-valley-ante-el-aumento-de-la-demanda\\\/#article\",\"isPartOf\":{\"@id\":\"https:\\\/\\\/www.rgvbusinessjournal.com\\\/es\\\/news\\\/10\\\/08\\\/2026\\\/stc-lleva-su-programa-de-gestion-de-la-construccion-a-mid-valley-ante-el-aumento-de-la-demanda\\\/\"},\"author\":{\"name\":\"RGV Business Journal Staff\",\"@id\":\"https:\\\/\\\/www.rgvbusinessjournal.com\\\/es\\\/#\\\/schema\\\/person\\\/c8e183cac23aaa013ebaa56c4c71cf29\"},\"headline\":\"STC lleva su programa de gesti\u00f3n de la construcci\u00f3n a Mid-Valley ante el aumento de la demanda\",\"datePublished\":\"2026-08-10T23:55:18+00:00\",\"mainEntityOfPage\":{\"@id\":\"https:\\\/\\\/www.rgvbusinessjournal.com\\\/es\\\/news\\\/10\\\/08\\\/2026\\\/stc-lleva-su-programa-de-gestion-de-la-construccion-a-mid-valley-ante-el-aumento-de-la-demanda\\\/\"},\"wordCount\":542,\"publisher\":{\"@id\":\"https:\\\/\\\/www.rgvbusinessjournal.com\\\/es\\\/#organization\"},\"image\":{\"@id\":\"https:\\\/\\\/www.rgvbusinessjournal.com\\\/es\\\/news\\\/10\\\/08\\\/2026\\\/stc-lleva-su-programa-de-gestion-de-la-construccion-a-mid-valley-ante-el-aumento-de-la-demanda\\\/#primaryimage\"},\"thumbnailUrl\":\"https:\\\/\\\/www.rgvbusinessjournal.com\\\/wp-content\\\/uploads\\\/2026\\\/08\\\/B10E1AD7-D1DC-4756-AB5C-2E8F520A98B7_1_201_a.jpeg\",\"keywords\":[\"Campus de Mid-Valley\",\"construction management\",\"construction workforce\",\"Donna\",\"higher education\",\"Mercedes\",\"South Texas College\",\"STC\",\"Weslaco\",\"workforce development\"],\"articleSection\":[\"Education\",\"U.S.\",\"Workforce\"],\"inLanguage\":\"es-ES\"},{\"@type\":\"WebPage\",\"@id\":\"https:\\\/\\\/www.rgvbusinessjournal.com\\\/es\\\/news\\\/10\\\/08\\\/2026\\\/stc-lleva-su-programa-de-gestion-de-la-construccion-a-mid-valley-ante-el-aumento-de-la-demanda\\\/\",\"url\":\"https:\\\/\\\/www.rgvbusinessjournal.com\\\/es\\\/news\\\/10\\\/08\\\/2026\\\/stc-lleva-su-programa-de-gestion-de-la-construccion-a-mid-valley-ante-el-aumento-de-la-demanda\\\/\",\"name\":\"STC brings construction management program to Mid-Valley\",\"isPartOf\":{\"@id\":\"https:\\\/\\\/www.rgvbusinessjournal.com\\\/es\\\/#website\"},\"primaryImageOfPage\":{\"@id\":\"https:\\\/\\\/www.rgvbusinessjournal.com\\\/es\\\/news\\\/10\\\/08\\\/2026\\\/stc-lleva-su-programa-de-gestion-de-la-construccion-a-mid-valley-ante-el-aumento-de-la-demanda\\\/#primaryimage\"},\"image\":{\"@id\":\"https:\\\/\\\/www.rgvbusinessjournal.com\\\/es\\\/news\\\/10\\\/08\\\/2026\\\/stc-lleva-su-programa-de-gestion-de-la-construccion-a-mid-valley-ante-el-aumento-de-la-demanda\\\/#primaryimage\"},\"thumbnailUrl\":\"https:\\\/\\\/www.rgvbusinessjournal.com\\\/wp-content\\\/uploads\\\/2026\\\/08\\\/B10E1AD7-D1DC-4756-AB5C-2E8F520A98B7_1_201_a.jpeg\",\"datePublished\":\"2026-08-10T23:55:18+00:00\",\"description\":\"The program has been in place for ten years, but it will be offered at STC\u2019s Mid-Valley Campus for the first time this fall.\",\"breadcrumb\":{\"@id\":\"https:\\\/\\\/www.rgvbusinessjournal.com\\\/es\\\/news\\\/10\\\/08\\\/2026\\\/stc-lleva-su-programa-de-gestion-de-la-construccion-a-mid-valley-ante-el-aumento-de-la-demanda\\\/#breadcrumb\"},\"inLanguage\":\"es-ES\",\"potentialAction\":[{\"@type\":\"ReadAction\",\"target\":[\"https:\\\/\\\/www.rgvbusinessjournal.com\\\/es\\\/news\\\/10\\\/08\\\/2026\\\/stc-lleva-su-programa-de-gestion-de-la-construccion-a-mid-valley-ante-el-aumento-de-la-demanda\\\/\"]}]},{\"@type\":\"ImageObject\",\"inLanguage\":\"es-ES\",\"@id\":\"https:\\\/\\\/www.rgvbusinessjournal.com\\\/es\\\/news\\\/10\\\/08\\\/2026\\\/stc-lleva-su-programa-de-gestion-de-la-construccion-a-mid-valley-ante-el-aumento-de-la-demanda\\\/#primaryimage\",\"url\":\"https:\\\/\\\/www.rgvbusinessjournal.com\\\/wp-content\\\/uploads\\\/2026\\\/08\\\/B10E1AD7-D1DC-4756-AB5C-2E8F520A98B7_1_201_a.jpeg\",\"contentUrl\":\"https:\\\/\\\/www.rgvbusinessjournal.com\\\/wp-content\\\/uploads\\\/2026\\\/08\\\/B10E1AD7-D1DC-4756-AB5C-2E8F520A98B7_1_201_a.jpeg\",\"width\":971,\"height\":728,\"caption\":\"Un estudiante trabaja con maquinaria de obra como parte del programa de Gesti\u00f3n de la Construcci\u00f3n del South Texas College. Cortes\u00eda de | South Texas College\"},{\"@type\":\"BreadcrumbList\",\"@id\":\"https:\\\/\\\/www.rgvbusinessjournal.com\\\/es\\\/news\\\/10\\\/08\\\/2026\\\/stc-lleva-su-programa-de-gestion-de-la-construccion-a-mid-valley-ante-el-aumento-de-la-demanda\\\/#breadcrumb\",\"itemListElement\":[{\"@type\":\"ListItem\",\"position\":1,\"name\":\"Home\",\"item\":\"https:\\\/\\\/www.rgvbusinessjournal.com\\\/es\\\/inicio\\\/\"},{\"@type\":\"ListItem\",\"position\":2,\"name\":\"STC lleva su programa de gesti\u00f3n de la construcci\u00f3n a Mid-Valley ante el aumento de la demanda\"}]},{\"@type\":\"WebSite\",\"@id\":\"https:\\\/\\\/www.rgvbusinessjournal.com\\\/es\\\/#website\",\"url\":\"https:\\\/\\\/www.rgvbusinessjournal.com\\\/es\\\/\",\"name\":\"Rio Grande Valley Business Journal\",\"description\":\"\",\"publisher\":{\"@id\":\"https:\\\/\\\/www.rgvbusinessjournal.com\\\/es\\\/#organization\"},\"potentialAction\":[{\"@type\":\"SearchAction\",\"target\":{\"@type\":\"EntryPoint\",\"urlTemplate\":\"https:\\\/\\\/www.rgvbusinessjournal.com\\\/es\\\/?s={search_term_string}\"},\"query-input\":{\"@type\":\"PropertyValueSpecification\",\"valueRequired\":true,\"valueName\":\"search_term_string\"}}],\"inLanguage\":\"es-ES\"},{\"@type\":\"Organization\",\"@id\":\"https:\\\/\\\/www.rgvbusinessjournal.com\\\/es\\\/#organization\",\"name\":\"Rio Grande Valley Business Journal\",\"alternateName\":\"RGV Business Journal\",\"url\":\"https:\\\/\\\/www.rgvbusinessjournal.com\\\/es\\\/\",\"logo\":{\"@type\":\"ImageObject\",\"inLanguage\":\"es-ES\",\"@id\":\"https:\\\/\\\/www.rgvbusinessjournal.com\\\/es\\\/#\\\/schema\\\/logo\\\/image\\\/\",\"url\":\"https:\\\/\\\/www.rgvbusinessjournal.com\\\/wp-content\\\/uploads\\\/2026\\\/01\\\/535504352_122102206586984207_2702720257970470495_n.jpg\",\"contentUrl\":\"https:\\\/\\\/www.rgvbusinessjournal.com\\\/wp-content\\\/uploads\\\/2026\\\/01\\\/535504352_122102206586984207_2702720257970470495_n.jpg\",\"width\":1000,\"height\":1000,\"caption\":\"Rio Grande Valley Business Journal\"},\"image\":{\"@id\":\"https:\\\/\\\/www.rgvbusinessjournal.com\\\/es\\\/#\\\/schema\\\/logo\\\/image\\\/\"},\"sameAs\":[\"https:\\\/\\\/www.facebook.com\\\/RGVBizJournal\\\/\",\"https:\\\/\\\/x.com\\\/RGVBizJournal\",\"https:\\\/\\\/www.linkedin.com\\\/company\\\/rio-grande-valley-business-journal\\\/\",\"https:\\\/\\\/www.youtube.com\\\/@RGVBizJournal\",\"https:\\\/\\\/www.instagram.com\\\/rgvbiznews\\\/\",\"https:\\\/\\\/www.tiktok.com\\\/@rgvbizjournal\"],\"description\":\"The Rio Grande Valley Business Journal is a digital-first newsroom focused on business, economic trends, real estate, healthcare, and regional developments in South Texas (Cameron, Hidalgo, Starr, and Willacy counties) and nearby Mexican industrial cities like Reynosa and Matamoros. It provides impartial reporting, data analyses, and insights for decision-makers in a fast-growing binational corridor home to nearly three million people and billions in annual trade.\",\"naics\":\"511110\"},{\"@type\":\"Person\",\"@id\":\"https:\\\/\\\/www.rgvbusinessjournal.com\\\/es\\\/#\\\/schema\\\/person\\\/c8e183cac23aaa013ebaa56c4c71cf29\",\"name\":\"RGV Business Journal Staff\",\"image\":{\"@type\":\"ImageObject\",\"inLanguage\":\"es-ES\",\"@id\":\"https:\\\/\\\/secure.gravatar.com\\\/avatar\\\/2789a4be9fbaf2edbd51a42856efec9ec9c0451d9e45eb9bec6457d099662868?s=96&r=g\",\"url\":\"https:\\\/\\\/secure.gravatar.com\\\/avatar\\\/2789a4be9fbaf2edbd51a42856efec9ec9c0451d9e45eb9bec6457d099662868?s=96&r=g\",\"contentUrl\":\"https:\\\/\\\/secure.gravatar.com\\\/avatar\\\/2789a4be9fbaf2edbd51a42856efec9ec9c0451d9e45eb9bec6457d099662868?s=96&r=g\",\"caption\":\"RGV Business Journal Staff\"},\"url\":\"https:\\\/\\\/www.rgvbusinessjournal.com\\\/es\\\/news\\\/author\\\/rgv-business-journal-staff\\\/\"}]}<\/script>\n<!-- \/ Yoast SEO Premium plugin. -->","yoast_head_json":{"title":"STC brings construction management program to Mid-Valley","description":"The program has been in place for ten years, but it will be offered at STC\u2019s Mid-Valley Campus for the first time this fall.","robots":{"index":"index","follow":"follow","max-snippet":"max-snippet:-1","max-image-preview":"max-image-preview:large","max-video-preview":"max-video-preview:-1"},"canonical":"https:\/\/www.rgvbusinessjournal.com\/es\/news\/10\/08\/2026\/stc-lleva-su-programa-de-gestion-de-la-construccion-a-mid-valley-ante-el-aumento-de-la-demanda\/","og_locale":"es_ES","og_type":"article","og_title":"STC lleva su programa de gesti\u00f3n de la construcci\u00f3n a Mid-Valley ante el aumento de la demanda","og_description":"The program has been in place for ten years, but it will be offered at STC\u2019s Mid-Valley Campus for the first time this fall.","og_url":"https:\/\/www.rgvbusinessjournal.com\/es\/news\/10\/08\/2026\/stc-lleva-su-programa-de-gestion-de-la-construccion-a-mid-valley-ante-el-aumento-de-la-demanda\/","og_site_name":"Rio Grande Valley Business Journal","article_publisher":"https:\/\/www.facebook.com\/RGVBizJournal\/","article_published_time":"2026-08-10T23:55:18+00:00","og_image":[{"width":971,"height":728,"url":"https:\/\/www.rgvbusinessjournal.com\/wp-content\/uploads\/2026\/08\/B10E1AD7-D1DC-4756-AB5C-2E8F520A98B7_1_201_a.jpeg","type":"image\/jpeg"}],"author":"RGV Business Journal Staff","twitter_card":"summary_large_image","twitter_description":"RGV Business Journal covers business news in the Rio Grande Valley of Texas and the Mexican cities of Reynosa and Matamoros.","twitter_creator":"@RGVBizJournal","twitter_site":"@RGVBizJournal","twitter_misc":{"Written by":"RGV Business Journal Staff","Est. reading time":"2 minutes"},"schema":{"@context":"https:\/\/schema.org","@graph":[{"@type":"NewsArticle","@id":"https:\/\/www.rgvbusinessjournal.com\/es\/news\/10\/08\/2026\/stc-lleva-su-programa-de-gestion-de-la-construccion-a-mid-valley-ante-el-aumento-de-la-demanda\/#article","isPartOf":{"@id":"https:\/\/www.rgvbusinessjournal.com\/es\/news\/10\/08\/2026\/stc-lleva-su-programa-de-gestion-de-la-construccion-a-mid-valley-ante-el-aumento-de-la-demanda\/"},"author":{"name":"RGV Business Journal Staff","@id":"https:\/\/www.rgvbusinessjournal.com\/es\/#\/schema\/person\/c8e183cac23aaa013ebaa56c4c71cf29"},"headline":"STC lleva su programa de gesti\u00f3n de la construcci\u00f3n a Mid-Valley ante el aumento de la demanda","datePublished":"2026-08-10T23:55:18+00:00","mainEntityOfPage":{"@id":"https:\/\/www.rgvbusinessjournal.com\/es\/news\/10\/08\/2026\/stc-lleva-su-programa-de-gestion-de-la-construccion-a-mid-valley-ante-el-aumento-de-la-demanda\/"},"wordCount":542,"publisher":{"@id":"https:\/\/www.rgvbusinessjournal.com\/es\/#organization"},"image":{"@id":"https:\/\/www.rgvbusinessjournal.com\/es\/news\/10\/08\/2026\/stc-lleva-su-programa-de-gestion-de-la-construccion-a-mid-valley-ante-el-aumento-de-la-demanda\/#primaryimage"},"thumbnailUrl":"https:\/\/www.rgvbusinessjournal.com\/wp-content\/uploads\/2026\/08\/B10E1AD7-D1DC-4756-AB5C-2E8F520A98B7_1_201_a.jpeg","keywords":["Campus de Mid-Valley","construction management","construction workforce","Donna","higher education","Mercedes","South Texas College","STC","Weslaco","workforce development"],"articleSection":["Education","U.S.","Workforce"],"inLanguage":"es-ES"},{"@type":"WebPage","@id":"https:\/\/www.rgvbusinessjournal.com\/es\/news\/10\/08\/2026\/stc-lleva-su-programa-de-gestion-de-la-construccion-a-mid-valley-ante-el-aumento-de-la-demanda\/","url":"https:\/\/www.rgvbusinessjournal.com\/es\/news\/10\/08\/2026\/stc-lleva-su-programa-de-gestion-de-la-construccion-a-mid-valley-ante-el-aumento-de-la-demanda\/","name":"STC brings construction management program to Mid-Valley","isPartOf":{"@id":"https:\/\/www.rgvbusinessjournal.com\/es\/#website"},"primaryImageOfPage":{"@id":"https:\/\/www.rgvbusinessjournal.com\/es\/news\/10\/08\/2026\/stc-lleva-su-programa-de-gestion-de-la-construccion-a-mid-valley-ante-el-aumento-de-la-demanda\/#primaryimage"},"image":{"@id":"https:\/\/www.rgvbusinessjournal.com\/es\/news\/10\/08\/2026\/stc-lleva-su-programa-de-gestion-de-la-construccion-a-mid-valley-ante-el-aumento-de-la-demanda\/#primaryimage"},"thumbnailUrl":"https:\/\/www.rgvbusinessjournal.com\/wp-content\/uploads\/2026\/08\/B10E1AD7-D1DC-4756-AB5C-2E8F520A98B7_1_201_a.jpeg","datePublished":"2026-08-10T23:55:18+00:00","description":"The program has been in place for ten years, but it will be offered at STC\u2019s Mid-Valley Campus for the first time this fall.","breadcrumb":{"@id":"https:\/\/www.rgvbusinessjournal.com\/es\/news\/10\/08\/2026\/stc-lleva-su-programa-de-gestion-de-la-construccion-a-mid-valley-ante-el-aumento-de-la-demanda\/#breadcrumb"},"inLanguage":"es-ES","potentialAction":[{"@type":"ReadAction","target":["https:\/\/www.rgvbusinessjournal.com\/es\/news\/10\/08\/2026\/stc-lleva-su-programa-de-gestion-de-la-construccion-a-mid-valley-ante-el-aumento-de-la-demanda\/"]}]},{"@type":"ImageObject","inLanguage":"es-ES","@id":"https:\/\/www.rgvbusinessjournal.com\/es\/news\/10\/08\/2026\/stc-lleva-su-programa-de-gestion-de-la-construccion-a-mid-valley-ante-el-aumento-de-la-demanda\/#primaryimage","url":"https:\/\/www.rgvbusinessjournal.com\/wp-content\/uploads\/2026\/08\/B10E1AD7-D1DC-4756-AB5C-2E8F520A98B7_1_201_a.jpeg","contentUrl":"https:\/\/www.rgvbusinessjournal.com\/wp-content\/uploads\/2026\/08\/B10E1AD7-D1DC-4756-AB5C-2E8F520A98B7_1_201_a.jpeg","width":971,"height":728,"caption":"Un estudiante trabaja con maquinaria de obra como parte del programa de Gesti\u00f3n de la Construcci\u00f3n del South Texas College. Cortes\u00eda de | South Texas College"},{"@type":"BreadcrumbList","@id":"https:\/\/www.rgvbusinessjournal.com\/es\/news\/10\/08\/2026\/stc-lleva-su-programa-de-gestion-de-la-construccion-a-mid-valley-ante-el-aumento-de-la-demanda\/#breadcrumb","itemListElement":[{"@type":"ListItem","position":1,"name":"Home","item":"https:\/\/www.rgvbusinessjournal.com\/es\/inicio\/"},{"@type":"ListItem","position":2,"name":"STC lleva su programa de gesti\u00f3n de la construcci\u00f3n a Mid-Valley ante el aumento de la demanda"}]},{"@type":"WebSite","@id":"https:\/\/www.rgvbusinessjournal.com\/es\/#website","url":"https:\/\/www.rgvbusinessjournal.com\/es\/","name":"Rio Grande Valley Business Journal","description":"","publisher":{"@id":"https:\/\/www.rgvbusinessjournal.com\/es\/#organization"},"potentialAction":[{"@type":"SearchAction","target":{"@type":"EntryPoint","urlTemplate":"https:\/\/www.rgvbusinessjournal.com\/es\/?s={search_term_string}"},"query-input":{"@type":"PropertyValueSpecification","valueRequired":true,"valueName":"search_term_string"}}],"inLanguage":"es-ES"},{"@type":"Organization","@id":"https:\/\/www.rgvbusinessjournal.com\/es\/#organization","name":"Rio Grande Valley Business Journal","alternateName":"RGV Business Journal","url":"https:\/\/www.rgvbusinessjournal.com\/es\/","logo":{"@type":"ImageObject","inLanguage":"es-ES","@id":"https:\/\/www.rgvbusinessjournal.com\/es\/#\/schema\/logo\/image\/","url":"https:\/\/www.rgvbusinessjournal.com\/wp-content\/uploads\/2026\/01\/535504352_122102206586984207_2702720257970470495_n.jpg","contentUrl":"https:\/\/www.rgvbusinessjournal.com\/wp-content\/uploads\/2026\/01\/535504352_122102206586984207_2702720257970470495_n.jpg","width":1000,"height":1000,"caption":"Rio Grande Valley Business Journal"},"image":{"@id":"https:\/\/www.rgvbusinessjournal.com\/es\/#\/schema\/logo\/image\/"},"sameAs":["https:\/\/www.facebook.com\/RGVBizJournal\/","https:\/\/x.com\/RGVBizJournal","https:\/\/www.linkedin.com\/company\/rio-grande-valley-business-journal\/","https:\/\/www.youtube.com\/@RGVBizJournal","https:\/\/www.instagram.com\/rgvbiznews\/","https:\/\/www.tiktok.com\/@rgvbizjournal"],"description":"The Rio Grande Valley Business Journal is a digital-first newsroom focused on business, economic trends, real estate, healthcare, and regional developments in South Texas (Cameron, Hidalgo, Starr, and Willacy counties) and nearby Mexican industrial cities like Reynosa and Matamoros. It provides impartial reporting, data analyses, and insights for decision-makers in a fast-growing binational corridor home to nearly three million people and billions in annual trade.","naics":"511110"},{"@type":"Person","@id":"https:\/\/www.rgvbusinessjournal.com\/es\/#\/schema\/person\/c8e183cac23aaa013ebaa56c4c71cf29","name":"RGV Business Journal Staff","image":{"@type":"ImageObject","inLanguage":"es-ES","@id":"https:\/\/secure.gravatar.com\/avatar\/2789a4be9fbaf2edbd51a42856efec9ec9c0451d9e45eb9bec6457d099662868?s=96&r=g","url":"https:\/\/secure.gravatar.com\/avatar\/2789a4be9fbaf2edbd51a42856efec9ec9c0451d9e45eb9bec6457d099662868?s=96&r=g","contentUrl":"https:\/\/secure.gravatar.com\/avatar\/2789a4be9fbaf2edbd51a42856efec9ec9c0451d9e45eb9bec6457d099662868?s=96&r=g","caption":"RGV Business Journal Staff"},"url":"https:\/\/www.rgvbusinessjournal.com\/es\/news\/author\/rgv-business-journal-staff\/"}]}},"preview_block_count":4,"is_paywalled":true,"_links":{"self":[{"href":"https:\/\/www.rgvbusinessjournal.com\/es\/wp-json\/wp\/v2\/posts\/22457","targetHints":{"allow":["GET"]}}],"collection":[{"href":"https:\/\/www.rgvbusinessjournal.com\/es\/wp-json\/wp\/v2\/posts"}],"about":[{"href":"https:\/\/www.rgvbusinessjournal.com\/es\/wp-json\/wp\/v2\/types\/post"}],"author":[{"embeddable":true,"href":"https:\/\/www.rgvbusinessjournal.com\/es\/wp-json\/wp\/v2\/users\/53"}],"replies":[{"embeddable":true,"href":"https:\/\/www.rgvbusinessjournal.com\/es\/wp-json\/wp\/v2\/comments?post=22457"}],"version-history":[{"count":0,"href":"https:\/\/www.rgvbusinessjournal.com\/es\/wp-json\/wp\/v2\/posts\/22457\/revisions"}],"wp:featuredmedia":[{"embeddable":true,"href":"https:\/\/www.rgvbusinessjournal.com\/es\/wp-json\/wp\/v2\/media\/22458"}],"wp:attachment":[{"href":"https:\/\/www.rgvbusinessjournal.com\/es\/wp-json\/wp\/v2\/media?parent=22457"}],"wp:term":[{"taxonomy":"category","embeddable":true,"href":"https:\/\/www.rgvbusinessjournal.com\/es\/wp-json\/wp\/v2\/categories?post=22457"},{"taxonomy":"post_tag","embeddable":true,"href":"https:\/\/www.rgvbusinessjournal.com\/es\/wp-json\/wp\/v2\/tags?post=22457"}],"curies":[{"name":"wp","href":"https:\/\/api.w.org\/{rel}","templated":true}]}}