{"id":22473,"date":"2026-08-11T21:42:53","date_gmt":"2026-08-12T02:42:53","guid":{"rendered":"https:\/\/www.rgvbusinessjournal.com\/news\/11\/08\/2026\/the-vitamin-shoppe-tiene-previsto-abrir-su-segunda-tienda-en-mcallen\/"},"modified":"2026-08-11T21:42:53","modified_gmt":"2026-08-12T02:42:53","slug":"the-vitamin-shoppe-tiene-previsto-abrir-su-segunda-tienda-en-mcallen","status":"publish","type":"post","link":"https:\/\/www.rgvbusinessjournal.com\/es\/news\/11\/08\/2026\/the-vitamin-shoppe-tiene-previsto-abrir-su-segunda-tienda-en-mcallen\/","title":{"rendered":"The Vitamin Shoppe tiene previsto abrir su segunda tienda en McAllen"},"content":{"rendered":"<p class=\"wp-block-paragraph\"><strong>Seg\u00fan un nuevo documento presentado ante las autoridades estatales, la cadena de tiendas de salud y bienestar tiene previsto abrir un establecimiento de casi 3.000 pies cuadrados junto a la autopista 83.<\/strong><\/p><p class=\"wp-block-paragraph\">The Vitamin Shoppe se est\u00e1 preparando para ampliar su presencia en McAllen con una segunda tienda prevista en el centro comercial Las Tiendas, junto a la autopista 83.<\/p><p class=\"wp-block-paragraph\">La cadena de tiendas de productos de salud y bienestar tiene previsto acondicionar un local comercial desocupado de 2.957 pies cuadrados situado en el n\u00famero 816 de la E. Expressway 83, seg\u00fan la documentaci\u00f3n del proyecto presentada ante el Departamento de Licencias y Regulaci\u00f3n de Texas.<\/p><p class=\"wp-block-paragraph\">La renovaci\u00f3n, financiada con fondos privados, tiene un coste estimado de construcci\u00f3n de 271 000 d\u00f3lares. Seg\u00fan la documentaci\u00f3n presentada, est\u00e1 previsto que las obras comiencen el 2 de octubre y finalicen el 1 de diciembre de 2027.<\/p>","protected":false},"excerpt":{"rendered":"<p>Seg\u00fan un nuevo documento presentado ante las autoridades estatales, la cadena de tiendas de salud y bienestar tiene previsto abrir un establecimiento de casi 3.000 pies cuadrados junto a la autopista 83.<\/p>\n","protected":false},"author":53,"featured_media":22474,"comment_status":"","ping_status":"","sticky":false,"template":"","format":"standard","meta":{"_acf_changed":false,"post_views_count":74,"footnotes":""},"categories":[4,107,111,825],"tags":[193,806,4715,149,4714,69,196,4994],"class_list":["post-22473","post","type-post","status-publish","format-standard","has-post-thumbnail","hentry","category-commercial-real-estate","category-real-estate","category-retail-real-estate","category-u-s","tag-construction","tag-expressway-83","tag-health-and-wellness","tag-hidalgo-county","tag-las-tiendas-shopping-center","tag-mcallen","tag-retail","tag-the-vitamin-shoppe-es-es"],"acf":{"is_features_post":"","is_sponser":"","hide_author":"","hide_author_biography":""},"yoast_head":"<!-- This site is optimized with the Yoast SEO Premium plugin v28.3 (Yoast SEO v28.3) - https:\/\/yoast.com\/product\/yoast-seo-premium-wordpress\/ -->\n<title>The Vitamin Shoppe tiene previsto abrir su segunda tienda en McAllen<\/title>\n<meta name=\"description\" content=\"The health and wellness retailer plans a nearly 3,000-square-foot store along Expressway 83, according to a new state filing.\" \/>\n<meta name=\"robots\" content=\"index, follow, max-snippet:-1, max-image-preview:large, max-video-preview:-1\" \/>\n<link rel=\"canonical\" href=\"https:\/\/www.rgvbusinessjournal.com\/es\/news\/11\/08\/2026\/the-vitamin-shoppe-tiene-previsto-abrir-su-segunda-tienda-en-mcallen\/\" \/>\n<meta property=\"og:locale\" content=\"es_ES\" \/>\n<meta property=\"og:type\" content=\"article\" \/>\n<meta property=\"og:title\" content=\"The Vitamin Shoppe tiene previsto abrir su segunda tienda en McAllen\" \/>\n<meta property=\"og:description\" content=\"The health and wellness retailer plans a nearly 3,000-square-foot store along Expressway 83, according to a new state filing.\" \/>\n<meta property=\"og:url\" content=\"https:\/\/www.rgvbusinessjournal.com\/es\/news\/11\/08\/2026\/the-vitamin-shoppe-tiene-previsto-abrir-su-segunda-tienda-en-mcallen\/\" \/>\n<meta property=\"og:site_name\" content=\"Rio Grande Valley Business Journal\" \/>\n<meta property=\"article:publisher\" content=\"https:\/\/www.facebook.com\/RGVBizJournal\/\" \/>\n<meta property=\"article:published_time\" content=\"2026-08-12T02:42:53+00:00\" \/>\n<meta property=\"og:image\" content=\"https:\/\/www.rgvbusinessjournal.com\/wp-content\/uploads\/2026\/08\/AAF8AFDF-86C5-443A-BF77-B9D5528D4AB1_1_201_a.jpeg\" \/>\n\t<meta property=\"og:image:width\" content=\"1255\" \/>\n\t<meta property=\"og:image:height\" content=\"941\" \/>\n\t<meta property=\"og:image:type\" content=\"image\/jpeg\" \/>\n<meta name=\"author\" content=\"RGV Business Journal Staff\" \/>\n<meta name=\"twitter:card\" content=\"summary_large_image\" \/>\n<meta name=\"twitter:description\" content=\"RGV Business Journal covers business news in the Rio Grande Valley of Texas and the Mexican cities of Reynosa and Matamoros.\" \/>\n<meta name=\"twitter:creator\" content=\"@RGVBizJournal\" \/>\n<meta name=\"twitter:site\" content=\"@RGVBizJournal\" \/>\n<meta name=\"twitter:label1\" content=\"Written by\" \/>\n\t<meta name=\"twitter:data1\" content=\"RGV Business Journal Staff\" \/>\n\t<meta name=\"twitter:label2\" content=\"Est. reading time\" \/>\n\t<meta name=\"twitter:data2\" content=\"2 minutes\" \/>\n<script type=\"application\/ld+json\" class=\"yoast-schema-graph\">{\"@context\":\"https:\\\/\\\/schema.org\",\"@graph\":[{\"@type\":\"NewsArticle\",\"@id\":\"https:\\\/\\\/www.rgvbusinessjournal.com\\\/es\\\/news\\\/11\\\/08\\\/2026\\\/the-vitamin-shoppe-tiene-previsto-abrir-su-segunda-tienda-en-mcallen\\\/#article\",\"isPartOf\":{\"@id\":\"https:\\\/\\\/www.rgvbusinessjournal.com\\\/es\\\/news\\\/11\\\/08\\\/2026\\\/the-vitamin-shoppe-tiene-previsto-abrir-su-segunda-tienda-en-mcallen\\\/\"},\"author\":{\"name\":\"RGV Business Journal Staff\",\"@id\":\"https:\\\/\\\/www.rgvbusinessjournal.com\\\/es\\\/#\\\/schema\\\/person\\\/c8e183cac23aaa013ebaa56c4c71cf29\"},\"headline\":\"The Vitamin Shoppe tiene previsto abrir su segunda tienda en McAllen\",\"datePublished\":\"2026-08-12T02:42:53+00:00\",\"mainEntityOfPage\":{\"@id\":\"https:\\\/\\\/www.rgvbusinessjournal.com\\\/es\\\/news\\\/11\\\/08\\\/2026\\\/the-vitamin-shoppe-tiene-previsto-abrir-su-segunda-tienda-en-mcallen\\\/\"},\"wordCount\":351,\"publisher\":{\"@id\":\"https:\\\/\\\/www.rgvbusinessjournal.com\\\/es\\\/#organization\"},\"image\":{\"@id\":\"https:\\\/\\\/www.rgvbusinessjournal.com\\\/es\\\/news\\\/11\\\/08\\\/2026\\\/the-vitamin-shoppe-tiene-previsto-abrir-su-segunda-tienda-en-mcallen\\\/#primaryimage\"},\"thumbnailUrl\":\"https:\\\/\\\/www.rgvbusinessjournal.com\\\/wp-content\\\/uploads\\\/2026\\\/08\\\/AAF8AFDF-86C5-443A-BF77-B9D5528D4AB1_1_201_a.jpeg\",\"keywords\":[\"Construction\",\"Expressway 83\",\"health and wellness\",\"Hidalgo County\",\"Las Tiendas Shopping Center\",\"McAllen\",\"retail\",\"The Vitamin Shoppe (ES)\"],\"articleSection\":[\"Commercial Real Estate\",\"Real Estate\",\"Retail\",\"U.S.\"],\"inLanguage\":\"es-ES\"},{\"@type\":\"WebPage\",\"@id\":\"https:\\\/\\\/www.rgvbusinessjournal.com\\\/es\\\/news\\\/11\\\/08\\\/2026\\\/the-vitamin-shoppe-tiene-previsto-abrir-su-segunda-tienda-en-mcallen\\\/\",\"url\":\"https:\\\/\\\/www.rgvbusinessjournal.com\\\/es\\\/news\\\/11\\\/08\\\/2026\\\/the-vitamin-shoppe-tiene-previsto-abrir-su-segunda-tienda-en-mcallen\\\/\",\"name\":\"The Vitamin Shoppe tiene previsto abrir su segunda tienda en McAllen\",\"isPartOf\":{\"@id\":\"https:\\\/\\\/www.rgvbusinessjournal.com\\\/es\\\/#website\"},\"primaryImageOfPage\":{\"@id\":\"https:\\\/\\\/www.rgvbusinessjournal.com\\\/es\\\/news\\\/11\\\/08\\\/2026\\\/the-vitamin-shoppe-tiene-previsto-abrir-su-segunda-tienda-en-mcallen\\\/#primaryimage\"},\"image\":{\"@id\":\"https:\\\/\\\/www.rgvbusinessjournal.com\\\/es\\\/news\\\/11\\\/08\\\/2026\\\/the-vitamin-shoppe-tiene-previsto-abrir-su-segunda-tienda-en-mcallen\\\/#primaryimage\"},\"thumbnailUrl\":\"https:\\\/\\\/www.rgvbusinessjournal.com\\\/wp-content\\\/uploads\\\/2026\\\/08\\\/AAF8AFDF-86C5-443A-BF77-B9D5528D4AB1_1_201_a.jpeg\",\"datePublished\":\"2026-08-12T02:42:53+00:00\",\"description\":\"The health and wellness retailer plans a nearly 3,000-square-foot store along Expressway 83, according to a new state filing.\",\"breadcrumb\":{\"@id\":\"https:\\\/\\\/www.rgvbusinessjournal.com\\\/es\\\/news\\\/11\\\/08\\\/2026\\\/the-vitamin-shoppe-tiene-previsto-abrir-su-segunda-tienda-en-mcallen\\\/#breadcrumb\"},\"inLanguage\":\"es-ES\",\"potentialAction\":[{\"@type\":\"ReadAction\",\"target\":[\"https:\\\/\\\/www.rgvbusinessjournal.com\\\/es\\\/news\\\/11\\\/08\\\/2026\\\/the-vitamin-shoppe-tiene-previsto-abrir-su-segunda-tienda-en-mcallen\\\/\"]}]},{\"@type\":\"ImageObject\",\"inLanguage\":\"es-ES\",\"@id\":\"https:\\\/\\\/www.rgvbusinessjournal.com\\\/es\\\/news\\\/11\\\/08\\\/2026\\\/the-vitamin-shoppe-tiene-previsto-abrir-su-segunda-tienda-en-mcallen\\\/#primaryimage\",\"url\":\"https:\\\/\\\/www.rgvbusinessjournal.com\\\/wp-content\\\/uploads\\\/2026\\\/08\\\/AAF8AFDF-86C5-443A-BF77-B9D5528D4AB1_1_201_a.jpeg\",\"contentUrl\":\"https:\\\/\\\/www.rgvbusinessjournal.com\\\/wp-content\\\/uploads\\\/2026\\\/08\\\/AAF8AFDF-86C5-443A-BF77-B9D5528D4AB1_1_201_a.jpeg\",\"width\":1255,\"height\":941,\"caption\":\"Ilustraci\u00f3n del escaparate de una tienda Vitamin Shoppe. La cadena de productos de salud y bienestar tiene previsto abrir un segundo establecimiento en McAllen.\"},{\"@type\":\"BreadcrumbList\",\"@id\":\"https:\\\/\\\/www.rgvbusinessjournal.com\\\/es\\\/news\\\/11\\\/08\\\/2026\\\/the-vitamin-shoppe-tiene-previsto-abrir-su-segunda-tienda-en-mcallen\\\/#breadcrumb\",\"itemListElement\":[{\"@type\":\"ListItem\",\"position\":1,\"name\":\"Home\",\"item\":\"https:\\\/\\\/www.rgvbusinessjournal.com\\\/es\\\/inicio\\\/\"},{\"@type\":\"ListItem\",\"position\":2,\"name\":\"The Vitamin Shoppe tiene previsto abrir su segunda tienda en McAllen\"}]},{\"@type\":\"WebSite\",\"@id\":\"https:\\\/\\\/www.rgvbusinessjournal.com\\\/es\\\/#website\",\"url\":\"https:\\\/\\\/www.rgvbusinessjournal.com\\\/es\\\/\",\"name\":\"Rio Grande Valley Business Journal\",\"description\":\"\",\"publisher\":{\"@id\":\"https:\\\/\\\/www.rgvbusinessjournal.com\\\/es\\\/#organization\"},\"potentialAction\":[{\"@type\":\"SearchAction\",\"target\":{\"@type\":\"EntryPoint\",\"urlTemplate\":\"https:\\\/\\\/www.rgvbusinessjournal.com\\\/es\\\/?s={search_term_string}\"},\"query-input\":{\"@type\":\"PropertyValueSpecification\",\"valueRequired\":true,\"valueName\":\"search_term_string\"}}],\"inLanguage\":\"es-ES\"},{\"@type\":\"Organization\",\"@id\":\"https:\\\/\\\/www.rgvbusinessjournal.com\\\/es\\\/#organization\",\"name\":\"Rio Grande Valley Business Journal\",\"alternateName\":\"RGV Business Journal\",\"url\":\"https:\\\/\\\/www.rgvbusinessjournal.com\\\/es\\\/\",\"logo\":{\"@type\":\"ImageObject\",\"inLanguage\":\"es-ES\",\"@id\":\"https:\\\/\\\/www.rgvbusinessjournal.com\\\/es\\\/#\\\/schema\\\/logo\\\/image\\\/\",\"url\":\"https:\\\/\\\/www.rgvbusinessjournal.com\\\/wp-content\\\/uploads\\\/2026\\\/01\\\/535504352_122102206586984207_2702720257970470495_n.jpg\",\"contentUrl\":\"https:\\\/\\\/www.rgvbusinessjournal.com\\\/wp-content\\\/uploads\\\/2026\\\/01\\\/535504352_122102206586984207_2702720257970470495_n.jpg\",\"width\":1000,\"height\":1000,\"caption\":\"Rio Grande Valley Business Journal\"},\"image\":{\"@id\":\"https:\\\/\\\/www.rgvbusinessjournal.com\\\/es\\\/#\\\/schema\\\/logo\\\/image\\\/\"},\"sameAs\":[\"https:\\\/\\\/www.facebook.com\\\/RGVBizJournal\\\/\",\"https:\\\/\\\/x.com\\\/RGVBizJournal\",\"https:\\\/\\\/www.linkedin.com\\\/company\\\/rio-grande-valley-business-journal\\\/\",\"https:\\\/\\\/www.youtube.com\\\/@RGVBizJournal\",\"https:\\\/\\\/www.instagram.com\\\/rgvbiznews\\\/\",\"https:\\\/\\\/www.tiktok.com\\\/@rgvbizjournal\"],\"description\":\"The Rio Grande Valley Business Journal is a digital-first newsroom focused on business, economic trends, real estate, healthcare, and regional developments in South Texas (Cameron, Hidalgo, Starr, and Willacy counties) and nearby Mexican industrial cities like Reynosa and Matamoros. It provides impartial reporting, data analyses, and insights for decision-makers in a fast-growing binational corridor home to nearly three million people and billions in annual trade.\",\"naics\":\"511110\"},{\"@type\":\"Person\",\"@id\":\"https:\\\/\\\/www.rgvbusinessjournal.com\\\/es\\\/#\\\/schema\\\/person\\\/c8e183cac23aaa013ebaa56c4c71cf29\",\"name\":\"RGV Business Journal Staff\",\"image\":{\"@type\":\"ImageObject\",\"inLanguage\":\"es-ES\",\"@id\":\"https:\\\/\\\/secure.gravatar.com\\\/avatar\\\/2789a4be9fbaf2edbd51a42856efec9ec9c0451d9e45eb9bec6457d099662868?s=96&r=g\",\"url\":\"https:\\\/\\\/secure.gravatar.com\\\/avatar\\\/2789a4be9fbaf2edbd51a42856efec9ec9c0451d9e45eb9bec6457d099662868?s=96&r=g\",\"contentUrl\":\"https:\\\/\\\/secure.gravatar.com\\\/avatar\\\/2789a4be9fbaf2edbd51a42856efec9ec9c0451d9e45eb9bec6457d099662868?s=96&r=g\",\"caption\":\"RGV Business Journal Staff\"},\"url\":\"https:\\\/\\\/www.rgvbusinessjournal.com\\\/es\\\/news\\\/author\\\/rgv-business-journal-staff\\\/\"}]}<\/script>\n<!-- \/ Yoast SEO Premium plugin. -->","yoast_head_json":{"title":"The Vitamin Shoppe tiene previsto abrir su segunda tienda en McAllen","description":"The health and wellness retailer plans a nearly 3,000-square-foot store along Expressway 83, according to a new state filing.","robots":{"index":"index","follow":"follow","max-snippet":"max-snippet:-1","max-image-preview":"max-image-preview:large","max-video-preview":"max-video-preview:-1"},"canonical":"https:\/\/www.rgvbusinessjournal.com\/es\/news\/11\/08\/2026\/the-vitamin-shoppe-tiene-previsto-abrir-su-segunda-tienda-en-mcallen\/","og_locale":"es_ES","og_type":"article","og_title":"The Vitamin Shoppe tiene previsto abrir su segunda tienda en McAllen","og_description":"The health and wellness retailer plans a nearly 3,000-square-foot store along Expressway 83, according to a new state filing.","og_url":"https:\/\/www.rgvbusinessjournal.com\/es\/news\/11\/08\/2026\/the-vitamin-shoppe-tiene-previsto-abrir-su-segunda-tienda-en-mcallen\/","og_site_name":"Rio Grande Valley Business Journal","article_publisher":"https:\/\/www.facebook.com\/RGVBizJournal\/","article_published_time":"2026-08-12T02:42:53+00:00","og_image":[{"width":1255,"height":941,"url":"https:\/\/www.rgvbusinessjournal.com\/wp-content\/uploads\/2026\/08\/AAF8AFDF-86C5-443A-BF77-B9D5528D4AB1_1_201_a.jpeg","type":"image\/jpeg"}],"author":"RGV Business Journal Staff","twitter_card":"summary_large_image","twitter_description":"RGV Business Journal covers business news in the Rio Grande Valley of Texas and the Mexican cities of Reynosa and Matamoros.","twitter_creator":"@RGVBizJournal","twitter_site":"@RGVBizJournal","twitter_misc":{"Written by":"RGV Business Journal Staff","Est. reading time":"2 minutes"},"schema":{"@context":"https:\/\/schema.org","@graph":[{"@type":"NewsArticle","@id":"https:\/\/www.rgvbusinessjournal.com\/es\/news\/11\/08\/2026\/the-vitamin-shoppe-tiene-previsto-abrir-su-segunda-tienda-en-mcallen\/#article","isPartOf":{"@id":"https:\/\/www.rgvbusinessjournal.com\/es\/news\/11\/08\/2026\/the-vitamin-shoppe-tiene-previsto-abrir-su-segunda-tienda-en-mcallen\/"},"author":{"name":"RGV Business Journal Staff","@id":"https:\/\/www.rgvbusinessjournal.com\/es\/#\/schema\/person\/c8e183cac23aaa013ebaa56c4c71cf29"},"headline":"The Vitamin Shoppe tiene previsto abrir su segunda tienda en McAllen","datePublished":"2026-08-12T02:42:53+00:00","mainEntityOfPage":{"@id":"https:\/\/www.rgvbusinessjournal.com\/es\/news\/11\/08\/2026\/the-vitamin-shoppe-tiene-previsto-abrir-su-segunda-tienda-en-mcallen\/"},"wordCount":351,"publisher":{"@id":"https:\/\/www.rgvbusinessjournal.com\/es\/#organization"},"image":{"@id":"https:\/\/www.rgvbusinessjournal.com\/es\/news\/11\/08\/2026\/the-vitamin-shoppe-tiene-previsto-abrir-su-segunda-tienda-en-mcallen\/#primaryimage"},"thumbnailUrl":"https:\/\/www.rgvbusinessjournal.com\/wp-content\/uploads\/2026\/08\/AAF8AFDF-86C5-443A-BF77-B9D5528D4AB1_1_201_a.jpeg","keywords":["Construction","Expressway 83","health and wellness","Hidalgo County","Las Tiendas Shopping Center","McAllen","retail","The Vitamin Shoppe (ES)"],"articleSection":["Commercial Real Estate","Real Estate","Retail","U.S."],"inLanguage":"es-ES"},{"@type":"WebPage","@id":"https:\/\/www.rgvbusinessjournal.com\/es\/news\/11\/08\/2026\/the-vitamin-shoppe-tiene-previsto-abrir-su-segunda-tienda-en-mcallen\/","url":"https:\/\/www.rgvbusinessjournal.com\/es\/news\/11\/08\/2026\/the-vitamin-shoppe-tiene-previsto-abrir-su-segunda-tienda-en-mcallen\/","name":"The Vitamin Shoppe tiene previsto abrir su segunda tienda en McAllen","isPartOf":{"@id":"https:\/\/www.rgvbusinessjournal.com\/es\/#website"},"primaryImageOfPage":{"@id":"https:\/\/www.rgvbusinessjournal.com\/es\/news\/11\/08\/2026\/the-vitamin-shoppe-tiene-previsto-abrir-su-segunda-tienda-en-mcallen\/#primaryimage"},"image":{"@id":"https:\/\/www.rgvbusinessjournal.com\/es\/news\/11\/08\/2026\/the-vitamin-shoppe-tiene-previsto-abrir-su-segunda-tienda-en-mcallen\/#primaryimage"},"thumbnailUrl":"https:\/\/www.rgvbusinessjournal.com\/wp-content\/uploads\/2026\/08\/AAF8AFDF-86C5-443A-BF77-B9D5528D4AB1_1_201_a.jpeg","datePublished":"2026-08-12T02:42:53+00:00","description":"The health and wellness retailer plans a nearly 3,000-square-foot store along Expressway 83, according to a new state filing.","breadcrumb":{"@id":"https:\/\/www.rgvbusinessjournal.com\/es\/news\/11\/08\/2026\/the-vitamin-shoppe-tiene-previsto-abrir-su-segunda-tienda-en-mcallen\/#breadcrumb"},"inLanguage":"es-ES","potentialAction":[{"@type":"ReadAction","target":["https:\/\/www.rgvbusinessjournal.com\/es\/news\/11\/08\/2026\/the-vitamin-shoppe-tiene-previsto-abrir-su-segunda-tienda-en-mcallen\/"]}]},{"@type":"ImageObject","inLanguage":"es-ES","@id":"https:\/\/www.rgvbusinessjournal.com\/es\/news\/11\/08\/2026\/the-vitamin-shoppe-tiene-previsto-abrir-su-segunda-tienda-en-mcallen\/#primaryimage","url":"https:\/\/www.rgvbusinessjournal.com\/wp-content\/uploads\/2026\/08\/AAF8AFDF-86C5-443A-BF77-B9D5528D4AB1_1_201_a.jpeg","contentUrl":"https:\/\/www.rgvbusinessjournal.com\/wp-content\/uploads\/2026\/08\/AAF8AFDF-86C5-443A-BF77-B9D5528D4AB1_1_201_a.jpeg","width":1255,"height":941,"caption":"Ilustraci\u00f3n del escaparate de una tienda Vitamin Shoppe. La cadena de productos de salud y bienestar tiene previsto abrir un segundo establecimiento en McAllen."},{"@type":"BreadcrumbList","@id":"https:\/\/www.rgvbusinessjournal.com\/es\/news\/11\/08\/2026\/the-vitamin-shoppe-tiene-previsto-abrir-su-segunda-tienda-en-mcallen\/#breadcrumb","itemListElement":[{"@type":"ListItem","position":1,"name":"Home","item":"https:\/\/www.rgvbusinessjournal.com\/es\/inicio\/"},{"@type":"ListItem","position":2,"name":"The Vitamin Shoppe tiene previsto abrir su segunda tienda en McAllen"}]},{"@type":"WebSite","@id":"https:\/\/www.rgvbusinessjournal.com\/es\/#website","url":"https:\/\/www.rgvbusinessjournal.com\/es\/","name":"Rio Grande Valley Business Journal","description":"","publisher":{"@id":"https:\/\/www.rgvbusinessjournal.com\/es\/#organization"},"potentialAction":[{"@type":"SearchAction","target":{"@type":"EntryPoint","urlTemplate":"https:\/\/www.rgvbusinessjournal.com\/es\/?s={search_term_string}"},"query-input":{"@type":"PropertyValueSpecification","valueRequired":true,"valueName":"search_term_string"}}],"inLanguage":"es-ES"},{"@type":"Organization","@id":"https:\/\/www.rgvbusinessjournal.com\/es\/#organization","name":"Rio Grande Valley Business Journal","alternateName":"RGV Business Journal","url":"https:\/\/www.rgvbusinessjournal.com\/es\/","logo":{"@type":"ImageObject","inLanguage":"es-ES","@id":"https:\/\/www.rgvbusinessjournal.com\/es\/#\/schema\/logo\/image\/","url":"https:\/\/www.rgvbusinessjournal.com\/wp-content\/uploads\/2026\/01\/535504352_122102206586984207_2702720257970470495_n.jpg","contentUrl":"https:\/\/www.rgvbusinessjournal.com\/wp-content\/uploads\/2026\/01\/535504352_122102206586984207_2702720257970470495_n.jpg","width":1000,"height":1000,"caption":"Rio Grande Valley Business Journal"},"image":{"@id":"https:\/\/www.rgvbusinessjournal.com\/es\/#\/schema\/logo\/image\/"},"sameAs":["https:\/\/www.facebook.com\/RGVBizJournal\/","https:\/\/x.com\/RGVBizJournal","https:\/\/www.linkedin.com\/company\/rio-grande-valley-business-journal\/","https:\/\/www.youtube.com\/@RGVBizJournal","https:\/\/www.instagram.com\/rgvbiznews\/","https:\/\/www.tiktok.com\/@rgvbizjournal"],"description":"The Rio Grande Valley Business Journal is a digital-first newsroom focused on business, economic trends, real estate, healthcare, and regional developments in South Texas (Cameron, Hidalgo, Starr, and Willacy counties) and nearby Mexican industrial cities like Reynosa and Matamoros. It provides impartial reporting, data analyses, and insights for decision-makers in a fast-growing binational corridor home to nearly three million people and billions in annual trade.","naics":"511110"},{"@type":"Person","@id":"https:\/\/www.rgvbusinessjournal.com\/es\/#\/schema\/person\/c8e183cac23aaa013ebaa56c4c71cf29","name":"RGV Business Journal Staff","image":{"@type":"ImageObject","inLanguage":"es-ES","@id":"https:\/\/secure.gravatar.com\/avatar\/2789a4be9fbaf2edbd51a42856efec9ec9c0451d9e45eb9bec6457d099662868?s=96&r=g","url":"https:\/\/secure.gravatar.com\/avatar\/2789a4be9fbaf2edbd51a42856efec9ec9c0451d9e45eb9bec6457d099662868?s=96&r=g","contentUrl":"https:\/\/secure.gravatar.com\/avatar\/2789a4be9fbaf2edbd51a42856efec9ec9c0451d9e45eb9bec6457d099662868?s=96&r=g","caption":"RGV Business Journal Staff"},"url":"https:\/\/www.rgvbusinessjournal.com\/es\/news\/author\/rgv-business-journal-staff\/"}]}},"preview_block_count":4,"is_paywalled":true,"_links":{"self":[{"href":"https:\/\/www.rgvbusinessjournal.com\/es\/wp-json\/wp\/v2\/posts\/22473","targetHints":{"allow":["GET"]}}],"collection":[{"href":"https:\/\/www.rgvbusinessjournal.com\/es\/wp-json\/wp\/v2\/posts"}],"about":[{"href":"https:\/\/www.rgvbusinessjournal.com\/es\/wp-json\/wp\/v2\/types\/post"}],"author":[{"embeddable":true,"href":"https:\/\/www.rgvbusinessjournal.com\/es\/wp-json\/wp\/v2\/users\/53"}],"replies":[{"embeddable":true,"href":"https:\/\/www.rgvbusinessjournal.com\/es\/wp-json\/wp\/v2\/comments?post=22473"}],"version-history":[{"count":0,"href":"https:\/\/www.rgvbusinessjournal.com\/es\/wp-json\/wp\/v2\/posts\/22473\/revisions"}],"wp:featuredmedia":[{"embeddable":true,"href":"https:\/\/www.rgvbusinessjournal.com\/es\/wp-json\/wp\/v2\/media\/22474"}],"wp:attachment":[{"href":"https:\/\/www.rgvbusinessjournal.com\/es\/wp-json\/wp\/v2\/media?parent=22473"}],"wp:term":[{"taxonomy":"category","embeddable":true,"href":"https:\/\/www.rgvbusinessjournal.com\/es\/wp-json\/wp\/v2\/categories?post=22473"},{"taxonomy":"post_tag","embeddable":true,"href":"https:\/\/www.rgvbusinessjournal.com\/es\/wp-json\/wp\/v2\/tags?post=22473"}],"curies":[{"name":"wp","href":"https:\/\/api.w.org\/{rel}","templated":true}]}}