{"id":22671,"date":"2026-09-01T21:34:55","date_gmt":"2026-09-02T02:34:55","guid":{"rendered":"https:\/\/www.rgvbusinessjournal.com\/news\/01\/09\/2026\/mcallen-apuesta-por-un-nuevo-intercambio-comercial-con-un-centro-industrial-mexicano-a-medida-que-se-amplia-el-puente-fronterizo\/"},"modified":"2026-09-01T21:34:55","modified_gmt":"2026-09-02T02:34:55","slug":"mcallen-apuesta-por-un-nuevo-intercambio-comercial-con-un-centro-industrial-mexicano-a-medida-que-se-amplia-el-puente-fronterizo","status":"publish","type":"post","link":"https:\/\/www.rgvbusinessjournal.com\/es\/news\/01\/09\/2026\/mcallen-apuesta-por-un-nuevo-intercambio-comercial-con-un-centro-industrial-mexicano-a-medida-que-se-amplia-el-puente-fronterizo\/","title":{"rendered":"McAllen apuesta por un nuevo intercambio comercial con un centro industrial mexicano a medida que se ampl\u00eda el puente fronterizo"},"content":{"rendered":"<p class=\"wp-block-paragraph\">McAllen tiene la mirada puesta al sur, hacia uno de los principales centros industriales de M\u00e9xico, en busca de nuevas oportunidades de negocio, en un momento en que la ciudad pretende consolidar su relaci\u00f3n con Saltillo mediante v\u00ednculos m\u00e1s s\u00f3lidos en materia de comercio, inversi\u00f3n y cadena de suministro.<\/p><p class=\"wp-block-paragraph\">El alcalde de Saltillo, Javier D\u00edaz, visit\u00f3 McAllen el martes para asistir a la \u00abMa\u00f1ana de la diplomacia: Homenaje a la conexi\u00f3n con Coahuila\u00bb, un acto que reuni\u00f3 a funcionarios p\u00fablicos, representantes consulares y l\u00edderes empresariales del sur de Texas.<\/p><p class=\"wp-block-paragraph\">Pero, m\u00e1s all\u00e1 de la historia que comparten ambas ciudades, la conversaci\u00f3n se centr\u00f3 en lo que su relaci\u00f3n podr\u00eda suponer desde el punto de vista econ\u00f3mico.<\/p><p class=\"wp-block-paragraph\">Saltillo y la vecina Ramos Arizpe constituyen el n\u00facleo de un importante corredor industrial y automovil\u00edstico en el sureste de Coahuila, con cadenas de suministro conectadas a empresas y mercados de todo Estados Unidos. Las autoridades de McAllen ven una oportunidad para reforzar la conexi\u00f3n de su ciudad con esa base industrial, sobre todo ahora que se est\u00e1 ampliando la capacidad comercial del Puente Internacional Anzald\u00faas.<\/p>","protected":false},"excerpt":{"rendered":"<p>McAllen est\u00e1 buscando estrechar los lazos comerciales y de la cadena de suministro con Saltillo, a medida que el Puente Internacional de Anzalduas ampl\u00eda su capacidad comercial.<\/p>\n","protected":false},"author":16,"featured_media":22675,"comment_status":"","ping_status":"","sticky":false,"template":"","format":"standard","meta":{"_acf_changed":false,"post_views_count":3,"footnotes":""},"categories":[2594,2335,2433,759,1718,2530,1280,2345,816,825],"tags":[5081,1723,2605,294,3002,3332,5080,5085,2423,2440,55,441,69,2474,2627,125,5084,5086,1199],"class_list":["post-22671","post","type-post","status-publish","format-standard","has-post-thumbnail","hentry","category-comercio-internacional-es","category-estados-unidos-es","category-fabricacion-es","category-international-trade","category-logistics","category-logistics-es-es","category-manufacturing","category-mexico-es","category-mexico","category-u-s","tag-anzalduas-international-bridge-2","tag-automotive-industry","tag-automotive-industry-es-es","tag-border-trade","tag-border-trade-es-es","tag-cadenas-de-suministro-es","tag-coahuila","tag-coahuila-es-es","tag-comercio-internacional-es","tag-fabricacion-es","tag-international-trade","tag-manufacturing","tag-mcallen","tag-mcallen-es-es","tag-mexico-es","tag-mexico","tag-puente-internacional-de-anzalduas-es","tag-saltillo-es-es","tag-supply-chains"],"acf":{"is_features_post":"","is_sponser":"","hide_author":"","hide_author_biography":""},"yoast_head":"<!-- This site is optimized with the Yoast SEO Premium plugin v28.3 (Yoast SEO v28.3) - https:\/\/yoast.com\/product\/yoast-seo-premium-wordpress\/ -->\n<title>McAllen targets new trade with Saltillo manufacturing hub<\/title>\n<meta name=\"description\" content=\"McAllen is pursuing stronger trade and supply-chain ties with Saltillo as the Anzalduas International Bridge expands its commercial capacity.\" \/>\n<meta name=\"robots\" content=\"index, follow, max-snippet:-1, max-image-preview:large, max-video-preview:-1\" \/>\n<link rel=\"canonical\" href=\"https:\/\/www.rgvbusinessjournal.com\/es\/news\/01\/09\/2026\/mcallen-apuesta-por-un-nuevo-intercambio-comercial-con-un-centro-industrial-mexicano-a-medida-que-se-amplia-el-puente-fronterizo\/\" \/>\n<meta property=\"og:locale\" content=\"es_ES\" \/>\n<meta property=\"og:type\" content=\"article\" \/>\n<meta property=\"og:title\" content=\"McAllen targets new trade with Saltillo manufacturing hub as border bridge expands\" \/>\n<meta property=\"og:description\" content=\"McAllen is pursuing stronger trade and supply-chain ties with Saltillo as the Anzalduas International Bridge expands its commercial capacity.\" \/>\n<meta property=\"og:url\" content=\"https:\/\/www.rgvbusinessjournal.com\/es\/news\/01\/09\/2026\/mcallen-apuesta-por-un-nuevo-intercambio-comercial-con-un-centro-industrial-mexicano-a-medida-que-se-amplia-el-puente-fronterizo\/\" \/>\n<meta property=\"og:site_name\" content=\"Rio Grande Valley Business Journal\" \/>\n<meta property=\"article:publisher\" content=\"https:\/\/www.facebook.com\/RGVBizJournal\/\" \/>\n<meta property=\"article:published_time\" content=\"2026-09-02T02:34:55+00:00\" \/>\n<meta property=\"og:image\" content=\"https:\/\/www.rgvbusinessjournal.com\/wp-content\/uploads\/2026\/09\/CD6B16B6-F8A8-45D5-92D2-94930DFF6F85_1_201_a-scaled.jpeg\" \/>\n\t<meta property=\"og:image:width\" content=\"2560\" \/>\n\t<meta property=\"og:image:height\" content=\"1920\" \/>\n\t<meta property=\"og:image:type\" content=\"image\/jpeg\" \/>\n<meta name=\"author\" content=\"Anayancy Ulloa\" \/>\n<meta name=\"twitter:card\" content=\"summary_large_image\" \/>\n<meta name=\"twitter:title\" content=\"McAllen apuesta por un nuevo intercambio comercial con un centro industrial mexicano a medida que se ampl\u00eda el puente fronterizo\" \/>\n<meta name=\"twitter:description\" content=\"RGV Business Journal covers business news in the Rio Grande Valley of Texas and the Mexican cities of Reynosa and Matamoros.\" \/>\n<meta name=\"twitter:creator\" content=\"@RGVBizJournal\" \/>\n<meta name=\"twitter:site\" content=\"@RGVBizJournal\" \/>\n<meta name=\"twitter:label1\" content=\"Written by\" \/>\n\t<meta name=\"twitter:data1\" content=\"Anayancy Ulloa\" \/>\n\t<meta name=\"twitter:label2\" content=\"Est. reading time\" \/>\n\t<meta name=\"twitter:data2\" content=\"4 minutes\" \/>\n<script type=\"application\/ld+json\" class=\"yoast-schema-graph\">{\"@context\":\"https:\\\/\\\/schema.org\",\"@graph\":[{\"@type\":\"NewsArticle\",\"@id\":\"https:\\\/\\\/www.rgvbusinessjournal.com\\\/es\\\/news\\\/01\\\/09\\\/2026\\\/mcallen-apuesta-por-un-nuevo-intercambio-comercial-con-un-centro-industrial-mexicano-a-medida-que-se-amplia-el-puente-fronterizo\\\/#article\",\"isPartOf\":{\"@id\":\"https:\\\/\\\/www.rgvbusinessjournal.com\\\/es\\\/news\\\/01\\\/09\\\/2026\\\/mcallen-apuesta-por-un-nuevo-intercambio-comercial-con-un-centro-industrial-mexicano-a-medida-que-se-amplia-el-puente-fronterizo\\\/\"},\"author\":{\"name\":\"Anayancy Ulloa\",\"@id\":\"https:\\\/\\\/www.rgvbusinessjournal.com\\\/es\\\/#\\\/schema\\\/person\\\/6916ceff833bba09c2845843d50459ed\"},\"headline\":\"McAllen apuesta por un nuevo intercambio comercial con un centro industrial mexicano a medida que se ampl\u00eda el puente fronterizo\",\"datePublished\":\"2026-09-02T02:34:55+00:00\",\"mainEntityOfPage\":{\"@id\":\"https:\\\/\\\/www.rgvbusinessjournal.com\\\/es\\\/news\\\/01\\\/09\\\/2026\\\/mcallen-apuesta-por-un-nuevo-intercambio-comercial-con-un-centro-industrial-mexicano-a-medida-que-se-amplia-el-puente-fronterizo\\\/\"},\"wordCount\":989,\"publisher\":{\"@id\":\"https:\\\/\\\/www.rgvbusinessjournal.com\\\/es\\\/#organization\"},\"image\":{\"@id\":\"https:\\\/\\\/www.rgvbusinessjournal.com\\\/es\\\/news\\\/01\\\/09\\\/2026\\\/mcallen-apuesta-por-un-nuevo-intercambio-comercial-con-un-centro-industrial-mexicano-a-medida-que-se-amplia-el-puente-fronterizo\\\/#primaryimage\"},\"thumbnailUrl\":\"https:\\\/\\\/www.rgvbusinessjournal.com\\\/wp-content\\\/uploads\\\/2026\\\/09\\\/CD6B16B6-F8A8-45D5-92D2-94930DFF6F85_1_201_a-scaled.jpeg\",\"keywords\":[\"Anzald\u00faas International Bridge\",\"automotive industry\",\"automotive industry (ES)\",\"border trade\",\"border trade (ES)\",\"cadenas de suministro\",\"Coahuila\",\"Coahuila (ES)\",\"Comercio internacional\",\"fabricaci\u00f3n\",\"International Trade\",\"manufacturing\",\"McAllen\",\"McAllen (ES)\",\"M\u00e9xico\",\"Mexico\",\"Puente Internacional de Anzald\u00faas\",\"Saltillo (ES)\",\"supply chains\"],\"articleSection\":[\"Comercio internacional\",\"Estados Unidos\",\"Fabricaci\u00f3n\",\"International trade\",\"Logistics\",\"Logistics (ES)\",\"Manufacturing\",\"M\u00e9xico\",\"Mexico\",\"U.S.\"],\"inLanguage\":\"es-ES\"},{\"@type\":\"WebPage\",\"@id\":\"https:\\\/\\\/www.rgvbusinessjournal.com\\\/es\\\/news\\\/01\\\/09\\\/2026\\\/mcallen-apuesta-por-un-nuevo-intercambio-comercial-con-un-centro-industrial-mexicano-a-medida-que-se-amplia-el-puente-fronterizo\\\/\",\"url\":\"https:\\\/\\\/www.rgvbusinessjournal.com\\\/es\\\/news\\\/01\\\/09\\\/2026\\\/mcallen-apuesta-por-un-nuevo-intercambio-comercial-con-un-centro-industrial-mexicano-a-medida-que-se-amplia-el-puente-fronterizo\\\/\",\"name\":\"McAllen targets new trade with Saltillo manufacturing hub\",\"isPartOf\":{\"@id\":\"https:\\\/\\\/www.rgvbusinessjournal.com\\\/es\\\/#website\"},\"primaryImageOfPage\":{\"@id\":\"https:\\\/\\\/www.rgvbusinessjournal.com\\\/es\\\/news\\\/01\\\/09\\\/2026\\\/mcallen-apuesta-por-un-nuevo-intercambio-comercial-con-un-centro-industrial-mexicano-a-medida-que-se-amplia-el-puente-fronterizo\\\/#primaryimage\"},\"image\":{\"@id\":\"https:\\\/\\\/www.rgvbusinessjournal.com\\\/es\\\/news\\\/01\\\/09\\\/2026\\\/mcallen-apuesta-por-un-nuevo-intercambio-comercial-con-un-centro-industrial-mexicano-a-medida-que-se-amplia-el-puente-fronterizo\\\/#primaryimage\"},\"thumbnailUrl\":\"https:\\\/\\\/www.rgvbusinessjournal.com\\\/wp-content\\\/uploads\\\/2026\\\/09\\\/CD6B16B6-F8A8-45D5-92D2-94930DFF6F85_1_201_a-scaled.jpeg\",\"datePublished\":\"2026-09-02T02:34:55+00:00\",\"description\":\"McAllen is pursuing stronger trade and supply-chain ties with Saltillo as the Anzalduas International Bridge expands its commercial capacity.\",\"breadcrumb\":{\"@id\":\"https:\\\/\\\/www.rgvbusinessjournal.com\\\/es\\\/news\\\/01\\\/09\\\/2026\\\/mcallen-apuesta-por-un-nuevo-intercambio-comercial-con-un-centro-industrial-mexicano-a-medida-que-se-amplia-el-puente-fronterizo\\\/#breadcrumb\"},\"inLanguage\":\"es-ES\",\"potentialAction\":[{\"@type\":\"ReadAction\",\"target\":[\"https:\\\/\\\/www.rgvbusinessjournal.com\\\/es\\\/news\\\/01\\\/09\\\/2026\\\/mcallen-apuesta-por-un-nuevo-intercambio-comercial-con-un-centro-industrial-mexicano-a-medida-que-se-amplia-el-puente-fronterizo\\\/\"]}]},{\"@type\":\"ImageObject\",\"inLanguage\":\"es-ES\",\"@id\":\"https:\\\/\\\/www.rgvbusinessjournal.com\\\/es\\\/news\\\/01\\\/09\\\/2026\\\/mcallen-apuesta-por-un-nuevo-intercambio-comercial-con-un-centro-industrial-mexicano-a-medida-que-se-amplia-el-puente-fronterizo\\\/#primaryimage\",\"url\":\"https:\\\/\\\/www.rgvbusinessjournal.com\\\/wp-content\\\/uploads\\\/2026\\\/09\\\/CD6B16B6-F8A8-45D5-92D2-94930DFF6F85_1_201_a-scaled.jpeg\",\"contentUrl\":\"https:\\\/\\\/www.rgvbusinessjournal.com\\\/wp-content\\\/uploads\\\/2026\\\/09\\\/CD6B16B6-F8A8-45D5-92D2-94930DFF6F85_1_201_a-scaled.jpeg\",\"width\":2560,\"height\":1920,\"caption\":\"El alcalde de McAllen, Javier Villalobos (a la izquierda), saluda al alcalde de Saltillo, Javier D\u00edaz, mientras la directora de Relaciones Internacionales de McAllen, Daniela Plata, observa la escena durante el acto \u00abMa\u00f1ana de la diplomacia: homenaje a los v\u00ednculos con Coahuila\u00bb. Cr\u00e9dito de la foto | Anayancy Ulloa\"},{\"@type\":\"BreadcrumbList\",\"@id\":\"https:\\\/\\\/www.rgvbusinessjournal.com\\\/es\\\/news\\\/01\\\/09\\\/2026\\\/mcallen-apuesta-por-un-nuevo-intercambio-comercial-con-un-centro-industrial-mexicano-a-medida-que-se-amplia-el-puente-fronterizo\\\/#breadcrumb\",\"itemListElement\":[{\"@type\":\"ListItem\",\"position\":1,\"name\":\"Home\",\"item\":\"https:\\\/\\\/www.rgvbusinessjournal.com\\\/es\\\/inicio\\\/\"},{\"@type\":\"ListItem\",\"position\":2,\"name\":\"McAllen apuesta por un nuevo intercambio comercial con un centro industrial mexicano a medida que se ampl\u00eda el puente fronterizo\"}]},{\"@type\":\"WebSite\",\"@id\":\"https:\\\/\\\/www.rgvbusinessjournal.com\\\/es\\\/#website\",\"url\":\"https:\\\/\\\/www.rgvbusinessjournal.com\\\/es\\\/\",\"name\":\"Rio Grande Valley Business Journal\",\"description\":\"\",\"publisher\":{\"@id\":\"https:\\\/\\\/www.rgvbusinessjournal.com\\\/es\\\/#organization\"},\"potentialAction\":[{\"@type\":\"SearchAction\",\"target\":{\"@type\":\"EntryPoint\",\"urlTemplate\":\"https:\\\/\\\/www.rgvbusinessjournal.com\\\/es\\\/?s={search_term_string}\"},\"query-input\":{\"@type\":\"PropertyValueSpecification\",\"valueRequired\":true,\"valueName\":\"search_term_string\"}}],\"inLanguage\":\"es-ES\"},{\"@type\":\"Organization\",\"@id\":\"https:\\\/\\\/www.rgvbusinessjournal.com\\\/es\\\/#organization\",\"name\":\"Rio Grande Valley Business Journal\",\"alternateName\":\"RGV Business Journal\",\"url\":\"https:\\\/\\\/www.rgvbusinessjournal.com\\\/es\\\/\",\"logo\":{\"@type\":\"ImageObject\",\"inLanguage\":\"es-ES\",\"@id\":\"https:\\\/\\\/www.rgvbusinessjournal.com\\\/es\\\/#\\\/schema\\\/logo\\\/image\\\/\",\"url\":\"https:\\\/\\\/www.rgvbusinessjournal.com\\\/wp-content\\\/uploads\\\/2026\\\/01\\\/535504352_122102206586984207_2702720257970470495_n.jpg\",\"contentUrl\":\"https:\\\/\\\/www.rgvbusinessjournal.com\\\/wp-content\\\/uploads\\\/2026\\\/01\\\/535504352_122102206586984207_2702720257970470495_n.jpg\",\"width\":1000,\"height\":1000,\"caption\":\"Rio Grande Valley Business Journal\"},\"image\":{\"@id\":\"https:\\\/\\\/www.rgvbusinessjournal.com\\\/es\\\/#\\\/schema\\\/logo\\\/image\\\/\"},\"sameAs\":[\"https:\\\/\\\/www.facebook.com\\\/RGVBizJournal\\\/\",\"https:\\\/\\\/x.com\\\/RGVBizJournal\",\"https:\\\/\\\/www.linkedin.com\\\/company\\\/rio-grande-valley-business-journal\\\/\",\"https:\\\/\\\/www.youtube.com\\\/@RGVBizJournal\",\"https:\\\/\\\/www.instagram.com\\\/rgvbiznews\\\/\",\"https:\\\/\\\/www.tiktok.com\\\/@rgvbizjournal\"],\"description\":\"The Rio Grande Valley Business Journal is a digital-first newsroom focused on business, economic trends, real estate, healthcare, and regional developments in South Texas (Cameron, Hidalgo, Starr, and Willacy counties) and nearby Mexican industrial cities like Reynosa and Matamoros. It provides impartial reporting, data analyses, and insights for decision-makers in a fast-growing binational corridor home to nearly three million people and billions in annual trade.\",\"naics\":\"511110\"},{\"@type\":\"Person\",\"@id\":\"https:\\\/\\\/www.rgvbusinessjournal.com\\\/es\\\/#\\\/schema\\\/person\\\/6916ceff833bba09c2845843d50459ed\",\"name\":\"Anayancy Ulloa\",\"image\":{\"@type\":\"ImageObject\",\"inLanguage\":\"es-ES\",\"@id\":\"https:\\\/\\\/secure.gravatar.com\\\/avatar\\\/9f6b255f9a7692cc73d7506de1b4cbe5ccca3c8da92ccf31e82be50d3df58ec0?s=96&r=g\",\"url\":\"https:\\\/\\\/secure.gravatar.com\\\/avatar\\\/9f6b255f9a7692cc73d7506de1b4cbe5ccca3c8da92ccf31e82be50d3df58ec0?s=96&r=g\",\"contentUrl\":\"https:\\\/\\\/secure.gravatar.com\\\/avatar\\\/9f6b255f9a7692cc73d7506de1b4cbe5ccca3c8da92ccf31e82be50d3df58ec0?s=96&r=g\",\"caption\":\"Anayancy Ulloa\"},\"url\":\"https:\\\/\\\/www.rgvbusinessjournal.com\\\/es\\\/news\\\/author\\\/anayancy-ulloa\\\/\"}]}<\/script>\n<!-- \/ Yoast SEO Premium plugin. -->","yoast_head_json":{"title":"McAllen targets new trade with Saltillo manufacturing hub","description":"McAllen is pursuing stronger trade and supply-chain ties with Saltillo as the Anzalduas International Bridge expands its commercial capacity.","robots":{"index":"index","follow":"follow","max-snippet":"max-snippet:-1","max-image-preview":"max-image-preview:large","max-video-preview":"max-video-preview:-1"},"canonical":"https:\/\/www.rgvbusinessjournal.com\/es\/news\/01\/09\/2026\/mcallen-apuesta-por-un-nuevo-intercambio-comercial-con-un-centro-industrial-mexicano-a-medida-que-se-amplia-el-puente-fronterizo\/","og_locale":"es_ES","og_type":"article","og_title":"McAllen targets new trade with Saltillo manufacturing hub as border bridge expands","og_description":"McAllen is pursuing stronger trade and supply-chain ties with Saltillo as the Anzalduas International Bridge expands its commercial capacity.","og_url":"https:\/\/www.rgvbusinessjournal.com\/es\/news\/01\/09\/2026\/mcallen-apuesta-por-un-nuevo-intercambio-comercial-con-un-centro-industrial-mexicano-a-medida-que-se-amplia-el-puente-fronterizo\/","og_site_name":"Rio Grande Valley Business Journal","article_publisher":"https:\/\/www.facebook.com\/RGVBizJournal\/","article_published_time":"2026-09-02T02:34:55+00:00","og_image":[{"width":2560,"height":1920,"url":"https:\/\/www.rgvbusinessjournal.com\/wp-content\/uploads\/2026\/09\/CD6B16B6-F8A8-45D5-92D2-94930DFF6F85_1_201_a-scaled.jpeg","type":"image\/jpeg"}],"author":"Anayancy Ulloa","twitter_card":"summary_large_image","twitter_title":"McAllen apuesta por un nuevo intercambio comercial con un centro industrial mexicano a medida que se ampl\u00eda el puente fronterizo","twitter_description":"RGV Business Journal covers business news in the Rio Grande Valley of Texas and the Mexican cities of Reynosa and Matamoros.","twitter_creator":"@RGVBizJournal","twitter_site":"@RGVBizJournal","twitter_misc":{"Written by":"Anayancy Ulloa","Est. reading time":"4 minutes"},"schema":{"@context":"https:\/\/schema.org","@graph":[{"@type":"NewsArticle","@id":"https:\/\/www.rgvbusinessjournal.com\/es\/news\/01\/09\/2026\/mcallen-apuesta-por-un-nuevo-intercambio-comercial-con-un-centro-industrial-mexicano-a-medida-que-se-amplia-el-puente-fronterizo\/#article","isPartOf":{"@id":"https:\/\/www.rgvbusinessjournal.com\/es\/news\/01\/09\/2026\/mcallen-apuesta-por-un-nuevo-intercambio-comercial-con-un-centro-industrial-mexicano-a-medida-que-se-amplia-el-puente-fronterizo\/"},"author":{"name":"Anayancy Ulloa","@id":"https:\/\/www.rgvbusinessjournal.com\/es\/#\/schema\/person\/6916ceff833bba09c2845843d50459ed"},"headline":"McAllen apuesta por un nuevo intercambio comercial con un centro industrial mexicano a medida que se ampl\u00eda el puente fronterizo","datePublished":"2026-09-02T02:34:55+00:00","mainEntityOfPage":{"@id":"https:\/\/www.rgvbusinessjournal.com\/es\/news\/01\/09\/2026\/mcallen-apuesta-por-un-nuevo-intercambio-comercial-con-un-centro-industrial-mexicano-a-medida-que-se-amplia-el-puente-fronterizo\/"},"wordCount":989,"publisher":{"@id":"https:\/\/www.rgvbusinessjournal.com\/es\/#organization"},"image":{"@id":"https:\/\/www.rgvbusinessjournal.com\/es\/news\/01\/09\/2026\/mcallen-apuesta-por-un-nuevo-intercambio-comercial-con-un-centro-industrial-mexicano-a-medida-que-se-amplia-el-puente-fronterizo\/#primaryimage"},"thumbnailUrl":"https:\/\/www.rgvbusinessjournal.com\/wp-content\/uploads\/2026\/09\/CD6B16B6-F8A8-45D5-92D2-94930DFF6F85_1_201_a-scaled.jpeg","keywords":["Anzald\u00faas International Bridge","automotive industry","automotive industry (ES)","border trade","border trade (ES)","cadenas de suministro","Coahuila","Coahuila (ES)","Comercio internacional","fabricaci\u00f3n","International Trade","manufacturing","McAllen","McAllen (ES)","M\u00e9xico","Mexico","Puente Internacional de Anzald\u00faas","Saltillo (ES)","supply chains"],"articleSection":["Comercio internacional","Estados Unidos","Fabricaci\u00f3n","International trade","Logistics","Logistics (ES)","Manufacturing","M\u00e9xico","Mexico","U.S."],"inLanguage":"es-ES"},{"@type":"WebPage","@id":"https:\/\/www.rgvbusinessjournal.com\/es\/news\/01\/09\/2026\/mcallen-apuesta-por-un-nuevo-intercambio-comercial-con-un-centro-industrial-mexicano-a-medida-que-se-amplia-el-puente-fronterizo\/","url":"https:\/\/www.rgvbusinessjournal.com\/es\/news\/01\/09\/2026\/mcallen-apuesta-por-un-nuevo-intercambio-comercial-con-un-centro-industrial-mexicano-a-medida-que-se-amplia-el-puente-fronterizo\/","name":"McAllen targets new trade with Saltillo manufacturing hub","isPartOf":{"@id":"https:\/\/www.rgvbusinessjournal.com\/es\/#website"},"primaryImageOfPage":{"@id":"https:\/\/www.rgvbusinessjournal.com\/es\/news\/01\/09\/2026\/mcallen-apuesta-por-un-nuevo-intercambio-comercial-con-un-centro-industrial-mexicano-a-medida-que-se-amplia-el-puente-fronterizo\/#primaryimage"},"image":{"@id":"https:\/\/www.rgvbusinessjournal.com\/es\/news\/01\/09\/2026\/mcallen-apuesta-por-un-nuevo-intercambio-comercial-con-un-centro-industrial-mexicano-a-medida-que-se-amplia-el-puente-fronterizo\/#primaryimage"},"thumbnailUrl":"https:\/\/www.rgvbusinessjournal.com\/wp-content\/uploads\/2026\/09\/CD6B16B6-F8A8-45D5-92D2-94930DFF6F85_1_201_a-scaled.jpeg","datePublished":"2026-09-02T02:34:55+00:00","description":"McAllen is pursuing stronger trade and supply-chain ties with Saltillo as the Anzalduas International Bridge expands its commercial capacity.","breadcrumb":{"@id":"https:\/\/www.rgvbusinessjournal.com\/es\/news\/01\/09\/2026\/mcallen-apuesta-por-un-nuevo-intercambio-comercial-con-un-centro-industrial-mexicano-a-medida-que-se-amplia-el-puente-fronterizo\/#breadcrumb"},"inLanguage":"es-ES","potentialAction":[{"@type":"ReadAction","target":["https:\/\/www.rgvbusinessjournal.com\/es\/news\/01\/09\/2026\/mcallen-apuesta-por-un-nuevo-intercambio-comercial-con-un-centro-industrial-mexicano-a-medida-que-se-amplia-el-puente-fronterizo\/"]}]},{"@type":"ImageObject","inLanguage":"es-ES","@id":"https:\/\/www.rgvbusinessjournal.com\/es\/news\/01\/09\/2026\/mcallen-apuesta-por-un-nuevo-intercambio-comercial-con-un-centro-industrial-mexicano-a-medida-que-se-amplia-el-puente-fronterizo\/#primaryimage","url":"https:\/\/www.rgvbusinessjournal.com\/wp-content\/uploads\/2026\/09\/CD6B16B6-F8A8-45D5-92D2-94930DFF6F85_1_201_a-scaled.jpeg","contentUrl":"https:\/\/www.rgvbusinessjournal.com\/wp-content\/uploads\/2026\/09\/CD6B16B6-F8A8-45D5-92D2-94930DFF6F85_1_201_a-scaled.jpeg","width":2560,"height":1920,"caption":"El alcalde de McAllen, Javier Villalobos (a la izquierda), saluda al alcalde de Saltillo, Javier D\u00edaz, mientras la directora de Relaciones Internacionales de McAllen, Daniela Plata, observa la escena durante el acto \u00abMa\u00f1ana de la diplomacia: homenaje a los v\u00ednculos con Coahuila\u00bb. Cr\u00e9dito de la foto | Anayancy Ulloa"},{"@type":"BreadcrumbList","@id":"https:\/\/www.rgvbusinessjournal.com\/es\/news\/01\/09\/2026\/mcallen-apuesta-por-un-nuevo-intercambio-comercial-con-un-centro-industrial-mexicano-a-medida-que-se-amplia-el-puente-fronterizo\/#breadcrumb","itemListElement":[{"@type":"ListItem","position":1,"name":"Home","item":"https:\/\/www.rgvbusinessjournal.com\/es\/inicio\/"},{"@type":"ListItem","position":2,"name":"McAllen apuesta por un nuevo intercambio comercial con un centro industrial mexicano a medida que se ampl\u00eda el puente fronterizo"}]},{"@type":"WebSite","@id":"https:\/\/www.rgvbusinessjournal.com\/es\/#website","url":"https:\/\/www.rgvbusinessjournal.com\/es\/","name":"Rio Grande Valley Business Journal","description":"","publisher":{"@id":"https:\/\/www.rgvbusinessjournal.com\/es\/#organization"},"potentialAction":[{"@type":"SearchAction","target":{"@type":"EntryPoint","urlTemplate":"https:\/\/www.rgvbusinessjournal.com\/es\/?s={search_term_string}"},"query-input":{"@type":"PropertyValueSpecification","valueRequired":true,"valueName":"search_term_string"}}],"inLanguage":"es-ES"},{"@type":"Organization","@id":"https:\/\/www.rgvbusinessjournal.com\/es\/#organization","name":"Rio Grande Valley Business Journal","alternateName":"RGV Business Journal","url":"https:\/\/www.rgvbusinessjournal.com\/es\/","logo":{"@type":"ImageObject","inLanguage":"es-ES","@id":"https:\/\/www.rgvbusinessjournal.com\/es\/#\/schema\/logo\/image\/","url":"https:\/\/www.rgvbusinessjournal.com\/wp-content\/uploads\/2026\/01\/535504352_122102206586984207_2702720257970470495_n.jpg","contentUrl":"https:\/\/www.rgvbusinessjournal.com\/wp-content\/uploads\/2026\/01\/535504352_122102206586984207_2702720257970470495_n.jpg","width":1000,"height":1000,"caption":"Rio Grande Valley Business Journal"},"image":{"@id":"https:\/\/www.rgvbusinessjournal.com\/es\/#\/schema\/logo\/image\/"},"sameAs":["https:\/\/www.facebook.com\/RGVBizJournal\/","https:\/\/x.com\/RGVBizJournal","https:\/\/www.linkedin.com\/company\/rio-grande-valley-business-journal\/","https:\/\/www.youtube.com\/@RGVBizJournal","https:\/\/www.instagram.com\/rgvbiznews\/","https:\/\/www.tiktok.com\/@rgvbizjournal"],"description":"The Rio Grande Valley Business Journal is a digital-first newsroom focused on business, economic trends, real estate, healthcare, and regional developments in South Texas (Cameron, Hidalgo, Starr, and Willacy counties) and nearby Mexican industrial cities like Reynosa and Matamoros. It provides impartial reporting, data analyses, and insights for decision-makers in a fast-growing binational corridor home to nearly three million people and billions in annual trade.","naics":"511110"},{"@type":"Person","@id":"https:\/\/www.rgvbusinessjournal.com\/es\/#\/schema\/person\/6916ceff833bba09c2845843d50459ed","name":"Anayancy Ulloa","image":{"@type":"ImageObject","inLanguage":"es-ES","@id":"https:\/\/secure.gravatar.com\/avatar\/9f6b255f9a7692cc73d7506de1b4cbe5ccca3c8da92ccf31e82be50d3df58ec0?s=96&r=g","url":"https:\/\/secure.gravatar.com\/avatar\/9f6b255f9a7692cc73d7506de1b4cbe5ccca3c8da92ccf31e82be50d3df58ec0?s=96&r=g","contentUrl":"https:\/\/secure.gravatar.com\/avatar\/9f6b255f9a7692cc73d7506de1b4cbe5ccca3c8da92ccf31e82be50d3df58ec0?s=96&r=g","caption":"Anayancy Ulloa"},"url":"https:\/\/www.rgvbusinessjournal.com\/es\/news\/author\/anayancy-ulloa\/"}]}},"preview_block_count":4,"is_paywalled":true,"_links":{"self":[{"href":"https:\/\/www.rgvbusinessjournal.com\/es\/wp-json\/wp\/v2\/posts\/22671","targetHints":{"allow":["GET"]}}],"collection":[{"href":"https:\/\/www.rgvbusinessjournal.com\/es\/wp-json\/wp\/v2\/posts"}],"about":[{"href":"https:\/\/www.rgvbusinessjournal.com\/es\/wp-json\/wp\/v2\/types\/post"}],"author":[{"embeddable":true,"href":"https:\/\/www.rgvbusinessjournal.com\/es\/wp-json\/wp\/v2\/users\/16"}],"replies":[{"embeddable":true,"href":"https:\/\/www.rgvbusinessjournal.com\/es\/wp-json\/wp\/v2\/comments?post=22671"}],"version-history":[{"count":0,"href":"https:\/\/www.rgvbusinessjournal.com\/es\/wp-json\/wp\/v2\/posts\/22671\/revisions"}],"wp:featuredmedia":[{"embeddable":true,"href":"https:\/\/www.rgvbusinessjournal.com\/es\/wp-json\/wp\/v2\/media\/22675"}],"wp:attachment":[{"href":"https:\/\/www.rgvbusinessjournal.com\/es\/wp-json\/wp\/v2\/media?parent=22671"}],"wp:term":[{"taxonomy":"category","embeddable":true,"href":"https:\/\/www.rgvbusinessjournal.com\/es\/wp-json\/wp\/v2\/categories?post=22671"},{"taxonomy":"post_tag","embeddable":true,"href":"https:\/\/www.rgvbusinessjournal.com\/es\/wp-json\/wp\/v2\/tags?post=22671"}],"curies":[{"name":"wp","href":"https:\/\/api.w.org\/{rel}","templated":true}]}}